{"id":19331,"date":"2015-01-15T08:28:56","date_gmt":"2015-01-15T07:28:56","guid":{"rendered":"http:\/\/www.invarena.cz\/?p=19331"},"modified":"2015-01-15T08:28:56","modified_gmt":"2015-01-15T07:28:56","slug":"co-budou-hrat-ve-svandove-divadle-pro-neslysici","status":"publish","type":"post","link":"https:\/\/www.invarena.cz\/?p=19331","title":{"rendered":"Co budou hr\u00e1t ve \u0160vandov\u011b divadle pro nesly\u0161\u00edc\u00ed?"},"content":{"rendered":"<p><strong>Divadeln\u00ed p\u0159edstaven\u00ed ve \u0160vandov\u011b divadle si u\u017eij\u00ed tak\u00e9 nesly\u0161\u00edc\u00ed. Od konce ledna budou vybran\u00e1 p\u0159edstaven\u00ed doprov\u00e1zet \u010desk\u00e9 titulky. Specifick\u00e9 budou t\u00edm, \u017ee nesly\u0161\u00edc\u00ed informuj\u00ed nejen o dialogu, ale tak\u00e9 o emoc\u00edch herc\u016f.<\/strong><!--more--><\/p>\n<p>Novinka se bude t\u00fdkat v\u017edy jednoho p\u0159edstaven\u00ed v m\u011bs\u00edci. U\u017e 26. ledna to bude komedie Kdo je tady \u0159editel s Michalem Dlouh\u00fdm v hlavn\u00ed roli.<\/p>\n<p>N\u00e1sledovat bude Krakatit, Hamlet anebo Kurz negativn\u00edho my\u0161len\u00ed.<\/p>\n<p>Prom\u00edt\u00e1n\u00ed titulk\u016f nab\u00edz\u00ed tak\u00e9 \u0159ada dal\u0161\u00edch pra\u017esk\u00fdch sc\u00e9n.<\/p>\n<p>\u0160vandovo divadlo je ale jako jedin\u00e9 nab\u00eddne v \u010de\u0161tin\u011b a s popisem emoc\u00ed.<\/p>\n<p>\u010cesk\u00fd rozhlas<\/p>\n","protected":false},"excerpt":{"rendered":"<div class=\"mh-excerpt\"><p>Divadeln\u00ed p\u0159edstaven\u00ed ve \u0160vandov\u011b divadle si u\u017eij\u00ed tak\u00e9 nesly\u0161\u00edc\u00ed. Od konce ledna budou vybran\u00e1 p\u0159edstaven\u00ed doprov\u00e1zet \u010desk\u00e9 titulky. Specifick\u00e9 budou t\u00edm, \u017ee nesly\u0161\u00edc\u00ed informuj\u00ed nejen <a class=\"mh-excerpt-more\" href=\"https:\/\/www.invarena.cz\/?p=19331\" title=\"Co budou hr\u00e1t ve \u0160vandov\u011b divadle pro nesly\u0161\u00edc\u00ed?\">[&#8230;]<\/a><\/p>\n<\/div>","protected":false},"author":1,"featured_media":0,"comment_status":"open","ping_status":"closed","sticky":false,"template":"","format":"standard","meta":{"footnotes":""},"categories":[9],"tags":[],"class_list":["post-19331","post","type-post","status-publish","format-standard","hentry","category-zpravy"],"_links":{"self":[{"href":"https:\/\/www.invarena.cz\/index.php?rest_route=\/wp\/v2\/posts\/19331","targetHints":{"allow":["GET"]}}],"collection":[{"href":"https:\/\/www.invarena.cz\/index.php?rest_route=\/wp\/v2\/posts"}],"about":[{"href":"https:\/\/www.invarena.cz\/index.php?rest_route=\/wp\/v2\/types\/post"}],"author":[{"embeddable":true,"href":"https:\/\/www.invarena.cz\/index.php?rest_route=\/wp\/v2\/users\/1"}],"replies":[{"embeddable":true,"href":"https:\/\/www.invarena.cz\/index.php?rest_route=%2Fwp%2Fv2%2Fcomments&post=19331"}],"version-history":[{"count":0,"href":"https:\/\/www.invarena.cz\/index.php?rest_route=\/wp\/v2\/posts\/19331\/revisions"}],"wp:attachment":[{"href":"https:\/\/www.invarena.cz\/index.php?rest_route=%2Fwp%2Fv2%2Fmedia&parent=19331"}],"wp:term":[{"taxonomy":"category","embeddable":true,"href":"https:\/\/www.invarena.cz\/index.php?rest_route=%2Fwp%2Fv2%2Fcategories&post=19331"},{"taxonomy":"post_tag","embeddable":true,"href":"https:\/\/www.invarena.cz\/index.php?rest_route=%2Fwp%2Fv2%2Ftags&post=19331"}],"curies":[{"name":"wp","href":"https:\/\/api.w.org\/{rel}","templated":true}]}}