{"id":19333,"date":"2015-01-15T01:25:29","date_gmt":"2015-01-15T00:25:29","guid":{"rendered":"http:\/\/www.invarena.cz\/?p=19333"},"modified":"2015-01-16T10:43:14","modified_gmt":"2015-01-16T09:43:14","slug":"nove-bydleni-pro-postizene","status":"publish","type":"post","link":"https:\/\/www.invarena.cz\/?p=19333","title":{"rendered":"Nov\u00e9 bydlen\u00ed pro posti\u017een\u00e9 z Vincentina"},"content":{"rendered":"<p><strong>Nov\u00e9 d\u016fstojn\u011bj\u0161\u00ed bydlen\u00ed pro lidi s ment\u00e1ln\u00edm a t\u011blesn\u00fdm posti\u017een\u00edm. 42 klient\u016f Vincentina \u0160ternberk, kter\u00e9 pat\u0159\u00ed mezi nejv\u011bt\u0161\u00ed poskytovatele soci\u00e1ln\u00edch slu\u017eeb v Olomouck\u00e9m kraji, se p\u0159est\u011bhovalo do nov\u00fdch dom\u00e1cnost\u00ed. Ty maj\u00ed b\u00fdt co nejv\u00edce podobn\u00e9 t\u011bm, v jak\u00fdch \u017eij\u00ed i zdrav\u00ed lid\u00e9.<\/strong><!--more--><\/p>\n<p><em><strong>\u010cesk\u00e1 televize<\/strong><\/em><\/p>\n<p>ilustra\u010dn\u00ed foto: Malingering \/ Flickr.com<\/p>\n<p>V \u017eivot\u011b to nikdy nem\u011bla jednoduch\u00e9. Od sv\u00fdch 3 let bydlela pan\u00ed So\u0148a v \u00fastavu v b\u00fdval\u00e9m kl\u00e1\u0161te\u0159e ve \u0160ternberku. Letos oslav\u00ed 70. narozeniny a jako d\u00e1rek dostala nov\u00fd domov. Odch\u00e1zelo se j\u00ed ale t\u011b\u017eko.<\/p>\n<p>So\u0148a, klientka Vincentina: Jsem m\u011bla strach, ale to u\u017e je dobr\u00fd. M\u011bla jsem opravdu strach. U\u017e nem\u00e1m se \u010deho b\u00e1t, proto\u017ee v\u00edm, \u017ee je to tady dobr\u00e9.<br \/>\nKrom\u011b Soni bydl\u00ed u\u017e t\u00fdden v nov\u00e9m tak\u00e9 Jaroslav. A s nimi dal\u0161\u00edch 40 klient\u016f Vincentina. Nov\u00fd domov na\u0161li na jin\u00e9m m\u00edst\u011b ve \u0160ternberku, v nedalek\u00fdch Lu\u017eic\u00edch nebo v Uni\u010dov\u011b.<\/p>\n<p>Jaroslav, klient Vincentina:\u00a0 P\u0159ijdou kluci, posed\u00ed tady, povykl\u00e1d\u00e1me. A pod\u00edv\u00e1me se na televizi, nebo holky sem p\u0159ijdou.<\/p>\n<p>Lenka DVO\u0158\u00c1\u010cKOV\u00c1, vedouc\u00ed domov\u016f pro osoby se zdravotn\u00edm posti\u017een\u00edm v Uni\u010dov\u011b: Mus\u00edm \u0159\u00edct, \u017ee opravdu jsou v\u0161ichni spokojen\u00ed a sm\u011bjou se, jde to vid\u011bt, \u017ee opravdu se jim da\u0159\u00ed dob\u0159e.<\/p>\n<p>Jaroslav, klient Vincentina:\u00a0\u00a0 Tady je to lep\u0161\u00ed, tady se m\u016f\u017eu dostat i ven. Jenom m\u00edt lep\u0161\u00ed to vozidlo, \u017ee, ten ko\u010d\u00e1r.<br \/>\nD\u00edky p\u0159est\u011bhov\u00e1n\u00ed \u017eij\u00ed handicapovan\u00ed lid\u00e9 v \u0161esti\u010dlenn\u00fdch dom\u00e1cnostech, kter\u00e9 maj\u00ed na starost zam\u011bstnanci Vincentina. Ti se jim te\u010f mohou v\u011bnovat mnohem v\u00edce ne\u017e v minulosti. Celkov\u00e9 n\u00e1klady na vybudov\u00e1n\u00ed 5 nov\u00fdch dom\u016f dos\u00e1hly bezm\u00e1la 52 milion\u016f korun.<\/p>\n<p>Karel RYJ\u00c1\u010cEK, \u0159editel Vincentina \u0160ternberk:\u00a0 C\u00edlem bylo poskytnout bydlen\u00ed, kter\u00e9 je podobn\u00e9 b\u011b\u017en\u00e9mu bydlen\u00ed vrstevn\u00edk\u016f t\u011bch na\u0161ich u\u017eivatel\u016f, \u010dili b\u011b\u017en\u00e9 dom\u00e1cnosti.<\/p>\n<p>Lenka DVO\u0158\u00c1\u010cKOV\u00c1:\u00a0 Jim to nab\u00edz\u00ed nov\u00e9 p\u0159\u00e1telstv\u00ed, pozn\u00e1n\u00ed nov\u00fdch lid\u00ed, dostanou se v\u00edc do spole\u010dnosti. Mysl\u00edm si, \u017ee je to velk\u00e1 v\u00fdzva pro pracovn\u00edky, je to v\u00fdzva k samostatnosti.<\/p>\n<p>Nov\u00e9 bydlen\u00ed je zaj\u00edmav\u00e9 i z architektonick\u00e9ho pohledu, a t\u0159eba v l\u00e9t\u011b nebo na ja\u0159e se z t\u00e9to d\u0159ev\u011bn\u00e9 terasy dostanou klienti a\u017e na zahradu.<\/p>\n","protected":false},"excerpt":{"rendered":"<div class=\"mh-excerpt\"><p>Nov\u00e9 d\u016fstojn\u011bj\u0161\u00ed bydlen\u00ed pro lidi s ment\u00e1ln\u00edm a t\u011blesn\u00fdm posti\u017een\u00edm. 42 klient\u016f Vincentina \u0160ternberk, kter\u00e9 pat\u0159\u00ed mezi nejv\u011bt\u0161\u00ed poskytovatele soci\u00e1ln\u00edch slu\u017eeb v Olomouck\u00e9m kraji, se <a class=\"mh-excerpt-more\" href=\"https:\/\/www.invarena.cz\/?p=19333\" title=\"Nov\u00e9 bydlen\u00ed pro posti\u017een\u00e9 z Vincentina\">[&#8230;]<\/a><\/p>\n<\/div>","protected":false},"author":1,"featured_media":17308,"comment_status":"open","ping_status":"closed","sticky":false,"template":"","format":"standard","meta":{"footnotes":""},"categories":[9],"tags":[],"class_list":["post-19333","post","type-post","status-publish","format-standard","has-post-thumbnail","hentry","category-zpravy"],"_links":{"self":[{"href":"https:\/\/www.invarena.cz\/index.php?rest_route=\/wp\/v2\/posts\/19333","targetHints":{"allow":["GET"]}}],"collection":[{"href":"https:\/\/www.invarena.cz\/index.php?rest_route=\/wp\/v2\/posts"}],"about":[{"href":"https:\/\/www.invarena.cz\/index.php?rest_route=\/wp\/v2\/types\/post"}],"author":[{"embeddable":true,"href":"https:\/\/www.invarena.cz\/index.php?rest_route=\/wp\/v2\/users\/1"}],"replies":[{"embeddable":true,"href":"https:\/\/www.invarena.cz\/index.php?rest_route=%2Fwp%2Fv2%2Fcomments&post=19333"}],"version-history":[{"count":0,"href":"https:\/\/www.invarena.cz\/index.php?rest_route=\/wp\/v2\/posts\/19333\/revisions"}],"wp:featuredmedia":[{"embeddable":true,"href":"https:\/\/www.invarena.cz\/index.php?rest_route=\/wp\/v2\/media\/17308"}],"wp:attachment":[{"href":"https:\/\/www.invarena.cz\/index.php?rest_route=%2Fwp%2Fv2%2Fmedia&parent=19333"}],"wp:term":[{"taxonomy":"category","embeddable":true,"href":"https:\/\/www.invarena.cz\/index.php?rest_route=%2Fwp%2Fv2%2Fcategories&post=19333"},{"taxonomy":"post_tag","embeddable":true,"href":"https:\/\/www.invarena.cz\/index.php?rest_route=%2Fwp%2Fv2%2Ftags&post=19333"}],"curies":[{"name":"wp","href":"https:\/\/api.w.org\/{rel}","templated":true}]}}