{"id":19334,"date":"2015-01-15T08:15:42","date_gmt":"2015-01-15T07:15:42","guid":{"rendered":"http:\/\/www.invarena.cz\/?p=19334"},"modified":"2015-01-15T08:16:02","modified_gmt":"2015-01-15T07:16:02","slug":"stavi-se-soukrome-domovy-pro-seniory","status":"publish","type":"post","link":"https:\/\/www.invarena.cz\/?p=19334","title":{"rendered":"Stav\u00ed se dal\u0161\u00ed soukrom\u00e9 domovy pro seniory"},"content":{"rendered":"<p><strong>N\u00e1roky na domovy d\u016fchodc\u016f se neust\u00e1le zvy\u0161uj\u00ed. D\u00e9lka \u017eivota se prodlu\u017euje, a tak p\u0159ib\u00fdv\u00e1 nejen klient\u016f, ale i t\u011bch, kte\u0159\u00ed pot\u0159ebuj\u00ed nep\u0159etr\u017eitou p\u00e9\u010di. I proto vyr\u016fstaj\u00ed nov\u00e9 modern\u00ed domovy pro seniory.<\/strong><!--more--><\/p>\n<p><em><strong>\u010cesk\u00e1 televize<\/strong><\/em><\/p>\n<p>Anna Homolkov\u00e1 \u017eije v pra\u017esk\u00e9m domov\u011b senior\u016f ji\u017e sedm let. Tehdy si zlomila nohu a pot\u0159ebovala plnou asistenci, proto se rozhodla p\u0159est\u011bhovat.<\/p>\n<p>Anna HOMOLKOV\u00c1, obyvatelka Domova pro seniory Kobylisy:\u00a0 Jsem spokojen\u00e1, sest\u0159i\u010dky se o m\u011b staraj\u00ed, naj\u00edst mn\u011b daj\u00ed.<\/p>\n<p>Tady v Praze-Kobyl\u00edch v domov\u011b pro seniory je aktu\u00e1ln\u011b dv\u011b st\u011b jeden\u00e1ct klient\u016f. Pan\u00ed Homolkov\u00e1 za ubytov\u00e1n\u00ed s ve\u0161ker\u00fdm servisem plat\u00ed m\u011bs\u00ed\u010dn\u011b zhruba dev\u011bt tis\u00edc korun. Ona i pan Luk\u00e1\u0161, kter\u00e9mu je devades\u00e1t \u010dty\u0159i let, m\u011bli \u0161t\u011bst\u00ed. Na p\u0159ijet\u00ed \u010dekali asi dva m\u011bs\u00edce.<\/p>\n<p>Josef LUK\u00c1\u0160, obyvatel Domova pro seniory Kobylisy:\u00a0\u00a0 J\u00e1 jsem dostal jednol\u016f\u017ekov\u00fd pokoj, m\u00e1m svoj\u00ed televizi.<\/p>\n<p>David POSP\u00cd\u0160IL, \u0159editel odboru soci\u00e1ln\u00edch slu\u017eeb MPSV:\u00a0\u00a0 Z praxe v\u00edme, \u017ee \u010dekac\u00ed doba se m\u016f\u017ee pohybovat od \u0161esti m\u011bs\u00edc\u016f a\u017e do dvou let.<\/p>\n<p>Iva VY\u0160ATOV\u00c1, z\u00e1stupkyn\u011b \u0159editelky Domova pro seniory Kobylisy:\u00a0\u00a0 J\u00e1 si mysl\u00edm, \u017ee v domov\u011b pro seniory m\u00edsta jsou, ale bohu\u017eel se st\u00e1v\u00e1 to, \u017ee \u017eadatel\u00e9 si pod\u00e1vaj\u00ed \u017e\u00e1dost do v\u00edcero za\u0159\u00edzen\u00edch, tak\u017ee neplat\u00ed pravidlo, jeden uchaze\u010d, jedna \u017e\u00e1dost.<\/p>\n<p>Nejv\u00edc pln\u00e9 jsou domovy pro seniory na Vyso\u010din\u011b. Naopak nejm\u00ed\u0148 vyu\u017eit\u00e9 jsou podle statistik\u016f v \u00dasteck\u00e9m kraji. I to je d\u016fvod, pro\u010d se do stavby domov\u016f v posledn\u00edch letech pou\u0161t\u011bj\u00ed i soukromn\u00edci. T\u0159eba v Hradci Kr\u00e1lov\u00e9.<\/p>\n<p>Odklepnuto, nov\u00fd soukrom\u00fd domov senior\u016f za sto t\u0159icet milion\u016f korun vyroste tady na s\u00eddli\u0161ti Moravsk\u00e9 p\u0159edm\u011bst\u00ed v Hradci Kr\u00e1lov\u00e9. Bude m\u00edt kapacitu sto pades\u00e1t l\u016f\u017eek. Investor chce kolaudovat do roka a do dne.<\/p>\n<p>Lubom\u00edr VAIS, p\u0159edseda p\u0159edstavenstva EBM, Investor:\u00a0\u00a0 Registrujeme z\u00e1jem, my jsme t\u011bsn\u011b p\u0159ed otev\u0159en\u00edm toto\u017en\u00e9ho za\u0159\u00edzen\u00ed v Hav\u00ed\u0159ov\u011b. Na\u0161\u00ed ambic\u00ed je m\u00edt pades\u00e1tiprocentn\u00ed napln\u011bnost p\u0159\u00edmo p\u0159i otev\u0159en\u00ed.<\/p>\n<p>Zat\u00edmco v domovech, kter\u00e9 t\u0159eba z\u0159izuj\u00ed kraje, klient zaplat\u00ed maxim\u00e1ln\u011b osmdes\u00e1t p\u011bt procent sv\u00e9ho d\u016fchodu, v soukrom\u00fdch \u017e\u00e1dn\u00e9 limity nejsou. Tady se m\u011bs\u00ed\u010dn\u011b platby pohybuj\u00ed nej\u010dast\u011bji od dev\u00edti do patn\u00e1cti tis\u00edc korun.<\/p>\n","protected":false},"excerpt":{"rendered":"<div class=\"mh-excerpt\"><p>N\u00e1roky na domovy d\u016fchodc\u016f se neust\u00e1le zvy\u0161uj\u00ed. D\u00e9lka \u017eivota se prodlu\u017euje, a tak p\u0159ib\u00fdv\u00e1 nejen klient\u016f, ale i t\u011bch, kte\u0159\u00ed pot\u0159ebuj\u00ed nep\u0159etr\u017eitou p\u00e9\u010di. I proto <a class=\"mh-excerpt-more\" href=\"https:\/\/www.invarena.cz\/?p=19334\" title=\"Stav\u00ed se dal\u0161\u00ed soukrom\u00e9 domovy pro seniory\">[&#8230;]<\/a><\/p>\n<\/div>","protected":false},"author":1,"featured_media":13970,"comment_status":"open","ping_status":"closed","sticky":false,"template":"","format":"standard","meta":{"footnotes":""},"categories":[7],"tags":[],"class_list":["post-19334","post","type-post","status-publish","format-standard","has-post-thumbnail","hentry","category-spolecnost"],"_links":{"self":[{"href":"https:\/\/www.invarena.cz\/index.php?rest_route=\/wp\/v2\/posts\/19334","targetHints":{"allow":["GET"]}}],"collection":[{"href":"https:\/\/www.invarena.cz\/index.php?rest_route=\/wp\/v2\/posts"}],"about":[{"href":"https:\/\/www.invarena.cz\/index.php?rest_route=\/wp\/v2\/types\/post"}],"author":[{"embeddable":true,"href":"https:\/\/www.invarena.cz\/index.php?rest_route=\/wp\/v2\/users\/1"}],"replies":[{"embeddable":true,"href":"https:\/\/www.invarena.cz\/index.php?rest_route=%2Fwp%2Fv2%2Fcomments&post=19334"}],"version-history":[{"count":0,"href":"https:\/\/www.invarena.cz\/index.php?rest_route=\/wp\/v2\/posts\/19334\/revisions"}],"wp:featuredmedia":[{"embeddable":true,"href":"https:\/\/www.invarena.cz\/index.php?rest_route=\/wp\/v2\/media\/13970"}],"wp:attachment":[{"href":"https:\/\/www.invarena.cz\/index.php?rest_route=%2Fwp%2Fv2%2Fmedia&parent=19334"}],"wp:term":[{"taxonomy":"category","embeddable":true,"href":"https:\/\/www.invarena.cz\/index.php?rest_route=%2Fwp%2Fv2%2Fcategories&post=19334"},{"taxonomy":"post_tag","embeddable":true,"href":"https:\/\/www.invarena.cz\/index.php?rest_route=%2Fwp%2Fv2%2Ftags&post=19334"}],"curies":[{"name":"wp","href":"https:\/\/api.w.org\/{rel}","templated":true}]}}