{"id":19335,"date":"2015-01-15T12:36:12","date_gmt":"2015-01-15T11:36:12","guid":{"rendered":"http:\/\/www.invarena.cz\/?p=19335"},"modified":"2015-01-15T12:45:27","modified_gmt":"2015-01-15T11:45:27","slug":"vyssi-pokuty-a-castejsi-kontroly","status":"publish","type":"post","link":"https:\/\/www.invarena.cz\/?p=19335","title":{"rendered":"Pokuty pro domovy senior\u016f se zvy\u0161uj\u00ed. \u010cast\u011bj\u0161\u00ed budou i kontroly"},"content":{"rendered":"<p><strong>Dlouh\u00e9 fronty se v \u010cesku stoj\u00ed na m\u00edsta v domovech pro seniory. Nahr\u00e1v\u00e1 to soukrom\u00fdm a neleg\u00e1ln\u00edm za\u0159\u00edzen\u00edm, kter\u00e1 poru\u0161uj\u00ed pravidla. St\u00e1t proti t\u011bmto soci\u00e1ln\u00edm domov\u016fm p\u0159itvrdil. Zv\u00fd\u0161il pokuty a \u010dast\u011bj\u0161\u00ed jsou i kontroly.<\/strong><!--more--><em><strong>\u010cesk\u00e1 televize<\/strong><\/em><\/p>\n<p><em>ilustra\u010dn\u00ed foto: PhotoRack<\/em><\/p>\n<p>St\u00e1t proti t\u011bmto soci\u00e1ln\u00edm domov\u016fm p\u0159itvrdil. Zv\u00fd\u0161il pokuty a \u010dast\u011bj\u0161\u00ed jsou i kontroly.<\/p>\n<p>Loni od krajsk\u00fdch \u00fa\u0159ad\u016f dostaly t\u0159i firmy pokuty v celkov\u00e9 v\u00fd\u0161i skoro p\u016fl milionu korun. Ministerstvo pr\u00e1ce zv\u00fd\u0161\u00ed kontroly i ve st\u00e1tn\u00edch za\u0159\u00edzen\u00edch. Vypl\u00fdv\u00e1 to z novely z\u00e1kona o soci\u00e1ln\u00edch slu\u017eb\u00e1ch, kter\u00e1 plat\u00ed od nov\u00e9ho roku. Inspekto\u0159i se cht\u011bj\u00ed zam\u011b\u0159it hlavn\u011b na zkvalitn\u011bn\u00ed slu\u017eeb odborn\u00e9ho person\u00e1lu.<\/p>\n<p>Nejmenovan\u00e9 za\u0159\u00edzen\u00ed pro seniory kousek od Prahy dostalo loni pokutu sto pades\u00e1t tis\u00edc korun, nem\u011blo nap\u0159. registraci. Jeho \u0159editelka u\u017e po\u017e\u00e1dala o registraci.<\/p>\n<p>Osmdes\u00e1titis\u00edcovou pokutu zase dostali na Karvinsku. Slu\u017eba se vyd\u00e1vala za ter\u00e9nn\u00ed, ve skute\u010dnosti byla pobytov\u00e1.<\/p>\n<p>Spole\u010dnost AS-SENIOR provozuje pobytov\u00e9 slu\u017eby st\u00e1le, jen s t\u00edm rozd\u00edlem, \u017ee klienty p\u0159est\u011bhovala z objektu v nedalek\u00e9 obci Lu\u010dina do hotelu Impuls v Hav\u00ed\u0159ov\u011b.<\/p>\n<p>Vladim\u00edra MARTINKOV\u00c1, \u0159editelka; jednatelka spole\u010dnosti AS-SENIOR:\u00a0 Na\u0161i klienti jsou v naprost\u00e9m po\u0159\u00e1dku. My poskytujeme slu\u017ebu osobn\u00ed asistence plus ubytovac\u00ed slu\u017eby.<\/p>\n<p>Daniel RYCHL\u00cdK, vedouc\u00ed odboru soci\u00e1ln\u00edch v\u011bc\u00ed, K\u00da Moravskoslezsk\u00e9ho kraje:\u00a0 Ten deliktn\u00ed vztah z na\u0161eho \u00fahlu pohledu trv\u00e1, tak je s n\u00ed zah\u00e1jeno n\u011bkolik dal\u0161\u00edch spr\u00e1vn\u00edch \u0159\u00edzen\u00ed.<\/p>\n<p>P\u0159ed p\u011bti dny chomutovsk\u00fd soud potrestal za t\u00fdr\u00e1n\u00ed senior\u016f \u010dty\u0159mi lety v\u011bzen\u00ed b\u00fdvalou \u0159editelku stacion\u00e1\u0159e Nad\u011bje 2000. Hlavn\u00ed sestra dostala t\u0159\u00edletou podm\u00ednku. P\u0159\u00ed\u0161t\u00ed t\u00fdden se k soudu chyst\u00e1 i Ev\u017een Je\u0159\u00e1bek, jeho\u017e p\u0159\u00edtelkyni m\u011blo o milion korun okr\u00e1st veden\u00ed domova nedaleko Prahy Petru\u0161ka.<\/p>\n<p>Ev\u017een JE\u0158\u00c1BEK, p\u0159\u00edtel okraden\u00e9 seniorky:\u00a0\u00a0 Ona si to neuv\u011bdomuje, pon\u011bvad\u017e v\u0161echno to \u0161patn\u00fd vy\u0159izuju za n\u00ed.<\/p>\n<p>Provozovatel\u00e9 maj\u00ed v\u011bt\u0161inou pouze \u017eivnostensk\u00fd list, funguj\u00ed jako ubytovny nebo hotely, kter\u00e9 se za domovy d\u016fchodc\u016f vyd\u00e1vaj\u00ed. Star\u0161\u00ed lid\u00e9 tam \u010dasto nemaj\u00ed zdravotnickou p\u00e9\u010di. Kraje moment\u00e1ln\u011b prov\u011b\u0159uj\u00ed dvac\u00edtku nov\u00fdch p\u0159\u00edpad\u016f. Ministerstvo pr\u00e1ce sepsalo metodiku, jak p\u0159i kontrol\u00e1ch postupovat.<\/p>\n<p>David POSP\u00cd\u0160IL, \u0159editel odboru soci\u00e1ln\u00edch slu\u017eeb MPSV:\u00a0 Vyfotografovat si to za\u0159\u00edzen\u00ed, j\u00edt tam s pr\u00e1vn\u00edkem krajsk\u00e9ho \u00fa\u0159adu, vz\u00edt si odborn\u00edky.<\/p>\n<p>Na ned\u016fstojn\u00e9 podm\u00ednky upozor\u0148uje i ombudsmanka. P\u0159i \u0161et\u0159en\u00ed na\u0161la sedm neleg\u00e1ln\u00edch domov\u016f, kde omezovali osobn\u00ed svobodu senior\u016f, p\u0159ivazovali je k postel\u00edm a okr\u00e1dali je. Do t\u0159\u00ed t\u00fddn\u016f na toto t\u00e9ma vyd\u00e1 souhrnnou zpr\u00e1vu.<\/p>\n<p>Anna \u0160ABATOV\u00c1, ombudsmanka:\u00a0 J\u00e1 bych se r\u00e1da obr\u00e1tila i s t\u00edm materi\u00e1lem potom na vl\u00e1du, to nen\u00ed jenom o repres\u00ed &#8230;. prost\u011b vl\u00e1da mus\u00ed v podstat\u011b, \u0159ekn\u011bme to zjednodu\u0161en\u011b, investovat v\u00edce pen\u011bz do soci\u00e1ln\u00edch slu\u017eeb.<\/p>\n<p>Podle odhad\u016f ministerstva pr\u00e1ce je moment\u00e1ln\u011b v \u010cesku zhruba osmdes\u00e1t neregistrovan\u00fdch za\u0159\u00edzen\u00ed. Nov\u011b jim hroz\u00ed vy\u0161\u0161\u00ed pokuta, a\u017e milion korun.<\/p>\n","protected":false},"excerpt":{"rendered":"<div class=\"mh-excerpt\"><p>Dlouh\u00e9 fronty se v \u010cesku stoj\u00ed na m\u00edsta v domovech pro seniory. Nahr\u00e1v\u00e1 to soukrom\u00fdm a neleg\u00e1ln\u00edm za\u0159\u00edzen\u00edm, kter\u00e1 poru\u0161uj\u00ed pravidla. St\u00e1t proti t\u011bmto soci\u00e1ln\u00edm <a class=\"mh-excerpt-more\" href=\"https:\/\/www.invarena.cz\/?p=19335\" title=\"Pokuty pro domovy senior\u016f se zvy\u0161uj\u00ed. \u010cast\u011bj\u0161\u00ed budou i kontroly\">[&#8230;]<\/a><\/p>\n<\/div>","protected":false},"author":1,"featured_media":14575,"comment_status":"open","ping_status":"closed","sticky":false,"template":"","format":"standard","meta":{"footnotes":""},"categories":[7],"tags":[],"class_list":["post-19335","post","type-post","status-publish","format-standard","has-post-thumbnail","hentry","category-spolecnost"],"_links":{"self":[{"href":"https:\/\/www.invarena.cz\/index.php?rest_route=\/wp\/v2\/posts\/19335","targetHints":{"allow":["GET"]}}],"collection":[{"href":"https:\/\/www.invarena.cz\/index.php?rest_route=\/wp\/v2\/posts"}],"about":[{"href":"https:\/\/www.invarena.cz\/index.php?rest_route=\/wp\/v2\/types\/post"}],"author":[{"embeddable":true,"href":"https:\/\/www.invarena.cz\/index.php?rest_route=\/wp\/v2\/users\/1"}],"replies":[{"embeddable":true,"href":"https:\/\/www.invarena.cz\/index.php?rest_route=%2Fwp%2Fv2%2Fcomments&post=19335"}],"version-history":[{"count":0,"href":"https:\/\/www.invarena.cz\/index.php?rest_route=\/wp\/v2\/posts\/19335\/revisions"}],"wp:featuredmedia":[{"embeddable":true,"href":"https:\/\/www.invarena.cz\/index.php?rest_route=\/wp\/v2\/media\/14575"}],"wp:attachment":[{"href":"https:\/\/www.invarena.cz\/index.php?rest_route=%2Fwp%2Fv2%2Fmedia&parent=19335"}],"wp:term":[{"taxonomy":"category","embeddable":true,"href":"https:\/\/www.invarena.cz\/index.php?rest_route=%2Fwp%2Fv2%2Fcategories&post=19335"},{"taxonomy":"post_tag","embeddable":true,"href":"https:\/\/www.invarena.cz\/index.php?rest_route=%2Fwp%2Fv2%2Ftags&post=19335"}],"curies":[{"name":"wp","href":"https:\/\/api.w.org\/{rel}","templated":true}]}}