{"id":19352,"date":"2015-01-15T09:29:50","date_gmt":"2015-01-15T08:29:50","guid":{"rendered":"http:\/\/www.invarena.cz\/?p=19352"},"modified":"2015-01-15T09:30:31","modified_gmt":"2015-01-15T08:30:31","slug":"soud-herce-za-kontroverzni-klip-pro-konto-bariery-nakonec-nepotresta","status":"publish","type":"post","link":"https:\/\/www.invarena.cz\/?p=19352","title":{"rendered":"Soud herce za kontroverzn\u00ed klip pro Konto Bari\u00e9ry nakonec nepotrest\u00e1"},"content":{"rendered":"<p><strong>Pra\u017esk\u00fd m\u011bstsk\u00fd soud zcela zru\u0161il podm\u00ednky pro herce Petra \u010ctvrtn\u00ed\u010dka a Jana Potm\u011b\u0161ila. Ti v roce 2012 to\u010dili pro Konto Bari\u00e9ry klip, ve kter\u00e9m v policejn\u00edch uniform\u00e1ch zastavovali \u0159idi\u010de.<\/strong> <!--more--><\/p>\n<p><em><strong>Televize Barrandov<\/strong><\/em><br \/>\n\u0160edes\u00e1tilet\u00fd mu\u017e, kter\u00e9ho kontrolovali,\u00a0 dostal tehdy infarkt a skon\u010dil v nemocnici. M\u011bstsk\u00fd soud za to herc\u016fm p\u0159ed \u010dasem ulo\u017eil podm\u00ednky, te\u010f si ale oba mu\u017ei kone\u010dn\u011b mohou oddechnout. Od soudu odch\u00e1zeli o\u010di\u0161t\u011bni.<\/p>\n<p>Podle p\u016fvodn\u00edho verdiktu oba herci p\u0159i nat\u00e1\u010den\u00ed t\u011bchto z\u00e1b\u011br\u016f protiz\u00e1konn\u011b vykon\u00e1vali pravomoci policist\u016f. Za to jim hrozilo osm m\u011bs\u00edc\u016f za m\u0159\u00ed\u017eemi s podm\u00ednkou na rok a p\u016fl. Dne\u0161n\u00ed verdikt v\u0161ak situaci zcela zvr\u00e1til.<\/p>\n<p>Pavel BENDA, p\u0159edseda odvolac\u00edho sen\u00e1tu \/zvukov\u00fd z\u00e1znam z jednac\u00ed s\u00edn\u011b\/:\u00a0\u00a0 Podle paragrafu 258 odstavec 1 p\u00edsmeno B odstavec 2 trestn\u00edho \u0159\u00e1du se napaden\u00fd rozsudek zru\u0161uje v cel\u00e9 rozhoduj\u00edc\u00ed \u010d\u00e1sti ohledn\u011b ob\u017ealovan\u00fdch Petra \u010ctvrtn\u00ed\u010dka a Jana Potm\u011b\u0161ila.<\/p>\n<p>Bo\u017eena JIRK\u016e, \u0159editelka Konto Bari\u00e9ry:\u00a0\u00a0 Jsem nad\u0161en\u00e1. Slzi\u010dka mi vhrkla do oka, v\u011b\u0159te mi \u017ee jo, proto\u017ee dva a p\u016fl roku takovouhle blbost pozorovat a chodit na ta jedn\u00e1n\u00ed soudu, jsem r\u00e1da, \u017ee tady n\u011bkdo u toho &#8211; vy\u0161\u0161\u00ed instance dostal rozum.<\/p>\n<p>Podle odvolac\u00edho soudu nezhodnotil soud prvn\u00ed instance jedn\u00e1n\u00ed obolu herc\u016f spr\u00e1vn\u011b a tak\u00e9 podle st\u00e1tn\u00edho \u017ealobce se mohlo jednat maxim\u00e1ln\u011b o p\u0159estupek. P\u0159\u00edpad se k trestn\u00edmu \u0159\u00edzen\u00ed dostal i kv\u016fli tomu, \u017ee b\u011bhem nat\u00e1\u010den\u00ed klipu jeden ze zastaven\u00fdch \u0159idi\u010d\u016f dostal ve stresu infarkt. \u0160t\u00e1b ale <span class=\"highlight\">posti\u017een\u00e9mu<\/span> poskytl d\u016fle\u017eitou prvn\u00ed pomoc.<\/p>\n<p>Jan POTM\u011a\u0160IL, herec:\u00a0\u00a0 Jsme r\u00e1di, \u017ee situace se vy\u0159e\u0161ila, proto\u017ee \u017e\u00e1dn\u00fd \u0161patn\u00fd \u00famysly tam nebyly a v\u011b\u0159\u00edm, \u017ee i panu Hrbenovi, kter\u00e9mu se neud\u011blalo dob\u0159e tehdy, tak bude d\u00e1l v po\u0159\u00e1dku.<\/p>\n<p>Petr \u010ctvrtn\u00ed\u010dek vylou\u010dil, \u017ee by v p\u0159\u00ed\u0161t\u00edch p\u0159\u00edpadn\u00fdch nat\u00e1\u010den\u00edch se skrytou kamerou postupoval jinak. &#8222;J\u00e1 si mysl\u00edm, \u017ee v t\u011bhle t\u011bch p\u0159\u00edpadech, pokud se jedn\u00e1, pokud se jedn\u00e1 o pomoc zejm\u00e9na posti\u017eenejm jako lidi\u010dk\u00e1m, tak j\u00e1 se ur\u010dit\u011b nebudu rozhodovat jinak ne\u017e te\u010f, i kdy\u017e s v\u011bdom\u00edm toho, \u017ee se \u010dlov\u011bk m\u016f\u017ee dostat jednodu\u0161e do krimin\u00e1lu,&#8220; \u0159ekl.<\/p>\n<p>JIRK\u016e:\u00a0\u00a0 M\u00e1m radost za kluky, kte\u0159\u00ed n\u00e1m fakt pom\u00e1hali, opravdu to mysleli dob\u0159e, zadarmo pracovali, vyd\u011blali spoust pen\u011bz pro Konto Bari\u00e9ry a m\u011bli za to bejt souzeni? Blbost.<\/p>\n<p><span class=\"highlight\">Posti\u017een\u00fd<\/span> srde\u010dn\u00ed p\u0159\u00edhodou je mimo nebezpe\u010d\u00ed a ani \u017ealoba netvrdila, \u017ee hlavn\u00ed p\u0159\u00ed\u010dinou jeho srde\u010dn\u00ed z\u00e1stavy p\u0159ed dv\u011bma lety byla sc\u00e9nka s handicapovan\u00fdmi policisty.<\/p>\n","protected":false},"excerpt":{"rendered":"<div class=\"mh-excerpt\"><p>Pra\u017esk\u00fd m\u011bstsk\u00fd soud zcela zru\u0161il podm\u00ednky pro herce Petra \u010ctvrtn\u00ed\u010dka a Jana Potm\u011b\u0161ila. Ti v roce 2012 to\u010dili pro Konto Bari\u00e9ry klip, ve kter\u00e9m v <a class=\"mh-excerpt-more\" href=\"https:\/\/www.invarena.cz\/?p=19352\" title=\"Soud herce za kontroverzn\u00ed klip pro Konto Bari\u00e9ry nakonec nepotrest\u00e1\">[&#8230;]<\/a><\/p>\n<\/div>","protected":false},"author":1,"featured_media":3802,"comment_status":"open","ping_status":"closed","sticky":false,"template":"","format":"standard","meta":{"footnotes":""},"categories":[7],"tags":[],"class_list":["post-19352","post","type-post","status-publish","format-standard","has-post-thumbnail","hentry","category-spolecnost"],"_links":{"self":[{"href":"https:\/\/www.invarena.cz\/index.php?rest_route=\/wp\/v2\/posts\/19352","targetHints":{"allow":["GET"]}}],"collection":[{"href":"https:\/\/www.invarena.cz\/index.php?rest_route=\/wp\/v2\/posts"}],"about":[{"href":"https:\/\/www.invarena.cz\/index.php?rest_route=\/wp\/v2\/types\/post"}],"author":[{"embeddable":true,"href":"https:\/\/www.invarena.cz\/index.php?rest_route=\/wp\/v2\/users\/1"}],"replies":[{"embeddable":true,"href":"https:\/\/www.invarena.cz\/index.php?rest_route=%2Fwp%2Fv2%2Fcomments&post=19352"}],"version-history":[{"count":0,"href":"https:\/\/www.invarena.cz\/index.php?rest_route=\/wp\/v2\/posts\/19352\/revisions"}],"wp:featuredmedia":[{"embeddable":true,"href":"https:\/\/www.invarena.cz\/index.php?rest_route=\/wp\/v2\/media\/3802"}],"wp:attachment":[{"href":"https:\/\/www.invarena.cz\/index.php?rest_route=%2Fwp%2Fv2%2Fmedia&parent=19352"}],"wp:term":[{"taxonomy":"category","embeddable":true,"href":"https:\/\/www.invarena.cz\/index.php?rest_route=%2Fwp%2Fv2%2Fcategories&post=19352"},{"taxonomy":"post_tag","embeddable":true,"href":"https:\/\/www.invarena.cz\/index.php?rest_route=%2Fwp%2Fv2%2Ftags&post=19352"}],"curies":[{"name":"wp","href":"https:\/\/api.w.org\/{rel}","templated":true}]}}