{"id":19362,"date":"2015-01-15T12:27:59","date_gmt":"2015-01-15T11:27:59","guid":{"rendered":"http:\/\/www.invarena.cz\/?p=19362"},"modified":"2015-01-15T12:46:25","modified_gmt":"2015-01-15T11:46:25","slug":"boj-o-preziti-slavnych-lazni-skoncil-po-dvou-stoletich-zmizi-z-mapy","status":"publish","type":"post","link":"https:\/\/www.invarena.cz\/?p=19362","title":{"rendered":"Boj o p\u0159e\u017eit\u00ed slavn\u00fdch l\u00e1zn\u00ed skon\u010dil, po dvou stolet\u00edch zmiz\u00ed z mapy"},"content":{"rendered":"<p><strong>Z\u00e1chran\u00e1\u0159sk\u00e9 pr\u00e1ce selhaly, pacient je mrtev. \u017d\u00e1dn\u00fd z pokus\u016f o resuscitaci nezabral a ani &#8222;d\u00e1rce&#8220; se nena\u0161el. Slavn\u00e9 Schrothovy l\u00e1zn\u011b v obci Lipov\u00e1-l\u00e1zn\u011b na Jesenicku tentokr\u00e1t ji\u017e nezadr\u017eiteln\u011b m\u00ed\u0159\u00ed do insolven\u010dn\u00edho \u0159\u00edzen\u00ed a jejich historie dlouh\u00e1 bezm\u00e1la dv\u011b stolet\u00ed se nejsp\u00ed\u0161 definitivn\u011b uzav\u00edr\u00e1.<\/strong><!--more--><\/p>\n<p>JESEN\u00cdK Boj je u konce, ov\u0161em nikoliv \u0161\u0165astn\u00e9ho. V\u0161echny snahy probudit proslul\u00e9 l\u00e1zn\u011b v Doln\u00ed Lipov\u00e9 na Jesenicku op\u011bt k \u017eivotu vyzn\u011bly do pr\u00e1zdna, majitel\u00e9 ani po v\u00edce ne\u017e roce od uzav\u0159en\u00ed are\u00e1lu nesehnali investora, kter\u00fd by se jich ujal.<\/p>\n<p>Krajsk\u00fd soud v Ostrav\u011b tak nyn\u00ed zah\u00e1jil nov\u00e9 insolven\u010dn\u00ed \u0159\u00edzen\u00ed se spole\u010dnost\u00ed Schroth, kter\u00e1 zkrachoval\u00e9 l\u00e1zn\u011b vlastn\u00ed. V\u011b\u0159itel\u016fm dlu\u017e\u00ed miliony. Nejv\u00edce \u010cSOB, kter\u00e1 insolven\u010dn\u00ed n\u00e1vrh podala. Banka uvedla, \u017ee spole\u010dnost Schroth nesplatila zhruba sedmimilionov\u00fd \u00fav\u011br a v\u010detn\u011b \u00farok\u016f j\u00ed dlu\u017e\u00ed 8,2 milionu.<\/p>\n<p>&#8222;Soud nyn\u00ed vyzve v\u011b\u0159itele, aby se p\u0159ihl\u00e1sili s pohled\u00e1vkami. Dal\u0161\u00ed proces je pom\u011brn\u011b slo\u017eit\u00fd. Ve fin\u00e1le soud ve spolupr\u00e1ci s v\u011b\u0159iteli rozhodne, zda dojde na konkurz, nebo bude zvolena forma reorganizace,&#8220; uvedl mluv\u010d\u00ed soudu Dalibor Zecha. Spole\u010dn\u00edk firmy Schroth, spolumajitel a b\u00fdval\u00fd \u0159editel l\u00e1zn\u00ed Radim Hatlapatka je sm\u00ed\u0159en\u00fd s t\u00edm, \u017ee s vysokou pravd\u011bpodobnost\u00ed dojde na konkurz: &#8222;Je to jenom ot\u00e1zka \u010dasu. Rozhoduj\u00edc\u00ed je, \u017ee se p\u0159ihl\u00e1sila banka jako nejv\u011bt\u0161\u00ed v\u011b\u0159itel. Mus\u00edm \u0159\u00edct, \u017ee byla dlouho maxim\u00e1ln\u011b vst\u0159\u00edcn\u00e1 a ochotn\u00e1. Ch\u00e1pu v\u0161ak, \u017ee jej\u00ed trp\u011blivost nemohla b\u00fdt nekone\u010dn\u00e1.&#8220;<\/p>\n<p>S\u00e1m m\u00edn\u00ed, \u017ee u\u017e selhaly v\u0161echny mo\u017enosti. &#8222;Nevid\u00edm re\u00e1ln\u011b ani reorganizaci, proto bude dobr\u00e9, kdy\u017e v\u0161e bude \u0159e\u0161it spr\u00e1vce konkurzn\u00ed podstaty s v\u011b\u0159iteli. T\u0159eba bude m\u00edt v\u00edc \u0161t\u011bst\u00ed, ne\u017e jsem m\u011bl p\u0159i jedn\u00e1n\u00edch s investory j\u00e1, a p\u0159ece jen se poda\u0159\u00ed l\u00e1zn\u011b obnovit,&#8220; p\u0159eje si.<\/p>\n<p>V\u011b\u0159itel\u016f je zhruba dvacet. Vedle \u010cSOB nap\u0159\u00edklad i \u00fa\u0159ad pr\u00e1ce, kter\u00fd vyplatil mzdy, je\u017e lidem l\u00e1zn\u011b dlu\u017eily. &#8222;P\u0159ihla\u0161ujeme se do \u0159\u00edzen\u00ed s \u010d\u00e1stkou 2,2 milionu. Jde o dlu\u017en\u00e9 mzdov\u00e9 n\u00e1klady, neuhrazen\u00e9 soci\u00e1ln\u00ed a zdravotn\u00ed poji\u0161t\u011bn\u00ed a da\u0148 z p\u0159\u00edjmu za b\u00fdval\u00e9 zam\u011bstnance,&#8220; vysv\u011btlil mluv\u010d\u00ed olomouck\u00e9 pobo\u010dky \u00fa\u0159adu pr\u00e1ce Jaroslav Mik\u0161an\u00edk.<\/p>\n<p>Podle n\u011bj by bylo dobr\u00e9, kdyby se l\u00e1zn\u011b poda\u0159ilo obnovit. &#8222;Pades\u00e1t m\u00edst v okrese Jesen\u00edk posti\u017een\u00e9m vysokou nezam\u011bstnanost\u00ed m\u00e1 mnohem v\u011bt\u0161\u00ed v\u00e1hu ne\u017e jinde,&#8220; podotkl.<\/p>\n<p>Jako jeden z v\u011b\u0159itel\u016f se hl\u00e1s\u00ed i obec Lipov\u00e1-l\u00e1zn\u011b. &#8222;I kdy\u017e nepo\u010d\u00edt\u00e1m, \u017ee n\u011bco dostaneme, mus\u00edme se ze z\u00e1kona do \u0159\u00edzen\u00ed p\u0159ihl\u00e1sit. L\u00e1zn\u011b n\u00e1m dlu\u017e\u00ed t\u00e9m\u011b\u0159 50 tis\u00edc za neuhrazen\u00fd l\u00e1ze\u0148sk\u00fd poplatek,&#8220; \u0159ekl starosta Lubom\u00edr \u017dmol\u00edk.<\/p>\n<p>S\u00e1m u\u017e l\u00e1zn\u00edm moc \u0161anc\u00ed ned\u00e1v\u00e1. &#8222;Obec samoz\u0159ejm\u011b bude d\u00e1l up\u0159ednost\u0148ovat obnoven\u00ed l\u00e1zn\u00ed, i kdy\u017e se to u\u017e nezd\u00e1 re\u00e1ln\u00e9. Nejde toti\u017e jen o zam\u011bstnavatele lid\u00ed, ale taky o na\u0161i historii a v neposledn\u00ed \u0159ad\u011b turistick\u00fd tah\u00e1k,&#8220; doplnil.<\/p>\n<p>Paradoxn\u011b se do insolven\u010dn\u00edho \u0159\u00edzen\u00ed hl\u00e1s\u00ed i Hatlapatka. &#8222;Zhruba posledn\u00edho p\u016fl roku fungov\u00e1n\u00ed l\u00e1zn\u00ed jsem nepob\u00edral mzdu, abychom u\u0161et\u0159ili,&#8220; uvedl.<\/p>\n<p>L\u00e1zn\u011b skon\u010dily s l\u00e9\u010dbou v \u0159\u00edjnu 2013 po 184 letech provozu, kter\u00fd nep\u0159eru\u0161ily ani v\u00e1lky. Spolumajitel a \u0161\u00e9f l\u00e1zn\u00ed Radim Hatlapatka rozdal 45 v\u00fdpov\u011bd\u00ed. Vyvrcholila tak krize, kter\u00e1 lipovsk\u00e9 l\u00e1zn\u011b postihla po zm\u011bn\u00e1ch ve financov\u00e1n\u00ed l\u00e1ze\u0148sk\u00e9 p\u00e9\u010de ze strany st\u00e1tu a poji\u0161\u0165oven. &#8222;Tr\u017eby n\u00e1m v roce 2013 meziro\u010dn\u011b poklesly o sedmdes\u00e1t procent a klesli jsme hluboko do \u010derven\u00fdch \u010d\u00edsel. U\u017e nebylo mo\u017en\u00e9 d\u00e1l pokra\u010dovat,&#8220; uvedl Hatlapatka. Ihned pot\u00e9, co spole\u010dnost Schroth stopla provoz, za\u010dal Hatlapatka sh\u00e1n\u011bt investory. &#8222;Nemohu vylou\u010dit, \u017ee p\u0159\u00ed\u0161t\u00ed rok budou m\u00edt l\u00e1zn\u011b jin\u00e9ho majitele. Ot\u00e1zka je, zda l\u00e1zn\u011b zachov\u00e1,&#8220; sd\u011blil tehdy Hatlapatka. Jako svou prioritu ozna\u010dil sh\u00e1n\u011bn\u00ed pen\u011bz pro vyplacen\u00ed dlu\u017en\u00fdch mezd a odstupn\u00e9ho pro b\u00fdval\u00e9 zam\u011bstnance.<\/p>\n<p>Obc\u00ed se brzy po krachu l\u00e1zn\u00ed roz\u0161\u00ed\u0159ila zpr\u00e1va, \u017ee are\u00e1l by se mohl zm\u011bnit v ubytovnu pro soci\u00e1ln\u011b vylou\u010den\u00e9. To ale Hatlapatka r\u00e1zn\u011b odm\u00edtl. &#8222;Jedn\u00e1m s investory, ale takov\u00e9 vyu\u017eit\u00ed bych nep\u0159ipustil. V\u011b\u0159\u00edm, \u017ee se dohodneme s investorem, kter\u00fd zde zachov\u00e1 l\u00e1zn\u011b,&#8220; uvedl tehdy. \u0160\u00e9f l\u00e1zn\u00ed sice p\u0159ipustil, \u017ee sl\u016fvko &#8222;soci\u00e1ln\u00ed&#8220; se v dal\u0161\u00edch mo\u017en\u00fdch pl\u00e1nech objevuje, ale ve zcela odli\u0161n\u00e9m v\u00fdznamu. &#8222;Rozhodn\u011b by ne\u0161lo o bydlen\u00ed pro soci\u00e1ln\u011b nep\u0159izp\u016fsobiv\u00e9, ale nap\u0159\u00edklad pro lidi, kte\u0159\u00ed se o sebe nemohou postarat kv\u016fli zdravotn\u00edm probl\u00e9m\u016fm. Znovu ale \u0159\u00edk\u00e1m, \u017ee prioritn\u00ed je udr\u017eet v obci l\u00e1zn\u011b,&#8220; tvrdil.<\/p>\n<p>Na ja\u0159e 2014 do\u0161la trp\u011blivost b\u00fdval\u00fdm zam\u011bstnanc\u016fm, kte\u0159\u00ed marn\u011b \u010dekali na v\u00fdplaty a odstupn\u00e9. Podali proto n\u00e1vrh na insolvenci. &#8222;L\u00e1zn\u011b mi dlu\u017eily v\u00fdplatu za dva m\u011bs\u00edce a k tomu t\u0159\u00edm\u011bs\u00ed\u010dn\u00ed odstupn\u00e9. Po\u0159\u00e1d n\u00e1m slibovali, \u017ee sv\u00e9 pen\u00edze dostaneme, a nic se nestalo. Museli jsme podat n\u00e1vrh na insolvenci, abychom o sv\u00e9 pen\u00edze nep\u0159i\u0161li,&#8220; uvedl Michal Brestovansk\u00fd, kter\u00fd pracoval v l\u00e1zn\u00edch 19 let. Soud ale tehdy l\u00e1zn\u011b do konkurzu neposlal.<\/p>\n<p>Hatlapatka mohl d\u00e1l vyjedn\u00e1vat a hledat investora. V polovin\u011b lo\u0148sk\u00e9ho roku v\u0161e vypadalo nad\u011bjn\u011b. O l\u00e1zn\u011b m\u011bla z\u00e1jem pra\u017esk\u00e1 spole\u010dnost Alteris podnikaj\u00edc\u00ed v hotelov\u00e9 bran\u017ei. &#8222;Chceme roz\u0161\u00ed\u0159it na\u0161e portfolio tak\u00e9 o l\u00e1ze\u0148stv\u00ed a obnova l\u00e1zn\u00ed v Lipov\u00e9 je pro n\u00e1s velk\u00e1 p\u0159\u00edle\u017eitost,&#8220; sd\u011blil loni jej\u00ed z\u00e1stupce Milo\u0161 Lippert.<\/p>\n<p>Firma po\u010d\u00edtala se zv\u00fd\u0161en\u00edm \u00farovn\u011b l\u00e1ze\u0148sk\u00fdch slu\u017eeb a roz\u0161\u00ed\u0159en\u00edm slu\u017eeb o relaxa\u010dn\u00ed, kulturn\u00ed \u010di z\u00e1\u017eitkov\u00e9 programy. &#8222;L\u00e1zn\u011b v sob\u011b skr\u00fdvaj\u00ed velk\u00fd potenci\u00e1l pro dal\u0161\u00ed rozvoj ve v\u0161ech t\u011bchto sm\u011brech,&#8220; zd\u016fraznil Lippert. Firma si u\u017e dokonce zpracovala pl\u00e1n na postupn\u00fd n\u00e1vrat l\u00e1zn\u00ed do \u017eivota.<\/p>\n<p>Jedn\u00e1n\u00ed v\u0161ak zkrachovala na nesouhlasu jedn\u00e9 ze spolumajitelek l\u00e1zn\u00ed s prodejem. &#8222;Cena se j\u00ed zd\u00e1la p\u0159\u00edli\u0161 n\u00edzk\u00e1. Mohu prozradit, \u017ee se bl\u00ed\u017eila v\u00fd\u0161i dluh\u016f. Ty \u010din\u00ed zhruba 16 milion\u016f,&#8220; \u0159ekl tehdy Hatlapatka. Podle n\u011bj vy\u0161\u0161\u00ed kupn\u00ed cena nebyla re\u00e1ln\u00e1, proto\u017ee are\u00e1l pot\u0159ebuje velk\u00e9 investice. &#8222;Kolegyn\u011b bohu\u017eel nepochopila, \u017ee jde o z\u00e1chranu l\u00e1zn\u00ed, nikoli o to na prodeji vyd\u011blat,&#8220; zd\u016fraznil.<\/p>\n<p>P\u0159itom \u0161lo o v\u016fbec nejnad\u011bjn\u011bj\u0161\u00ed jedn\u00e1n\u00ed s potenci\u00e1ln\u00edm partnerem a\u017e do sou\u010dasnosti. &#8222;Absolvoval jsem \u0159adu jedn\u00e1n\u00ed se zhruba t\u0159iceti potenci\u00e1ln\u00edmi investory. Z toho dva byli velmi zaj\u00edmav\u00ed. Jedn\u00edm z nich byla spole\u010dnost Alteris. Bohu\u017eel to nedopadlo,&#8220; lituje Hatlapatka.<\/p>\n<p>&#8212;<\/p>\n<p>L\u00e1zn\u011b s dlouhou histori\u00ed<\/p>\n<p>L\u00e1zn\u011b v Doln\u00ed Lipov\u00e9 zalo\u017eil v roce 1829 sedl\u00e1k a lidov\u00fd l\u00e9\u010ditel Johann Schroth. L\u00e9\u010debn\u00fd \u00fastav vyrostl nedaleko l\u00e1zn\u00ed slavn\u011bj\u0161\u00edho jesenick\u00e9ho konkurenta Vincenze Priessnitze. Zat\u00edmco Priessnitzova l\u00e9\u010dba byla zalo\u017eena na studen\u00e9 vod\u011b v\u010detn\u011b jej\u00edho vydatn\u00e9ho pit\u00ed, Schroth pou\u017e\u00edval vlhk\u00e9 a tepl\u00e9 obklady a na pit\u00ed m\u00edsto vody &#8222;ordinoval&#8220; v\u00edno. V posledn\u00edch desetilet\u00edch se l\u00e1zn\u011b zam\u011b\u0159ovaly na l\u00e9\u010dbu obezity, chronick\u00fdch ko\u017en\u00edch nemoc\u00ed, onemocn\u011bn\u00ed \u017el\u00e1z s vnit\u0159n\u00ed sekrec\u00ed, metabolick\u00fdch poruch a pohybov\u00e9ho apar\u00e1tu. L\u00e1zn\u011b postihla krize po zm\u011bn\u00e1ch ve financov\u00e1n\u00ed ze strany st\u00e1tu a poji\u0161\u0165oven.<\/p>\n<p>Rostislav H\u00e1ny\u0161, redaktor MF DNES<\/p>\n<p>Mlad\u00e1 fronta DNES<\/p>\n","protected":false},"excerpt":{"rendered":"<div class=\"mh-excerpt\"><p>Z\u00e1chran\u00e1\u0159sk\u00e9 pr\u00e1ce selhaly, pacient je mrtev. \u017d\u00e1dn\u00fd z pokus\u016f o resuscitaci nezabral a ani &#8222;d\u00e1rce&#8220; se nena\u0161el. Slavn\u00e9 Schrothovy l\u00e1zn\u011b v obci Lipov\u00e1-l\u00e1zn\u011b na Jesenicku <a class=\"mh-excerpt-more\" href=\"https:\/\/www.invarena.cz\/?p=19362\" title=\"Boj o p\u0159e\u017eit\u00ed slavn\u00fdch l\u00e1zn\u00ed skon\u010dil, po dvou stolet\u00edch zmiz\u00ed z mapy\">[&#8230;]<\/a><\/p>\n<\/div>","protected":false},"author":1,"featured_media":0,"comment_status":"open","ping_status":"closed","sticky":false,"template":"","format":"standard","meta":{"footnotes":""},"categories":[9],"tags":[],"class_list":["post-19362","post","type-post","status-publish","format-standard","hentry","category-zpravy"],"_links":{"self":[{"href":"https:\/\/www.invarena.cz\/index.php?rest_route=\/wp\/v2\/posts\/19362","targetHints":{"allow":["GET"]}}],"collection":[{"href":"https:\/\/www.invarena.cz\/index.php?rest_route=\/wp\/v2\/posts"}],"about":[{"href":"https:\/\/www.invarena.cz\/index.php?rest_route=\/wp\/v2\/types\/post"}],"author":[{"embeddable":true,"href":"https:\/\/www.invarena.cz\/index.php?rest_route=\/wp\/v2\/users\/1"}],"replies":[{"embeddable":true,"href":"https:\/\/www.invarena.cz\/index.php?rest_route=%2Fwp%2Fv2%2Fcomments&post=19362"}],"version-history":[{"count":0,"href":"https:\/\/www.invarena.cz\/index.php?rest_route=\/wp\/v2\/posts\/19362\/revisions"}],"wp:attachment":[{"href":"https:\/\/www.invarena.cz\/index.php?rest_route=%2Fwp%2Fv2%2Fmedia&parent=19362"}],"wp:term":[{"taxonomy":"category","embeddable":true,"href":"https:\/\/www.invarena.cz\/index.php?rest_route=%2Fwp%2Fv2%2Fcategories&post=19362"},{"taxonomy":"post_tag","embeddable":true,"href":"https:\/\/www.invarena.cz\/index.php?rest_route=%2Fwp%2Fv2%2Ftags&post=19362"}],"curies":[{"name":"wp","href":"https:\/\/api.w.org\/{rel}","templated":true}]}}