{"id":19364,"date":"2015-01-15T12:31:39","date_gmt":"2015-01-15T11:31:39","guid":{"rendered":"http:\/\/www.invarena.cz\/?p=19364"},"modified":"2015-01-15T12:31:39","modified_gmt":"2015-01-15T11:31:39","slug":"zemanovy-vyroky-o-vzdelavani-postizenych-jsou-skandalni-mini-odbornice","status":"publish","type":"post","link":"https:\/\/www.invarena.cz\/?p=19364","title":{"rendered":"Zemanovy v\u00fdroky o vzd\u011bl\u00e1v\u00e1n\u00ed posti\u017een\u00fdch jsou skand\u00e1ln\u00ed, m\u00edn\u00ed odbornice"},"content":{"rendered":"<p><strong>Naprost\u00e9 nepochopen\u00ed pro kritiku prezidenta Milo\u0161e Zemana na t\u00e9ma inkluzivn\u00ed vzd\u011bl\u00e1v\u00e1n\u00ed vyj\u00e1d\u0159ila v rozhovoru pro Lidovky.cz p\u0159edsedkyn\u011b \u010cesk\u00e9 odborn\u00e9 spole\u010dnosti pro inkluzivn\u00ed vzd\u011bl\u00e1v\u00e1n\u00ed Kl\u00e1ra Lauren\u010d\u00edkov\u00e1. &#8222;Je to skand\u00e1ln\u00ed, prezident Zeman t\u00edmto v\u00fdrokem op\u011bt rozd\u011bluje spole\u010dnost a je to pro n\u00e1s v\u0161echny krok zp\u00e1tky.&#8220;<\/strong><!--more--><\/p>\n<p>Cel\u00fd \u010dl\u00e1nek <a href=\"http:\/\/www.lidovky.cz\/prezident-vraci-spolecnost-zpet-vyroky-o-inkluzi-jsou-skandalni-mini-odbornice-gf7-\/zpravy-domov.aspx?c=A150114_221141_ln_domov_rof\">ZDE<\/a><\/p>\n","protected":false},"excerpt":{"rendered":"<div class=\"mh-excerpt\"><p>Naprost\u00e9 nepochopen\u00ed pro kritiku prezidenta Milo\u0161e Zemana na t\u00e9ma inkluzivn\u00ed vzd\u011bl\u00e1v\u00e1n\u00ed vyj\u00e1d\u0159ila v rozhovoru pro Lidovky.cz p\u0159edsedkyn\u011b \u010cesk\u00e9 odborn\u00e9 spole\u010dnosti pro inkluzivn\u00ed vzd\u011bl\u00e1v\u00e1n\u00ed Kl\u00e1ra Lauren\u010d\u00edkov\u00e1. <a class=\"mh-excerpt-more\" href=\"https:\/\/www.invarena.cz\/?p=19364\" title=\"Zemanovy v\u00fdroky o vzd\u011bl\u00e1v\u00e1n\u00ed posti\u017een\u00fdch jsou skand\u00e1ln\u00ed, m\u00edn\u00ed odbornice\">[&#8230;]<\/a><\/p>\n<\/div>","protected":false},"author":1,"featured_media":2134,"comment_status":"open","ping_status":"closed","sticky":false,"template":"","format":"standard","meta":{"footnotes":""},"categories":[9],"tags":[],"class_list":["post-19364","post","type-post","status-publish","format-standard","has-post-thumbnail","hentry","category-zpravy"],"_links":{"self":[{"href":"https:\/\/www.invarena.cz\/index.php?rest_route=\/wp\/v2\/posts\/19364","targetHints":{"allow":["GET"]}}],"collection":[{"href":"https:\/\/www.invarena.cz\/index.php?rest_route=\/wp\/v2\/posts"}],"about":[{"href":"https:\/\/www.invarena.cz\/index.php?rest_route=\/wp\/v2\/types\/post"}],"author":[{"embeddable":true,"href":"https:\/\/www.invarena.cz\/index.php?rest_route=\/wp\/v2\/users\/1"}],"replies":[{"embeddable":true,"href":"https:\/\/www.invarena.cz\/index.php?rest_route=%2Fwp%2Fv2%2Fcomments&post=19364"}],"version-history":[{"count":0,"href":"https:\/\/www.invarena.cz\/index.php?rest_route=\/wp\/v2\/posts\/19364\/revisions"}],"wp:featuredmedia":[{"embeddable":true,"href":"https:\/\/www.invarena.cz\/index.php?rest_route=\/wp\/v2\/media\/2134"}],"wp:attachment":[{"href":"https:\/\/www.invarena.cz\/index.php?rest_route=%2Fwp%2Fv2%2Fmedia&parent=19364"}],"wp:term":[{"taxonomy":"category","embeddable":true,"href":"https:\/\/www.invarena.cz\/index.php?rest_route=%2Fwp%2Fv2%2Fcategories&post=19364"},{"taxonomy":"post_tag","embeddable":true,"href":"https:\/\/www.invarena.cz\/index.php?rest_route=%2Fwp%2Fv2%2Ftags&post=19364"}],"curies":[{"name":"wp","href":"https:\/\/api.w.org\/{rel}","templated":true}]}}