{"id":19382,"date":"2015-01-16T09:32:27","date_gmt":"2015-01-16T08:32:27","guid":{"rendered":"http:\/\/www.invarena.cz\/?p=19382"},"modified":"2015-01-16T10:09:04","modified_gmt":"2015-01-16T09:09:04","slug":"kontroverzni-vyrok-prezidenta-milose-zemana","status":"publish","type":"post","link":"https:\/\/www.invarena.cz\/?p=19382","title":{"rendered":"Kontroverzn\u00ed v\u00fdrok prezidenta Zemana"},"content":{"rendered":"<p><strong>Prezident Milo\u0161 Zeman rozpoutal bou\u0159i kontroverzn\u00edm v\u00fdrokem. P\u0159i n\u00e1v\u0161t\u011bv\u011b Pardubick\u00e9ho kraje \u0159ekl, \u017ee by se handicapovan\u00e9 d\u011bti nem\u011bly vzd\u011bl\u00e1vat spole\u010dn\u011b s d\u011btmi bez <span class=\"highlight\">posti\u017een\u00ed<\/span>. Pobou\u0159il t\u00edm nejen rodi\u010de d\u011bt\u00ed, ale i \u0159adu odborn\u00edk\u016f.<\/strong> <!--more--><\/p>\n<p><strong><em>televize Nova<\/em><\/strong><\/p>\n<p>Milo\u0161 ZEMAN, prezident \u010cR \/nato\u010deno 14. 1. 2015\/:<br \/>\nNejsem zast\u00e1ncem n\u00e1zoru, \u017ee by d\u011bti, kter\u00e9 jsou ur\u010dit\u00fdm zp\u016fsobem handicapov\u00e1ny, m\u011bly b\u00fdt umis\u0165ov\u00e1ny do t\u0159\u00edd s nehandicapovan\u00fdmi \u017e\u00e1ky, proto\u017ee je to ne\u0161t\u011bst\u00ed pro oba.<\/p>\n<p>Kontroverzn\u00ed slova pronesl prezident p\u0159ed pacienty Rehabilita\u010dn\u00edho \u00fastavu v Brand\u00fdse nad Orlic\u00ed. Sv\u016fj v\u00fdrok obhajoval i t\u00edm, \u017ee rychlost kolony se \u0159\u00edd\u00ed nejpomalej\u0161\u00edm vozidlem a u\u010ditel\u00e9 se pak nemohou tolik v\u011bnovat zdrav\u00fdm d\u011btem bez <span class=\"highlight\">posti\u017een\u00ed<\/span>.<\/p>\n<p>Jan LA\u0160EK, psycholog:\u00a0\u00a0 Je to jak\u00fdsi stanovisko socialismu b\u00fdval\u00fdch \u010das\u016f, kdy jsme se sna\u017eili tyto d\u011bti schov\u00e1vat r\u016fzn\u011b hluboko v les\u00edch.<\/p>\n<p>Jana LOKVENCOV\u00c1, z\u00e1stupkyn\u011b \u0159editele Z\u0160 Polabiny, Pardubice:\u00a0\u00a0 M\u011bli jsme tady velmi t\u011blesn\u011b <span class=\"highlight\">posti\u017een\u00e9ho<\/span> chlapce na voz\u00edku, m\u011bli jsme tady i chlapce zrakov\u011b <span class=\"highlight\">posti\u017een\u00e9ho<\/span> i sluchov\u011b <span class=\"highlight\">posti\u017een\u00e9ho<\/span>. A m\u016f\u017eeme \u0159\u00edci, \u017ee ty d\u011bti norm\u00e1ln\u011b se aklimatizovaly.<\/p>\n<p>Ji\u0159\u00ed OV\u010c\u00c1\u010cEK, mluv\u010d\u00ed prezidenta:\u00a0\u00a0 Pan prezident v \u017e\u00e1dn\u00e9m p\u0159\u00edpad\u011b se necht\u011bl negativn\u011b dotknout t\u011blesn\u011b <span class=\"highlight\">posti\u017een\u00fdch<\/span>. T\u00fdk\u00e1 se to p\u0159edev\u0161\u00edm takov\u00fdch p\u0159\u00edpad\u016f, kter\u00e9 by naru\u0161ovaly v\u00fduku ve \u0161kole. Kdyby se u\u010ditel nap\u0159\u00edklad musel specializovat pouze na jednoho nebo na dva \u017e\u00e1ky a t\u00edm by samoz\u0159ejm\u011b utrp\u011bla v\u00fduka v cel\u00e9 t\u0159\u00edd\u011b.<\/p>\n<p>P\u0159\u00edkladem m\u016f\u017ee b\u00fdt t\u0159eba desetilet\u00fd Jirka Caska z Pardubic, kter\u00fd trp\u00ed autismem. Tomu ale ve \u0161kole pom\u00e1h\u00e1 osobn\u00ed asistentka a ostatn\u00ed zdrav\u00e9 \u017e\u00e1ky podle veden\u00ed \u0161koly v ni\u010dem neomezuje.<\/p>\n<p>Marcel CHL\u00c1DEK, ministr \u0161kolstv\u00ed \/\u010cSSD\/:\u00a0\u00a0 Pokud ta \u0161kola je na to p\u0159ipravena, to znamen\u00e1, pokud maj\u00ed vybaven\u00ed, maj\u00ed bezbari\u00e9rov\u00e9 p\u0159\u00edstupy, maj\u00ed tam asistenty, tak si mysl\u00edm, \u017ee d\u011bti by m\u011bly b\u00fdt v tom hlavn\u00edm vzd\u011bl\u00e1vac\u00edm proudu.<\/p>\n<p>Bohuslav SOBOTKA, premi\u00e9r \u010cR:\u00a0\u00a0 J\u00e1 si mysl\u00edm, \u017ee je stra\u0161n\u011b d\u016fle\u017eit\u00e9, aby d\u011bti vyr\u016fstaly co nejv\u00edce pohromad\u011b, aby se u\u010dily si vz\u00e1jemn\u011b pom\u00e1hat, ale aby se tak\u00e9 u\u010dily tomu, \u017ee spole\u010dnost je r\u016fznorod\u00e1.<\/p>\n<p>Nen\u00ed v\u0161ak <span class=\"highlight\">posti\u017een\u00ed<\/span> jako <span class=\"highlight\">posti\u017een\u00ed<\/span>, a tak nap\u0159\u00edklad u skute\u010dn\u011b t\u011b\u017ece retardovan\u00fdch d\u011bt\u00ed d\u00e1vaj\u00ed prezidentovi odborn\u00edci za pravdu.<\/p>\n<p>Jan LA\u0160EK, psycholog:\u00a0\u00a0\u00a0 U d\u011bt\u00ed m\u00e9n\u011b ment\u00e1ln\u011b nadan\u00fdch, kde j\u00e1 bych se p\u0159imlouval za co nejkvalitn\u011bj\u0161\u00ed speci\u00e1ln\u00ed \u0161kolstv\u00ed.<\/p>\n<p>Problematikou za\u010dle\u0148ov\u00e1n\u00ed <span class=\"highlight\">posti\u017een\u00fdch<\/span> d\u011bt\u00ed mezi zdrav\u00e9 se zab\u00fdv\u00e1 i p\u0159ipravovan\u00e1 novela \u0161kolsk\u00e9ho z\u00e1kona. V\u0161ichni jsou tak zv\u011bdav\u00ed, zda ji prezident stvrd\u00ed sv\u00fdm podpisem.<\/p>\n","protected":false},"excerpt":{"rendered":"<div class=\"mh-excerpt\"><p>Prezident Milo\u0161 Zeman rozpoutal bou\u0159i kontroverzn\u00edm v\u00fdrokem. P\u0159i n\u00e1v\u0161t\u011bv\u011b Pardubick\u00e9ho kraje \u0159ekl, \u017ee by se handicapovan\u00e9 d\u011bti nem\u011bly vzd\u011bl\u00e1vat spole\u010dn\u011b s d\u011btmi bez posti\u017een\u00ed. Pobou\u0159il <a class=\"mh-excerpt-more\" href=\"https:\/\/www.invarena.cz\/?p=19382\" title=\"Kontroverzn\u00ed v\u00fdrok prezidenta Zemana\">[&#8230;]<\/a><\/p>\n<\/div>","protected":false},"author":1,"featured_media":1827,"comment_status":"open","ping_status":"closed","sticky":false,"template":"","format":"standard","meta":{"footnotes":""},"categories":[7],"tags":[],"class_list":["post-19382","post","type-post","status-publish","format-standard","has-post-thumbnail","hentry","category-spolecnost"],"_links":{"self":[{"href":"https:\/\/www.invarena.cz\/index.php?rest_route=\/wp\/v2\/posts\/19382","targetHints":{"allow":["GET"]}}],"collection":[{"href":"https:\/\/www.invarena.cz\/index.php?rest_route=\/wp\/v2\/posts"}],"about":[{"href":"https:\/\/www.invarena.cz\/index.php?rest_route=\/wp\/v2\/types\/post"}],"author":[{"embeddable":true,"href":"https:\/\/www.invarena.cz\/index.php?rest_route=\/wp\/v2\/users\/1"}],"replies":[{"embeddable":true,"href":"https:\/\/www.invarena.cz\/index.php?rest_route=%2Fwp%2Fv2%2Fcomments&post=19382"}],"version-history":[{"count":0,"href":"https:\/\/www.invarena.cz\/index.php?rest_route=\/wp\/v2\/posts\/19382\/revisions"}],"wp:featuredmedia":[{"embeddable":true,"href":"https:\/\/www.invarena.cz\/index.php?rest_route=\/wp\/v2\/media\/1827"}],"wp:attachment":[{"href":"https:\/\/www.invarena.cz\/index.php?rest_route=%2Fwp%2Fv2%2Fmedia&parent=19382"}],"wp:term":[{"taxonomy":"category","embeddable":true,"href":"https:\/\/www.invarena.cz\/index.php?rest_route=%2Fwp%2Fv2%2Fcategories&post=19382"},{"taxonomy":"post_tag","embeddable":true,"href":"https:\/\/www.invarena.cz\/index.php?rest_route=%2Fwp%2Fv2%2Ftags&post=19382"}],"curies":[{"name":"wp","href":"https:\/\/api.w.org\/{rel}","templated":true}]}}