{"id":19396,"date":"2015-01-16T01:25:21","date_gmt":"2015-01-16T00:25:21","guid":{"rendered":"http:\/\/www.invarena.cz\/?p=19396"},"modified":"2015-01-17T08:44:20","modified_gmt":"2015-01-17T07:44:20","slug":"srdcervaci-letos-urvali-pro-postizene-pres-400-000","status":"publish","type":"post","link":"https:\/\/www.invarena.cz\/?p=19396","title":{"rendered":"Srdcerv\u00e1\u010di letos &#8222;urvali&#8220; pro posti\u017een\u00e9 p\u0159es 400 000"},"content":{"rendered":"<p><strong>Charitativn\u00ed projekt Srdcerv\u00e1\u010di rozd\u011blil 410 000 korun mezi firmy, kter\u00e9 zam\u011bstn\u00e1vaj\u00ed osoby se zdravotn\u00edm posti\u017een\u00edm.<\/strong><!--more--><\/p>\n<p>Praha \u2013 Nav\u00edc kampa\u0148 pomohla vytvo\u0159it nov\u00e1 pracovn\u00ed m\u00edsta, zam\u011bstn\u00e1n\u00ed d\u00edky n\u00ed u\u017e letos z\u00edskala stovka lid\u00ed. A jak Srdcerv\u00e1\u010di funguj\u00ed? Jde o ve\u0159ejnou sb\u00edrku, kdy lid\u00e9 za sv\u016fj p\u0159\u00edsp\u011bvek dostanou t\u0159eba d\u00e1rek od zn\u00e1m\u00e9 osobnosti nebo pro\u017eij\u00ed n\u011bco v\u00fdjime\u010dn\u00e9ho.<\/p>\n<p>Grantov\u00e1 komise rozd\u011blila pen\u00edze mezi osm firem. Ty vytvo\u0159\u00ed 35 nov\u00fdch pracovn\u00edch m\u00edst pro lidi se zdravotn\u00edm posti\u017een\u00edm. Pen\u00edze si dnes p\u0159evzali v Praze. Organiz\u00e1to\u0159i Srdcerv\u00e1\u010d\u016f si p\u0159itom pochvalovali, \u017ee se zam\u011bstnavatel\u00e9 za\u010d\u00ednaj\u00ed o handicapovan\u00e9 v\u00edc zaj\u00edmat. &#8222;J\u00e1 osobn\u011b m\u00e1m konzultace s p\u011bti firmami, kter\u00e9 cht\u011bj\u00ed otev\u00edrat pozice pro 250 tis\u00edc lid\u00ed,&#8220; \u0159ekla organiz\u00e1torka Srdcerv\u00e1\u010d\u016f Hana Potm\u011b\u0161ilov\u00e1.<\/p>\n<p>Mo\u017en\u00e1 naposledy se spole\u010dn\u011b se\u0161el t\u00fdm Srdcerv\u00e1\u010d\u016f. Absolventi vysok\u00fdch \u0161kol cel\u00fd podzim p\u0159esv\u011bd\u010dovali spole\u010dnost, \u017ee \u010dlov\u011bk s handicapem m\u016f\u017ee pracovat. I oni zam\u011bstn\u00e1n\u00ed na\u0161li, t\u0159eba Jana za\u010dne u\u010dit v mate\u0159sk\u00e9 \u0161kole.<\/p>\n<p>Charitativn\u00ed projekt Srdcerv\u00e1\u010di aktivn\u011b pom\u00e1h\u00e1 lidem s handicapem v hled\u00e1n\u00ed f\u00e9rov\u00e9 pr\u00e1ce. Firm\u00e1m se zase sna\u017e\u00ed uk\u00e1zat, \u017ee se nemus\u00ed b\u00e1t tyto lidi zam\u011bstn\u00e1vat. Ka\u017ed\u00fd, kdo projekt finan\u010dn\u011b podpo\u0159\u00ed, z\u00edsk\u00e1 origin\u00e1ln\u00ed d\u00e1rek \u010di z\u00e1\u017eitek. \u010cist\u00fd v\u00fdt\u011b\u017eek z projektu je pak vyu\u017eit pr\u00e1v\u011b na podporu zam\u011bstn\u00e1v\u00e1n\u00ed osob se zdravotn\u00edm posti\u017een\u00edm.<\/p>\n<p>Zdravotn\u011b posti\u017een\u00fdch je v \u010cR v\u00edce ne\u017e milion a v sou\u010dasnosti jich hled\u00e1 pr\u00e1ci p\u0159es \u0161edes\u00e1t tis\u00edc. Nejhor\u0161\u00ed vyhl\u00eddky maj\u00ed p\u0159itom podle odborn\u00edk\u016f osoby s vadou sluchu. Projekt Srdcerv\u00e1\u010di organizuje Nada\u010dn\u00ed fond pro podporu zam\u011bstn\u00e1v\u00e1n\u00ed osob se zdravotn\u00edm posti\u017een\u00edm (NFOZP), kter\u00fd podporuje zdravotn\u011b posti\u017een\u00e9 v p\u0159\u00edstupu k pr\u00e1ci a motivuje firmy k jejich zam\u011bstn\u00e1v\u00e1n\u00ed.<\/p>\n<p>\u010ct24<\/p>\n","protected":false},"excerpt":{"rendered":"<div class=\"mh-excerpt\"><p>Charitativn\u00ed projekt Srdcerv\u00e1\u010di rozd\u011blil 410 000 korun mezi firmy, kter\u00e9 zam\u011bstn\u00e1vaj\u00ed osoby se zdravotn\u00edm posti\u017een\u00edm.<\/p>\n<\/div>","protected":false},"author":1,"featured_media":18723,"comment_status":"open","ping_status":"closed","sticky":false,"template":"","format":"standard","meta":{"footnotes":""},"categories":[9],"tags":[],"class_list":["post-19396","post","type-post","status-publish","format-standard","has-post-thumbnail","hentry","category-zpravy"],"_links":{"self":[{"href":"https:\/\/www.invarena.cz\/index.php?rest_route=\/wp\/v2\/posts\/19396","targetHints":{"allow":["GET"]}}],"collection":[{"href":"https:\/\/www.invarena.cz\/index.php?rest_route=\/wp\/v2\/posts"}],"about":[{"href":"https:\/\/www.invarena.cz\/index.php?rest_route=\/wp\/v2\/types\/post"}],"author":[{"embeddable":true,"href":"https:\/\/www.invarena.cz\/index.php?rest_route=\/wp\/v2\/users\/1"}],"replies":[{"embeddable":true,"href":"https:\/\/www.invarena.cz\/index.php?rest_route=%2Fwp%2Fv2%2Fcomments&post=19396"}],"version-history":[{"count":0,"href":"https:\/\/www.invarena.cz\/index.php?rest_route=\/wp\/v2\/posts\/19396\/revisions"}],"wp:featuredmedia":[{"embeddable":true,"href":"https:\/\/www.invarena.cz\/index.php?rest_route=\/wp\/v2\/media\/18723"}],"wp:attachment":[{"href":"https:\/\/www.invarena.cz\/index.php?rest_route=%2Fwp%2Fv2%2Fmedia&parent=19396"}],"wp:term":[{"taxonomy":"category","embeddable":true,"href":"https:\/\/www.invarena.cz\/index.php?rest_route=%2Fwp%2Fv2%2Fcategories&post=19396"},{"taxonomy":"post_tag","embeddable":true,"href":"https:\/\/www.invarena.cz\/index.php?rest_route=%2Fwp%2Fv2%2Ftags&post=19396"}],"curies":[{"name":"wp","href":"https:\/\/api.w.org\/{rel}","templated":true}]}}