{"id":19460,"date":"2015-01-23T00:38:54","date_gmt":"2015-01-22T23:38:54","guid":{"rendered":"http:\/\/www.invarena.cz\/?p=19460"},"modified":"2015-01-23T09:52:28","modified_gmt":"2015-01-23T08:52:28","slug":"ktera-neziskovka-ziska-tri-sta-tisic-od-nadace-vodafone","status":"publish","type":"post","link":"https:\/\/www.invarena.cz\/?p=19460","title":{"rendered":"Kter\u00e1 neziskovka z\u00edsk\u00e1 t\u0159i sta tis\u00edc od Nadace Vodafone?"},"content":{"rendered":"<p><strong>Na konci b\u0159ezna se bude konat konference INSPO, v r\u00e1mci n\u00ed bude p\u0159ed\u00e1na i cena Rafael. Z\u00edsk\u00e1 ji neziskov\u00e1 organizace, kter\u00e1 inovativn\u011b vyu\u017e\u00edv\u00e1 modern\u00ed technologie ke zlep\u0161en\u00ed \u017eivota posti\u017een\u00fdch. Nadace Vodafone v\u00edt\u011bzi p\u0159ed\u00e1 300 000 korun.<\/strong><br \/>\n<!--more--><\/p>\n<p>ilustra\u010dn\u00ed foto: Cohdra \/ MorgueFile<\/p>\n<p>Patn\u00e1ct\u00fd ro\u010dn\u00edk konference INSPO se bude konat v sobotu 28. b\u0159ezna 2015 v pra\u017esk\u00e9m Kongresov\u00e9m centru. P\u0159i konferenci jsou prezentov\u00e1ny novinky a nejr\u016fzn\u011bj\u0161\u00ed mo\u017enosti spojen\u00e9 s informativn\u00edmi a komunika\u010dn\u00edmi technologiemi, kter\u00e9 mohou z\u00e1sadn\u011b uleh\u010dit a zm\u011bnit \u017eivot handicapovan\u00fdm lidem.<br \/>\nStejn\u011b jako loni, i letos vzala z\u00e1\u0161titu nad konferenc\u00ed Nadace Vodafone, kter\u00e1 ud\u011bl\u00ed cenu Rafael spojenou s \u010d\u00e1stkou 300 000 korun.<\/p>\n<p>Uch\u00e1zet se o ni mohou neziskov\u00e9 organizace, kter\u00e9 vyu\u017e\u00edvaj\u00ed informa\u010dn\u00ed a komunika\u010dn\u00ed technologie inovativn\u00edm zp\u016fsobem ke zlep\u0161en\u00ed kvality \u017eivota lid\u00ed se zdravotn\u00edm posti\u017een\u00edm. P\u0159ihl\u00e1sit se mus\u00ed do 17. \u00fanora.<\/p>\n<p>Ocen\u011bny mohou b\u00fdt projekty, kter\u00e9 u\u017e p\u0159in\u00e1\u0161ej\u00ed u\u017eitek minim\u00e1ln\u011b p\u011bt seti u\u017eivatel\u016fm a to alespo\u0148 p\u016fl roku. Finan\u010dn\u00ed \u010d\u00e1stka by m\u011bla b\u00fdt ur\u010dena na dal\u0161\u00ed rozvoj v\u00edt\u011bzn\u00e9ho projektu.<br \/>\nV\u00edce informac\u00ed naleznete na ofici\u00e1ln\u00edm webu konference INSPO:<br \/>\n<A href=http:\/\/inspo.cz\/>INSPO<\/A><\/p>\n<p>Ji\u0159\u00ed Marek<br \/>\ninvArena<\/p>\n","protected":false},"excerpt":{"rendered":"<div class=\"mh-excerpt\"><p>Na konci b\u0159ezna se bude konat konference INSPO, v r\u00e1mci n\u00ed bude p\u0159ed\u00e1na i cena Rafael. Z\u00edsk\u00e1 ji neziskov\u00e1 organizace, kter\u00e1 inovativn\u011b vyu\u017e\u00edv\u00e1 modern\u00ed technologie <a class=\"mh-excerpt-more\" href=\"https:\/\/www.invarena.cz\/?p=19460\" title=\"Kter\u00e1 neziskovka z\u00edsk\u00e1 t\u0159i sta tis\u00edc od Nadace Vodafone?\">[&#8230;]<\/a><\/p>\n<\/div>","protected":false},"author":3,"featured_media":14577,"comment_status":"open","ping_status":"closed","sticky":false,"template":"","format":"standard","meta":{"footnotes":""},"categories":[1],"tags":[],"class_list":["post-19460","post","type-post","status-publish","format-standard","has-post-thumbnail","hentry","category-nezarazene"],"_links":{"self":[{"href":"https:\/\/www.invarena.cz\/index.php?rest_route=\/wp\/v2\/posts\/19460","targetHints":{"allow":["GET"]}}],"collection":[{"href":"https:\/\/www.invarena.cz\/index.php?rest_route=\/wp\/v2\/posts"}],"about":[{"href":"https:\/\/www.invarena.cz\/index.php?rest_route=\/wp\/v2\/types\/post"}],"author":[{"embeddable":true,"href":"https:\/\/www.invarena.cz\/index.php?rest_route=\/wp\/v2\/users\/3"}],"replies":[{"embeddable":true,"href":"https:\/\/www.invarena.cz\/index.php?rest_route=%2Fwp%2Fv2%2Fcomments&post=19460"}],"version-history":[{"count":0,"href":"https:\/\/www.invarena.cz\/index.php?rest_route=\/wp\/v2\/posts\/19460\/revisions"}],"wp:featuredmedia":[{"embeddable":true,"href":"https:\/\/www.invarena.cz\/index.php?rest_route=\/wp\/v2\/media\/14577"}],"wp:attachment":[{"href":"https:\/\/www.invarena.cz\/index.php?rest_route=%2Fwp%2Fv2%2Fmedia&parent=19460"}],"wp:term":[{"taxonomy":"category","embeddable":true,"href":"https:\/\/www.invarena.cz\/index.php?rest_route=%2Fwp%2Fv2%2Fcategories&post=19460"},{"taxonomy":"post_tag","embeddable":true,"href":"https:\/\/www.invarena.cz\/index.php?rest_route=%2Fwp%2Fv2%2Ftags&post=19460"}],"curies":[{"name":"wp","href":"https:\/\/api.w.org\/{rel}","templated":true}]}}