{"id":19492,"date":"2015-01-22T11:12:38","date_gmt":"2015-01-22T10:12:38","guid":{"rendered":"http:\/\/www.invarena.cz\/?p=19492"},"modified":"2015-01-22T11:12:38","modified_gmt":"2015-01-22T10:12:38","slug":"ministryne-marksova-bude-jednat-o-planech-v-oblasti-ict","status":"publish","type":"post","link":"https:\/\/www.invarena.cz\/?p=19492","title":{"rendered":"Ministryn\u011b Marksov\u00e1 bude jednat o pl\u00e1nech v oblasti ICT"},"content":{"rendered":"<p><strong>Ministerstvo pr\u00e1ce a soci\u00e1ln\u00edch v\u011bc\u00ed splnilo sv\u016fj slib a vyhl\u00e1silo do konce roku 2014 st\u011b\u017eejn\u00ed zad\u00e1vac\u00ed \u0159\u00edzen\u00ed na informa\u010dn\u00ed syst\u00e9my zam\u011bstnanosti a soci\u00e1ln\u00edch d\u00e1vek.<br \/>\nDal\u0161\u00ed zad\u00e1vac\u00ed \u0159\u00edzen\u00ed budou n\u00e1sledovat i v roce 2015.<\/strong><br \/>\n<!--more--><\/p>\n<p>C\u00edlem je zajistit v\u00fdvoj a provoz informa\u010dn\u00edch technologi\u00ed a syst\u00e9m\u016f v souladu s architekturou Jednotn\u00e9ho informa\u010dn\u00edho syst\u00e9mu pr\u00e1ce a soci\u00e1ln\u00edch v\u011bc\u00ed. Pr\u00e1v\u011b o zhodnocen\u00ed situace v IT a dal\u0161\u00edch pl\u00e1nech MPSV chce ministryn\u011b Michaela Marksov\u00e1 se sv\u00fdm t\u00fdmem informovat odbornou IT ve\u0159ejnost.<br \/>\n\u201eVzhledem k tomu, \u017ee na\u0161e prvn\u00ed setk\u00e1n\u00ed se z\u00e1stupci IT spole\u010dnost\u00ed, kter\u00e9 prob\u011bhlo v srpnu minul\u00e9ho roku, lze pova\u017eovat za zda\u0159il\u00e9 a u\u017eite\u010dn\u00e9, rozhodla jsem se ho opakovat ve stejn\u00e9 podob\u011b. Pracovn\u00ed jedn\u00e1n\u00ed bude op\u011bt otev\u0159eno v\u0161em z\u00e1stupc\u016fm IT firem, kter\u00e9 o jedn\u00e1n\u00ed projev\u00ed z\u00e1jem a zaregistruj\u00ed se\u201c, uvedla ministryn\u011b pr\u00e1ce Michaela Marksov\u00e1. <\/p>\n<p>Pracovn\u00ed sch\u016fzka je otev\u0159ena z\u00e1stupc\u016fm IT firem, kter\u00e9 s ministerstvem ji\u017e spolupracuj\u00ed nebo maj\u00ed z\u00e1jem a p\u0159izv\u00e1ni budou op\u011bt i z\u00e1stupci m\u00e9di\u00ed. Pracovn\u00edho jedn\u00e1n\u00ed se za Ministerstvo pr\u00e1ce a soci\u00e1ln\u00edch v\u011bc\u00ed z\u00fa\u010dastn\u00ed tak\u00e9 n\u00e1m\u011bstkyn\u011b ministryn\u011b pro informa\u010dn\u00ed technologie Iva Merhautov\u00e1, vrchn\u00ed \u0159editel Robert Baxa a oba \u0159editel\u00e9 IT odbor\u016f. <\/p>\n<p>Pracovn\u00ed setk\u00e1n\u00ed se bude konat 3. \u00fanora 2015 od 9 hodin r\u00e1no. V p\u0159\u00edpad\u011b z\u00e1jmu m\u016f\u017eete sv\u00e9 registrace zas\u00edlat do 30. ledna 2015 na e-mail: michaela.matova@mpsv.cz. MPSV upozor\u0148uje, \u017ee s ohledem na kapacitu jednac\u00edch prostor m\u016f\u017ee zastupovat jednotlivou spole\u010dnost nebo jednotliv\u00e1 m\u00e9dia v\u017edy pouze jedna osoba a celkov\u00fd po\u010det osob je omezen. Spolu s potvrzen\u00edm o registraci bude potvrzen\u00fdm \u00fa\u010dastn\u00edk\u016fm sd\u011bleno i m\u00edsto kon\u00e1n\u00ed pracovn\u00edho jedn\u00e1n\u00ed. <\/p>\n<p>Petr Hab\u00e1\u0148<br \/>\ntiskov\u00fd mluv\u010d\u00ed MPSV<\/p>\n","protected":false},"excerpt":{"rendered":"<div class=\"mh-excerpt\"><p>Ministerstvo pr\u00e1ce a soci\u00e1ln\u00edch v\u011bc\u00ed splnilo sv\u016fj slib a vyhl\u00e1silo do konce roku 2014 st\u011b\u017eejn\u00ed zad\u00e1vac\u00ed \u0159\u00edzen\u00ed na informa\u010dn\u00ed syst\u00e9my zam\u011bstnanosti a soci\u00e1ln\u00edch d\u00e1vek. Dal\u0161\u00ed <a class=\"mh-excerpt-more\" href=\"https:\/\/www.invarena.cz\/?p=19492\" title=\"Ministryn\u011b Marksov\u00e1 bude jednat o pl\u00e1nech v oblasti ICT\">[&#8230;]<\/a><\/p>\n<\/div>","protected":false},"author":1,"featured_media":16409,"comment_status":"open","ping_status":"closed","sticky":false,"template":"","format":"standard","meta":{"footnotes":""},"categories":[6],"tags":[],"class_list":["post-19492","post","type-post","status-publish","format-standard","has-post-thumbnail","hentry","category-politika"],"_links":{"self":[{"href":"https:\/\/www.invarena.cz\/index.php?rest_route=\/wp\/v2\/posts\/19492","targetHints":{"allow":["GET"]}}],"collection":[{"href":"https:\/\/www.invarena.cz\/index.php?rest_route=\/wp\/v2\/posts"}],"about":[{"href":"https:\/\/www.invarena.cz\/index.php?rest_route=\/wp\/v2\/types\/post"}],"author":[{"embeddable":true,"href":"https:\/\/www.invarena.cz\/index.php?rest_route=\/wp\/v2\/users\/1"}],"replies":[{"embeddable":true,"href":"https:\/\/www.invarena.cz\/index.php?rest_route=%2Fwp%2Fv2%2Fcomments&post=19492"}],"version-history":[{"count":0,"href":"https:\/\/www.invarena.cz\/index.php?rest_route=\/wp\/v2\/posts\/19492\/revisions"}],"wp:featuredmedia":[{"embeddable":true,"href":"https:\/\/www.invarena.cz\/index.php?rest_route=\/wp\/v2\/media\/16409"}],"wp:attachment":[{"href":"https:\/\/www.invarena.cz\/index.php?rest_route=%2Fwp%2Fv2%2Fmedia&parent=19492"}],"wp:term":[{"taxonomy":"category","embeddable":true,"href":"https:\/\/www.invarena.cz\/index.php?rest_route=%2Fwp%2Fv2%2Fcategories&post=19492"},{"taxonomy":"post_tag","embeddable":true,"href":"https:\/\/www.invarena.cz\/index.php?rest_route=%2Fwp%2Fv2%2Ftags&post=19492"}],"curies":[{"name":"wp","href":"https:\/\/api.w.org\/{rel}","templated":true}]}}