{"id":19508,"date":"2015-01-22T12:20:31","date_gmt":"2015-01-22T11:20:31","guid":{"rendered":"http:\/\/www.invarena.cz\/?p=19508"},"modified":"2015-01-22T23:25:19","modified_gmt":"2015-01-22T22:25:19","slug":"proc-mam-v-praci-stale-stejne-penez-at-uz-delam-vice-nebo-mene","status":"publish","type":"post","link":"https:\/\/www.invarena.cz\/?p=19508","title":{"rendered":"Pro\u010d m\u00e1m v pr\u00e1ci st\u00e1le stejn\u011b pen\u011bz, a\u0165 d\u011bl\u00e1m v\u00edce nebo m\u00e9n\u011b"},"content":{"rendered":"<p><strong>Dotaz: Pracuji v chr\u00e1n\u011bn\u00e9 d\u00edln\u011b jako mont\u00e1\u017en\u00ed d\u011bln\u00edk na \u0161est hodin. M\u016fj plat nesm\u00ed m\u011bs\u00ed\u010dn\u011b p\u0159ekro\u010dit \u0161est tis\u00edc korun. Nez\u00e1vis\u00ed ale na mno\u017estv\u00ed odveden\u00e9 pr\u00e1ce. Je to spravedliv\u00e9 ? <\/strong><\/p>\n<p><!--more--><\/p>\n<p><strong>Dotaz:<\/strong> <em>Od listopadu lo\u0148sk\u00e9ho roku pracuji v chr\u00e1n\u011bn\u00e9 d\u00edln\u011b jako mont\u00e1\u017en\u00ed d\u011bln\u00edk na \u0161est hodin. M\u016fj plat nesm\u00ed m\u011bs\u00ed\u010dn\u011b p\u0159ekro\u010dit \u0161est tis\u00edc korun. Z\u00e1vis\u00ed na mno\u017estv\u00ed pracovn\u00edch dn\u00ed, ale ne na mno\u017estv\u00ed odveden\u00e9 pr\u00e1ce. Je \u00fapln\u011b jedno, zda smontuji za sm\u011bnu 800 ks nebo 100ks. Plat m\u00e1m st\u00e1le stejn\u00fd! Pt\u00e1m se: je to spravedliv\u00e9 ? A hlavn\u011b-je tam n\u011bjak\u00e1 motivace k pr\u00e1ci? Do pr\u00e1ce chod\u00edme proto,abychom si vyd\u011blali. Ch\u00e1pu, \u017ee mus\u00ed vyd\u011blat i m\u016fj zam\u011bstnavatel, ale\u2026<\/em><\/p>\n<p><strong>Odpov\u011b\u010f:<\/strong><br \/>\nSituace, kterou popisujete je b\u011b\u017en\u00e1 ve v\u011bt\u0161in\u011b zam\u011bstn\u00e1n\u00ed a ne jen ve chr\u00e1n\u011bn\u00e9 d\u00edln\u011b. Je to zp\u016fsobeno t\u00edm, \u017ee zam\u011bstnanci jsou b\u011b\u017en\u011b odm\u011b\u0148ov\u00e1ni podle odpracovan\u00fdch hodin, ne podle odveden\u00e9 pr\u00e1ce. Pravdou je, \u017ee na n\u011bkter\u00fdch pozic\u00edch je to nezbytn\u00e9, proto\u017ee ne v ka\u017ed\u00e9m zam\u011bstn\u00e1n\u00ed se d\u00e1 odveden\u00e1 pr\u00e1ce po\u010d\u00edtat na kusy apod.<\/p>\n<p>Ve Va\u0161\u00ed chr\u00e1n\u011bn\u00e9 d\u00edln\u011b by v\u0161ak bylo spravedliv\u011bj\u0161\u00ed a pro zam\u011bstnance v\u00edce motivuj\u00edc\u00ed, kdyby V\u00e1s zam\u011bstnavatel odm\u011b\u0148oval podle odveden\u00e9 pr\u00e1ce, jak p\u00ed\u0161ete. Z\u00e1le\u017e\u00ed to ale pouze na n\u011bm. On je z\u0159izovatelem pracovn\u00edho m\u00edsta a m\u016f\u017ee si ur\u010dit, zda bude zam\u011bstnance ohodnocovat podle odveden\u00e9 pr\u00e1ce \u010di odpracovan\u00fdch hodin.<\/p>\n<p>Na druhou stranu v d\u00edln\u00e1ch jsou \u010dasto v\u00fdkyvy v mno\u017estv\u00ed zak\u00e1zek. M\u016f\u017ee se st\u00e1t, \u017ee v n\u011bkter\u00e9m m\u011bs\u00edci budete m\u00edt kv\u016fli nedostatku zak\u00e1zek m\u00e1lo pr\u00e1ce, a pak byste m\u011bla samoz\u0159ejm\u011b i m\u00e9n\u011b pen\u011bz. Je tedy ot\u00e1zkou, zda byste si p\u0159i \u00fakolov\u00e9 mzd\u011b skute\u010dn\u011b p\u0159ilep\u0161ila.<\/p>\n<p>M\u00e1te pravdu, \u017ee pro \u010dlov\u011bka, kter\u00fd by za den zvl\u00e1dl vykonat v\u00edce pr\u00e1ce to doopravdy motiva\u010dn\u00ed nen\u00ed, pro\u010d by to d\u011blal bez n\u00e1le\u017eit\u00e9ho finan\u010dn\u00edho ohodnocen\u00ed.<br \/>\nKa\u017ed\u00fd zam\u011bstnanec m\u00e1 ale pr\u00e1vo podat v\u00fdpov\u011b\u010f a nal\u00e9zt si zam\u011bstn\u00e1n\u00ed, kde si jeho schopnost\u00ed bude zam\u011bstnavatel v\u00edce v\u00e1\u017eit.<\/p>\n<p>Ji\u0159\u00ed Marek<br \/>\ninvArena<\/p>\n","protected":false},"excerpt":{"rendered":"<div class=\"mh-excerpt\"><p>Dotaz: Pracuji v chr\u00e1n\u011bn\u00e9 d\u00edln\u011b jako mont\u00e1\u017en\u00ed d\u011bln\u00edk na \u0161est hodin. M\u016fj plat nesm\u00ed m\u011bs\u00ed\u010dn\u011b p\u0159ekro\u010dit \u0161est tis\u00edc korun. Nez\u00e1vis\u00ed ale na mno\u017estv\u00ed odveden\u00e9 pr\u00e1ce. <a class=\"mh-excerpt-more\" href=\"https:\/\/www.invarena.cz\/?p=19508\" title=\"Pro\u010d m\u00e1m v pr\u00e1ci st\u00e1le stejn\u011b pen\u011bz, a\u0165 d\u011bl\u00e1m v\u00edce nebo m\u00e9n\u011b\">[&#8230;]<\/a><\/p>\n<\/div>","protected":false},"author":3,"featured_media":0,"comment_status":"open","ping_status":"closed","sticky":false,"template":"","format":"standard","meta":{"footnotes":""},"categories":[18],"tags":[],"class_list":["post-19508","post","type-post","status-publish","format-standard","hentry","category-poradna"],"_links":{"self":[{"href":"https:\/\/www.invarena.cz\/index.php?rest_route=\/wp\/v2\/posts\/19508","targetHints":{"allow":["GET"]}}],"collection":[{"href":"https:\/\/www.invarena.cz\/index.php?rest_route=\/wp\/v2\/posts"}],"about":[{"href":"https:\/\/www.invarena.cz\/index.php?rest_route=\/wp\/v2\/types\/post"}],"author":[{"embeddable":true,"href":"https:\/\/www.invarena.cz\/index.php?rest_route=\/wp\/v2\/users\/3"}],"replies":[{"embeddable":true,"href":"https:\/\/www.invarena.cz\/index.php?rest_route=%2Fwp%2Fv2%2Fcomments&post=19508"}],"version-history":[{"count":0,"href":"https:\/\/www.invarena.cz\/index.php?rest_route=\/wp\/v2\/posts\/19508\/revisions"}],"wp:attachment":[{"href":"https:\/\/www.invarena.cz\/index.php?rest_route=%2Fwp%2Fv2%2Fmedia&parent=19508"}],"wp:term":[{"taxonomy":"category","embeddable":true,"href":"https:\/\/www.invarena.cz\/index.php?rest_route=%2Fwp%2Fv2%2Fcategories&post=19508"},{"taxonomy":"post_tag","embeddable":true,"href":"https:\/\/www.invarena.cz\/index.php?rest_route=%2Fwp%2Fv2%2Ftags&post=19508"}],"curies":[{"name":"wp","href":"https:\/\/api.w.org\/{rel}","templated":true}]}}