{"id":19510,"date":"2015-01-22T13:30:07","date_gmt":"2015-01-22T12:30:07","guid":{"rendered":"http:\/\/www.invarena.cz\/?p=19510"},"modified":"2015-01-22T13:31:28","modified_gmt":"2015-01-22T12:31:28","slug":"handicapovani-maji-uplatneni-v-relaxacnim-centru","status":"publish","type":"post","link":"https:\/\/www.invarena.cz\/?p=19510","title":{"rendered":"Handicapovan\u00ed maj\u00ed uplatn\u011bn\u00ed v relaxa\u010dn\u00edm centru"},"content":{"rendered":"<p><strong>&#8222;Je to pro m\u011b \u017eivotn\u00ed v\u00fdhra pracovat jako mas\u00e9r,&#8220; sv\u011b\u0159uje se p\u011bta\u010dty\u0159icetilet\u00fd Zden\u011bk Draho\u0148ovsk\u00fd ze Vset\u00edna. Zrakov\u011b posti\u017een\u00fd mu\u017e p\u0159ed necel\u00fdm rokem z\u00edskal zam\u011bstn\u00e1n\u00ed ve vset\u00ednsk\u00e9m relaxa\u010dn\u00edm centru Sjednocen\u00e9 organizace nevidom\u00fdch a slabozrak\u00fdch (SONS).<\/strong><!--more--><\/p>\n<p>Vset\u00edn \u2013 Mas\u00e9rstv\u00ed se Zden\u011bk Draho\u0148ovsk\u00fd v\u011bnuje \u010dtvrt stolet\u00ed. &#8222;Za\u010dal jsem hned po st\u0159edn\u00ed \u0161kole. Po absolvov\u00e1n\u00ed kurz\u016f jsem ode\u0161el pracovat do slovensk\u00e9 Levo\u010de,&#8220; vzpom\u00edn\u00e1.<\/p>\n<p>Kdy\u017e se ze Slovenska vr\u00e1til na Vala\u0161sko, musel sv\u00e9 obl\u00edben\u00e9 povol\u00e1n\u00ed na \u010das opustit. &#8222;Nebyl takov\u00fd z\u00e1jem. Bez pr\u00e1ce jsem ale nikdy nebyl. M\u00e1m rodinu. Je pot\u0159eba se o ni starat. Co plat\u00ed pro zdrav\u00e9, plat\u00ed tak\u00e9 pro m\u011b,&#8220; \u0159\u00edk\u00e1 mas\u00e9r.<\/p>\n<p>Zhruba p\u0159ed rokem se od sv\u00fdch zn\u00e1m\u00fdch dozv\u011bd\u011bl, \u017ee SONS Vset\u00edn hled\u00e1 mas\u00e9ry. &#8222;P\u0159ihl\u00e1sil jsem se a byl jsem vybr\u00e1n. Jsem moc r\u00e1d a v\u00e1\u017e\u00edm si, \u017ee nemus\u00edm b\u00fdt odk\u00e1z\u00e1n pouze na invalidn\u00ed d\u016fchod. Nav\u00edc netrp\u00edm pocitem ur\u010dit\u00e9 m\u00e9n\u011bcennosti a bezmocnosti jako mnoz\u00ed se stejn\u00fdm osudem, kter\u00fdm se neda\u0159\u00ed naj\u00edt vhodnou pr\u00e1ci,&#8220; podot\u00fdk\u00e1 Zden\u011bk Draho\u0148ovsk\u00fd.<\/p>\n<p>Relaxa\u010dn\u00ed centrum Sjednocen\u00e9 organizace nevidom\u00fdch a slabozrak\u00fdch ve Vset\u00edn\u011b je pracovi\u0161t\u011bm zam\u011bstn\u00e1vaj\u00edc\u00edm v\u00fdhradn\u011b osoby se zdravotn\u00edmposti\u017een\u00edm. Pr\u00e1ci tu u\u017e na\u0161lo deset handicapovan\u00fdch lid\u00ed. \u0160est p\u0159\u00edmo ve slu\u017eb\u00e1ch, dal\u0161\u00ed pak v administrativ\u011b. SONS ale p\u0159edpokl\u00e1d\u00e1, \u017ee v dohledn\u00e9 dob\u011b d\u00e1 v chr\u00e1n\u011bn\u00e9m pracovi\u0161ti slu\u017eeb pr\u00e1ci i dal\u0161\u00edm posti\u017een\u00fdm. Nejen zrakov\u011b. Vset\u00ed\u0148an\u00e9 si slu\u017eby relaxa\u010dn\u00edho centra chv\u00e1l\u00ed. &#8222;Chod\u00edm tu na mas\u00e1\u017ee. Jsem velmi spokojen,&#8220; sv\u011b\u0159il se nap\u0159\u00edklad Emil Barto\u0161.<\/p>\n<p>V sou\u010dasn\u00e9 dob\u011b v centru nab\u00edz\u00ed p\u0159edev\u0161\u00edm mas\u00e9rsk\u00e9 slu\u017eby. Poskytuj\u00ed je \u010dty\u0159i mas\u00e9\u0159i. &#8222;Z\u00e1m\u011br byl d\u00e1t p\u0159\u00edle\u017eitost zejm\u00e9na zrakov\u011b posti\u017een\u00fdm mas\u00e9r\u016fm. Pomohli jsme jim uplatnit se na trhu pr\u00e1ce a vyu\u017e\u00edt jejich v\u00fdjime\u010dnou citlivost rukou,&#8220; uvedla metodi\u010dka soci\u00e1ln\u00edch slu\u017eeb SONS Vset\u00edn Dagmar Filgasov\u00e1.<\/p>\n<p>Slu\u017eby SONS Vset\u00edn, kter\u00e1 pat\u0159\u00ed k nejv\u011bt\u0161\u00edm organizac\u00edm sv\u00e9ho druhu v republice, jsou zam\u011b\u0159eny na seniory a osoby se zdravotn\u00edm posti\u017een\u00edm. Nab\u00eddku v\u0161ak mohou pln\u011b vyu\u017e\u00edt tak\u00e9 ostatn\u00ed.&#8220; Chod\u00ed k n\u00e1m zat\u00edm nejv\u00edce lid\u00e9 z bl\u00edzk\u00e9ho okol\u00ed. St\u00e1le \u010dast\u011bji se oz\u00fdvaj\u00ed i z\u00e1jemci ze vzd\u00e1len\u011bj\u0161\u00edch m\u00edst,&#8220; dodala Dagmar Filgasov\u00e1. Vset\u00ednsk\u00e1 SONS se ale s rozsahem dosud poskytovan\u00fdch slu\u017eeb nespokojuje. Proto pl\u00e1nuje v leto\u0161n\u00edm roce roz\u0161\u00ed\u0159en\u00ed nab\u00eddky chr\u00e1n\u011bn\u00e9ho pracovi\u0161t\u011b. &#8222;Hled\u00e1me mo\u017enosti, jak zam\u011bstnat nap\u0159\u00edklad fyzioterapeuty, pedik\u00e9rky, kade\u0159nice a p\u0159\u00edpadn\u011b i dal\u0161\u00ed odborn\u00edky n\u00e1vazn\u00fdch slu\u017eeb na mas\u00e9rstv\u00ed,&#8220; vyj\u00e1d\u0159ila se Dagmar Filgasov\u00e1. Snahou SONS je d\u00e1t pr\u00e1ci rovn\u011b\u017e dal\u0161\u00edm handicapovan\u00fdm odborn\u00edk\u016fm. &#8222;Pracovat by mohli nap\u0159\u00edklad na digitalizaci dokument\u016f,&#8220; vyj\u00e1d\u0159ila se p\u0159edsedkyn\u011b Oblastn\u00ed odbo\u010dky SONS Vset\u00edn Ludmila Pavelkov\u00e1.<\/p>\n<p>Du\u0161an P\u00f3\u010d<br \/>\nVala\u0161sk\u00fd den\u00edk<\/p>\n","protected":false},"excerpt":{"rendered":"<div class=\"mh-excerpt\"><p>&#8222;Je to pro m\u011b \u017eivotn\u00ed v\u00fdhra pracovat jako mas\u00e9r,&#8220; sv\u011b\u0159uje se p\u011bta\u010dty\u0159icetilet\u00fd Zden\u011bk Draho\u0148ovsk\u00fd ze Vset\u00edna. Zrakov\u011b posti\u017een\u00fd mu\u017e p\u0159ed necel\u00fdm rokem z\u00edskal zam\u011bstn\u00e1n\u00ed ve <a class=\"mh-excerpt-more\" href=\"https:\/\/www.invarena.cz\/?p=19510\" title=\"Handicapovan\u00ed maj\u00ed uplatn\u011bn\u00ed v relaxa\u010dn\u00edm centru\">[&#8230;]<\/a><\/p>\n<\/div>","protected":false},"author":1,"featured_media":17845,"comment_status":"open","ping_status":"closed","sticky":false,"template":"","format":"standard","meta":{"footnotes":""},"categories":[9],"tags":[],"class_list":["post-19510","post","type-post","status-publish","format-standard","has-post-thumbnail","hentry","category-zpravy"],"_links":{"self":[{"href":"https:\/\/www.invarena.cz\/index.php?rest_route=\/wp\/v2\/posts\/19510","targetHints":{"allow":["GET"]}}],"collection":[{"href":"https:\/\/www.invarena.cz\/index.php?rest_route=\/wp\/v2\/posts"}],"about":[{"href":"https:\/\/www.invarena.cz\/index.php?rest_route=\/wp\/v2\/types\/post"}],"author":[{"embeddable":true,"href":"https:\/\/www.invarena.cz\/index.php?rest_route=\/wp\/v2\/users\/1"}],"replies":[{"embeddable":true,"href":"https:\/\/www.invarena.cz\/index.php?rest_route=%2Fwp%2Fv2%2Fcomments&post=19510"}],"version-history":[{"count":0,"href":"https:\/\/www.invarena.cz\/index.php?rest_route=\/wp\/v2\/posts\/19510\/revisions"}],"wp:featuredmedia":[{"embeddable":true,"href":"https:\/\/www.invarena.cz\/index.php?rest_route=\/wp\/v2\/media\/17845"}],"wp:attachment":[{"href":"https:\/\/www.invarena.cz\/index.php?rest_route=%2Fwp%2Fv2%2Fmedia&parent=19510"}],"wp:term":[{"taxonomy":"category","embeddable":true,"href":"https:\/\/www.invarena.cz\/index.php?rest_route=%2Fwp%2Fv2%2Fcategories&post=19510"},{"taxonomy":"post_tag","embeddable":true,"href":"https:\/\/www.invarena.cz\/index.php?rest_route=%2Fwp%2Fv2%2Ftags&post=19510"}],"curies":[{"name":"wp","href":"https:\/\/api.w.org\/{rel}","templated":true}]}}