{"id":19515,"date":"2015-01-22T14:29:17","date_gmt":"2015-01-22T13:29:17","guid":{"rendered":"http:\/\/www.invarena.cz\/?p=19515"},"modified":"2015-01-22T14:29:17","modified_gmt":"2015-01-22T13:29:17","slug":"spojit-uzitecne-s-prijemnym-hodla-spolek-sumava-na-nohou","status":"publish","type":"post","link":"https:\/\/www.invarena.cz\/?p=19515","title":{"rendered":"Spojit u\u017eite\u010dn\u00e9 s p\u0159\u00edjemn\u00fdm hodl\u00e1 spolek \u0160umava na nohou"},"content":{"rendered":"<p><strong>Pl\u00e1nuje na l\u00e9to koncert a za v\u00fdt\u011b\u017eek ze vstupn\u00e9ho chce po\u0159\u00eddit rehabilita\u010dn\u00ed pom\u016fcky.<\/strong><!--more--><\/p>\n<p>Vimperk \u2013 Vcelku pravideln\u011b se ve Vimperku v nejr\u016fzn\u011bj\u0161\u00edch internetov\u00fdch diskus\u00edch prob\u00edr\u00e1 kulturn\u00ed d\u011bn\u00ed ve m\u011bst\u011b. \u010casto tam diskutuj\u00edc\u00ed odkazuj\u00ed na to, jak\u00e1 je nab\u00eddka jinde, aby se do\u010dkali odpov\u011bd\u00ed, \u017ee kdy\u017e se ve Vimperku n\u011bco d\u011bje, tak tam lid\u00e9 stejn\u011b nejdou, pop\u0159\u00edpad\u011b se prob\u00edralo to, komu kdo jde p\u0159i po\u0159\u00e1d\u00e1n\u00ed kulturn\u00edch akc\u00ed tak \u0159\u00edkaj\u00edc na ruku.<\/p>\n<p>N\u011bkomu ale nesta\u010d\u00ed jen \u017eehrat a pokud se mu zd\u00e1, \u017ee nen\u00ed spokojen, chce s t\u00edm i n\u011bco s\u00e1m ud\u011blat. To je i p\u0159\u00edpad lid\u00ed sdru\u017een\u00fdch do spolku \u0160umava na nohou. Prvotn\u00ed impulz vze\u0161el od Radka Harazima. &#8222;Oslovil n\u00e1s s t\u00edm, \u017ee by ve Vimperku r\u00e1d vytvo\u0159il n\u011bco, co by pomohlo lidem ve m\u011bst\u011b a okol\u00ed a sou\u010dasn\u011b se vzniklo n\u011bco, \u010d\u00edm by se roz\u0161\u00ed\u0159ila kulturn\u00ed nab\u00eddka ve Vimperku,&#8220; \u0159\u00edk\u00e1 \u010dlenka spolku \u0160umava na nohou Jana K\u016fsov\u00e1.<\/p>\n<p>Spolu s Radkem Harazimem a Monikou Kotherovou p\u0159i\u0161li, jak se \u0159\u00edk\u00e1, se svou k\u016f\u017e\u00ed na trh. Vimpersk\u00fdm zastupitel\u016fm na jejich posledn\u00edm jedn\u00e1n\u00ed p\u0159edlo\u017eili sv\u00e9 z\u00e1m\u011bry. Z\u00e1kladn\u00edm c\u00edlem je sehnat prost\u0159edky, kter\u00e9 by n\u00e1sledn\u011b pomohly osob\u00e1m se zdravotn\u00edm posti\u017een\u00edm ve Vimperku a nejbli\u017e\u0161\u00edm okol\u00ed. A zdroje vid\u00ed jasn\u011b, pomoc by m\u011bla pramenit z v\u00fdt\u011b\u017eku ze vstupn\u00e9ho z kulturn\u00edch akc\u00ed, kter\u00e9 hodl\u00e1 spolek \u0160umava na nohou ve Vimperku po\u0159\u00e1dat. &#8222;Roz\u0161\u00ed\u0159ila by se tak sou\u010dasn\u011b i kulturn\u00ed nab\u00eddka ve Vimperku. Ti, kte\u0159\u00ed by poskytli pen\u00edze zakoupen\u00edm vstupenky, tak mohou vyj\u00e1d\u0159it podporu pro n\u011bco, co se po\u0159\u00e1d\u00e1 tady a pom\u016f\u017ee t\u00edm sv\u00fdm soused\u016fm s v\u011bdom\u00edm, \u017ee bude v\u011bd\u011bt, komu budou prost\u0159edky ur\u010deny,&#8220; vysv\u011btlila Jana K\u016fsov\u00e1.<\/p>\n<p>N\u00e1zev spolku \u0160umava na nohou je my\u0161len nejen z hlediska pohyblivosti v tom smyslu, \u017ee z v\u00fdt\u011b\u017eku bude mo\u017en\u00e9 zakoupit t\u011bm, kte\u0159\u00ed to pot\u0159ebuj\u00ed, nap\u0159\u00edklad rehabilita\u010dn\u00ed pom\u016fcky, co\u017e n\u011bkoho m\u016f\u017ee dostat fyzicky na nohy. &#8222;Ale tak\u00e9 v p\u0159enesen\u00e9m slova smyslu, pokusit se postavit na nohy i ty zdrav\u00e9, aby se zvedli a \u0161li aktivn\u011b podpo\u0159it my\u0161lenku svou p\u0159\u00edtomnost\u00ed na kulturn\u00ed akci. A spojen\u00ed se \u0160umavou je z\u0159ejm\u00e9, kdy\u017e se o Vimperku hovo\u0159\u00ed jako o br\u00e1n\u011b \u0160umavy. Lidem chceme za jejich pomoc a podporu nab\u00eddnout, kulturu, n\u011bjak\u00fd z\u00e1\u017eitek a tak\u00e9 \u010das, kter\u00fd str\u00e1v\u00ed se svou rodinou a p\u0159\u00e1teli,&#8220; dodala Jana K\u016fsov\u00e1.<\/p>\n<p>Proto spolek pl\u00e1nuje na srpen uspo\u0159\u00e1dat celodenn\u00ed koncert. V p\u0159edstihu proto po\u017e\u00e1dali o bezplatn\u00fd pron\u00e1jem m\u011bstsk\u00e9ho are\u00e1lu letn\u00edho divadla a aktu\u00e1ln\u011b \u0159e\u0161\u00ed s veden\u00edm m\u011bsta a zastupiteli mo\u017enost dal\u0161\u00ed podpory cel\u00e9 akce. ta podle slov z\u00e1stupc\u016f \u0160umavy na nohou m\u016f\u017ee m\u00edt nejr\u016fzn\u011bj\u0161\u00ed podobu od p\u0159\u00edm\u00e9 finan\u010dn\u00ed podpory, p\u0159es propagaci akce na webov\u00fdch str\u00e1nk\u00e1ch m\u011bsta a v kulturn\u00edm kalend\u00e1\u0159i m\u011bstsk\u00fdch akc\u00ed a\u017e po pomoc p\u0159i \u017e\u00e1dosti o finan\u010dn\u00ed podporu z dotac\u00ed \u010di grant\u016f.<\/p>\n<p>Jednou ze z\u00e1kladn\u00edch ot\u00e1zek, na n\u00ed\u017e cht\u011bli zastupitel\u00e9 odpov\u011b\u010f od z\u00e1stupc\u016f spolku, byl rozpo\u010det na pl\u00e1novan\u00fd koncert, p\u0159\u00edpadn\u011b \u010d\u00e1stku, kterou by od m\u011bsta uv\u00edtali. &#8222;Pokud se t\u00fdk\u00e1 rozpo\u010dtu, zahrnuje ve\u0161ker\u00e9 n\u00e1klady od ob\u010derstven\u00ed, p\u0159es poplatky za dod\u00e1vky energie, zap\u016fj\u010den\u00ed aparatur a honor\u00e1\u0159e pro \u00fa\u010dinkuj\u00edc\u00ed. V tuto chv\u00edli jej odhadujeme s ur\u010ditou rezervou na 290 tis\u00edc korun,&#8220; odpov\u011bd\u011bl Radek Harazim. A dodal, \u017ee co se t\u00fdk\u00e1 finan\u010dn\u00ed \u010d\u00e1stky od m\u011bsta, o jej\u00ed v\u00fd\u0161i zat\u00edm konkr\u00e9tn\u011b neuva\u017eovali. &#8222;Jak\u00e1koliv pomoc bude pro n\u00e1s p\u0159\u00ednosn\u00e1,&#8220; uvedl.<\/p>\n<p>Vedle z\u00e1m\u011bru, kter\u00fd, zd\u00e1 se, v\u011bt\u0161ina zastupitel\u016f minim\u00e1ln\u011b slovn\u011b podporuje, je ale t\u0159eba \u0159e\u0161it p\u0159edem i praktick\u00e9 z\u00e1le\u017eitosti. Ty se podle starostky Jaroslavy Martanov\u00e9 t\u00fdkaj\u00ed p\u0159edev\u0161\u00edm ochrany m\u011bstsk\u00e9ho majetku v are\u00e1lu. Jsou zde toti\u017e hern\u00ed prvky a zele\u0148 hrazen\u00e9 z projektu revitalizace are\u00e1lu a p\u0159\u00edpadn\u00e9 \u0161kody by musely j\u00edt za po\u0159adatelem akce. I proto se zastupitel\u00e9 zaj\u00edmali o odhad po\u010dtu lid\u00ed, kte\u0159\u00ed by mohli na koncert p\u0159ij\u00edt. &#8222;P\u0159edpokl\u00e1d\u00e1me podle rozlohy are\u00e1lu mo\u017enou n\u00e1v\u0161t\u011bvnost na akci 1000 a\u017e 1500 osob. Tento odhad se m\u016f\u017ee jevit velk\u00fd, i vzhledem k tomu, \u017ee se jedn\u00e1 o prvn\u00ed akci, ale podle na\u0161eho n\u00e1zoru to nen\u00ed a\u017e tak nere\u00e1ln\u00e9. Vezmeme\u00acli do \u00favahy, \u017ee maturitn\u00edch ples\u016f se \u00fa\u010dastn\u00ed p\u011bt a\u017e \u0161est set osob, na fotbalov\u00e9 utk\u00e1n\u00ed hv\u011bzd se do Vacova sjelo a se\u0161lo p\u0159es dva tis\u00edce lid\u00ed, pak by zm\u00edn\u011bn\u00e1 n\u00e1v\u0161t\u011bvnost na celodenn\u00edm koncertu nemusela b\u00fdt nere\u00e1ln\u00e1,&#8220; uvedla za spolek Monika Kotherov\u00e1.<\/p>\n<p>A podle zastupitele Tom\u00e1\u0161e Ko\u0161ky by se do are\u00e1lu ve\u0161el minim\u00e1ln\u011b a\u017e dvojn\u00e1sobn\u00fd po\u010det lid\u00ed. A zn\u00e1 i zp\u016fsob, jak by se toho dalo dos\u00e1hnout, by\u0165 by se jednalo o krok naprosto ojedin\u011bl\u00fd nejen ve Vimperku. &#8222;Hodn\u011b se mi l\u00edbila my\u0161lenka oslovit podnikatele ve Vimperku, kte\u0159\u00ed maj\u00ed restaura\u010dn\u00ed provozy. Sice by akci nesponzorovali p\u0159\u00edmo, ale na dobu kon\u00e1n\u00ed akce by sv\u00e9 podniky zav\u0159eli,&#8220; nazna\u010dil Tom\u00e1\u0161 Ko\u0161ka. S\u00e1m je t\u00e9hle my\u0161lence naklon\u011bn. &#8222;Zaprv\u00e9 ti, kte\u0159\u00ed v sobotu chod\u00ed do hospody pracovat, by se mohli j\u00edt tak\u00e9 pobavit a zaplacen\u00edm sv\u00e9 vstupenky podpo\u0159ili dobr\u00fd z\u00e1m\u011br. Zadruh\u00e9 by na koncert p\u0159i\u0161lo je\u0161t\u011b v\u00edc lid\u00ed, proto\u017ee kdy\u017e by se k t\u00e9to mo\u017enosti p\u0159ipojila alespo\u0148 polovina hospod ve m\u011bst\u011b, p\u016flka z host\u016f by mohla j\u00edt na koncert. Zvedla by se tak i n\u00e1v\u0161t\u011bvnost akce a celkov\u00fd v\u00fdt\u011b\u017eek. Mysl\u00edm si, \u017ee pokud bude dobr\u00e1 propagace, pak by na koncert skute\u010dn\u011b mohlo p\u0159ij\u00edt minim\u00e1ln\u011b t\u011bch patn\u00e1ct set lid\u00ed,&#8220; domn\u00edv\u00e1 se zastupitel.<\/p>\n<p>Podporu zam\u00fd\u0161len\u00e9 aktivity spolku \u0160umava na nohou vyj\u00e1d\u0159ila i b\u00fdval\u00e1 zastupitelka a radn\u00ed Vimperku V\u011bra V\u00e1vrov\u00e1, kter\u00e1 m\u00e1 bohat\u00e9 zku\u0161enosti s charitativn\u00edmi akcemi po\u0159\u00e1dan\u00fdmi Ob\u010dansk\u00fdm sdru\u017een\u00edm Stanislavy Chumanov\u00e9. &#8222;Takovou akci je pot\u0159eba podporovat a je dobr\u00e9 o tom i diskutovat. Ka\u017ed\u00fd n\u011bjak za\u010d\u00edn\u00e1, ale mysl\u00edm si, \u017ee to maj\u00ed velmi dob\u0159e p\u0159ipraven\u00e9. Byla by to podpora nejen pro posti\u017een\u00e9, ale tak\u00e9 velk\u00e1 reklama pro m\u011bsto samotn\u00e9,&#8220; domn\u00edv\u00e1 se V\u011bra V\u00e1vrov\u00e1.<\/p>\n<p>Jak ale podotkla, rozhoduj\u00edc\u00ed bude tak\u00e9 \u010das. &#8222;Ka\u017edop\u00e1dn\u011b se ned\u00e1 moc dlouho \u010dekat, musej\u00ed za\u010d\u00edt s n\u011bjakou \u010d\u00e1stkou. I my jsme s charitou n\u011bjak za\u010d\u00ednali a dnes jsme tam, kde jsme. Jestli ale oni p\u0159ijdou za interprety v \u00fanoru nebo v b\u0159eznu, m\u016f\u017ee se st\u00e1t, \u017ee jim to odm\u00edtnou, proto\u017ee u\u017e d\u00e9le \u010dekat nemohli a p\u0159ijali jinou nab\u00eddku na koncert. Je pot\u0159eba urychlen\u011b k tomu zaujmout n\u011bjak\u00e9 stanovisko a akci podpo\u0159it,&#8220; vyzvala V\u011bra V\u00e1vrov\u00e1 zastupitele.<\/p>\n<p>Ti se k z\u00e1m\u011bru spolku \u0160umava na nohou vr\u00e1t\u00ed ji\u017e v pond\u011bl\u00ed, kdy budou projedn\u00e1vat a schvalovat rozpo\u010det m\u011bsta na leto\u0161n\u00ed rok. Zda a v jak\u00e9 v\u00fd\u0161i najdou prost\u0159edky na podporu akce \u0160umavy na nohou, se ji\u017e brzy uk\u00e1\u017ee. V programu pond\u011bln\u00edho jedn\u00e1n\u00ed zastupitelstva m\u011bsta Vimperk je toti\u017e i bod v\u011bnovan\u00fd \u017e\u00e1dosti spolku o finan\u010dn\u00ed p\u0159\u00edsp\u011bvek.<\/p>\n<p>Miroslav Fuchs<br \/>\nPrachatick\u00fd den\u00edk<\/p>\n","protected":false},"excerpt":{"rendered":"<div class=\"mh-excerpt\"><p>Pl\u00e1nuje na l\u00e9to koncert a za v\u00fdt\u011b\u017eek ze vstupn\u00e9ho chce po\u0159\u00eddit rehabilita\u010dn\u00ed pom\u016fcky.<\/p>\n<\/div>","protected":false},"author":1,"featured_media":7488,"comment_status":"open","ping_status":"closed","sticky":false,"template":"","format":"standard","meta":{"footnotes":""},"categories":[9],"tags":[],"class_list":["post-19515","post","type-post","status-publish","format-standard","has-post-thumbnail","hentry","category-zpravy"],"_links":{"self":[{"href":"https:\/\/www.invarena.cz\/index.php?rest_route=\/wp\/v2\/posts\/19515","targetHints":{"allow":["GET"]}}],"collection":[{"href":"https:\/\/www.invarena.cz\/index.php?rest_route=\/wp\/v2\/posts"}],"about":[{"href":"https:\/\/www.invarena.cz\/index.php?rest_route=\/wp\/v2\/types\/post"}],"author":[{"embeddable":true,"href":"https:\/\/www.invarena.cz\/index.php?rest_route=\/wp\/v2\/users\/1"}],"replies":[{"embeddable":true,"href":"https:\/\/www.invarena.cz\/index.php?rest_route=%2Fwp%2Fv2%2Fcomments&post=19515"}],"version-history":[{"count":0,"href":"https:\/\/www.invarena.cz\/index.php?rest_route=\/wp\/v2\/posts\/19515\/revisions"}],"wp:featuredmedia":[{"embeddable":true,"href":"https:\/\/www.invarena.cz\/index.php?rest_route=\/wp\/v2\/media\/7488"}],"wp:attachment":[{"href":"https:\/\/www.invarena.cz\/index.php?rest_route=%2Fwp%2Fv2%2Fmedia&parent=19515"}],"wp:term":[{"taxonomy":"category","embeddable":true,"href":"https:\/\/www.invarena.cz\/index.php?rest_route=%2Fwp%2Fv2%2Fcategories&post=19515"},{"taxonomy":"post_tag","embeddable":true,"href":"https:\/\/www.invarena.cz\/index.php?rest_route=%2Fwp%2Fv2%2Ftags&post=19515"}],"curies":[{"name":"wp","href":"https:\/\/api.w.org\/{rel}","templated":true}]}}