{"id":19523,"date":"2015-01-23T09:50:54","date_gmt":"2015-01-23T08:50:54","guid":{"rendered":"http:\/\/www.invarena.cz\/?p=19523"},"modified":"2015-01-23T09:53:36","modified_gmt":"2015-01-23T08:53:36","slug":"jak-naletet-halikovi","status":"publish","type":"post","link":"https:\/\/www.invarena.cz\/?p=19523","title":{"rendered":"Jak nalet\u011bt Hal\u00edkovi"},"content":{"rendered":"<p><strong>Islamisti\u010dt\u00ed fanatici nen\u00e1vid\u00ed nejen svobodu slova, ale i mnoho jin\u00fdch projev\u016f na\u0161\u00ed kultury, p\u00ed\u0161e \u00favodem sv\u016fj koment\u00e1\u0159 JAN FRANK, historik, jen\u017e pracuje v neziskov\u00e9 Sjednocen\u00e9 organizaci <span class=\"highlight\">nevidom\u00fdch<\/span> a slabozrak\u00fdch \u010cR.<\/strong><!--more--><\/p>\n<p>Od chv\u00edle, kdy Tom\u00e1\u0161 Hal\u00edk v LN otiskl sv\u016fj text, vyjad\u0159uj\u00edc\u00ed distanc k hnut\u00ed truchl\u00edc\u00edch Je suis Charlie (LN 12. 1.), jsme-men\u0161in\u011b autor\u016f \u010dest &#8211; v hlavn\u00edch m\u00e9di\u00edch sv\u011bdky diskuse v\u00edcem\u00e9n\u011b na jedno t\u00e9ma: m\u016f\u017eou si novin\u00e1\u0159i za pa\u0159\u00ed\u017esk\u00fd teror na karikaturistech tak trochu sami? Jsme kmuslim\u016fm dostate\u010dn\u011b uctiv\u00ed? Jako by to byla s ohledem na hrozbu isl\u00e1msk\u00e9ho teroru hlavn\u00ed ot\u00e1zka. Debatou s Hal\u00edkem d\u011bl\u00e1me pro \u00fasp\u011b\u0161n\u00fd rozvoj multikulturalismu kus dobr\u00e9 pr\u00e1ce.<\/p>\n<p>Charlie Hebdo: z\u00e1stupn\u00fd c\u00edl I kdyby noviny Charlie Hebdo v\u016fbec neexistovaly, k \u00fatok\u016fm by doch\u00e1zelo. \u00datok na noviny, svobodu slova, je jen jedn\u00edm z mnoha mo\u017en\u00fdch. Stejn\u011b jako na\u0161i ostrou satiru a velkou svobodu slova fanatici nen\u00e1vid\u00ed celou \u0159adu dal\u0161\u00edch projev\u016f na\u0161\u00ed kultury, na prvn\u00edmm\u00edst\u011b ale zahrani\u010dn\u00ed politiku Z\u00e1padu. Nechat se Hal\u00edkem odv\u00e9st jen k jeho parket\u011b, takzvan\u00e9mu multikulturn\u00edmu dialogu, je dokonalou uk\u00e1zkou \u00fasp\u011b\u0161n\u00e9 manipulace tyj\u00edc\u00ed ze slab\u00fdch m\u00edst v\u011bdom\u00ed spole\u010dnosti.<\/p>\n<p>T\u00fdden\u00edk Charlie Hebdo m\u011bl v \u0161edes\u00e1timilionov\u00e9 Francii p\u0159ed atent\u00e1tem n\u00e1klad asi jako \u010desk\u00fd Reflex. Proud\u00ed pr\u00e1v\u011b skrze toto miniaturn\u00ed soukrom\u00e9 m\u00e9dium do muslimsk\u00e9 komunity ve Francii takov\u00e1 d\u00e1vka frustrace, \u017ee vedle n\u00ed blednou projevy francouzsk\u00e9 tolerance v podob\u011b stovek me\u0161it, sp\u00ed\u0161e nefunk\u010dn\u00edch soci\u00e1ln\u00edch program\u016f pro nezam\u011bstnan\u00e9 a investic do zu\u0161lecht\u011bn\u00ed muslimsk\u00fdch p\u0159edm\u011bst\u00ed? Kdy\u017e se tedy p\u0159estane v \u010dasopisech zobrazovat prorok, budou t\u00edmzb\u00fdvaj\u00edc\u00ed k\u0159ivdy napraveny? Jak zn\u00ed seznam po\u017eadavk\u016f?<\/p>\n<p>Jin\u00e1 loajalita Zar\u00e1\u017e\u00ed, douf\u00e1m nejen m\u011b, je\u0161t\u011b jedna v\u011bc. Troufnul by si pan Hal\u00edk takto vystupovat v samotn\u00e9 Francii? Dal by i tam, dva dny po bezprecedentn\u00edm masakru, nav\u00edc jako duchovn\u00ed, p\u0159ednost apelu na slu\u0161n\u00e9 chov\u00e1n\u00ed novin\u00e1\u0159\u016f p\u0159ed \u00fa\u010dastenstv\u00edm, tedy ml\u010den\u00edm? Dok\u00e1zal by i tam, tv\u00e1\u0159\u00ed v tv\u00e1\u0159 &#8222;st\u00e1du&#8220; razit pojem &#8222;Nejsem Charlie&#8220;? Nejde zas jednou o starou zn\u00e1mou nic moc nestoj\u00edc\u00ed intelektu\u00e1lskou p\u00f3zu ur\u010denou hlavn\u011b pra\u017esk\u00e9mu \u010dten\u00e1\u0159i? Mimochodem: chov\u00e1n\u00ed Francouz\u016f bylo po masakru v\u0161\u00edm jin\u00fdm ne\u017e heroizac\u00ed zabit\u00fdch karikaturist\u016f, na n\u00ed\u017e reagoval Hal\u00edk.<\/p>\n<p>Jsme nej\u010dast\u011bji zvykl\u00ed na medi\u00e1ln\u00ed poloskand\u00e1ly V\u00e1clava Klause nebo Milo\u0161e Zemana. Kverulantstv\u00ed jejich ligy sice v\u017edy uraz\u00ed spoustu lid\u00ed, ale ct\u00ed jist\u00e9 proporce, nejednou m\u00e1 i tajenku. Na propojov\u00e1n\u00ed n\u00e1bo\u017eenstv\u00ed nap\u0159\u00ed\u010d civilizacemi zam\u011b\u0159en\u00fd &#8222;\u010darod\u011bj&#8220; Hal\u00edk je naopak synonymem nekonfliktnosti, ostentativn\u00ed spole\u010densk\u00e9 odpov\u011bdnosti a \u0161\u00e1liv\u011b opatrn\u00fdch tez\u00ed kr\u00e1sn\u011b pasuj\u00edc\u00edch politick\u00e9 korektnosti a evropsk\u00e9 unifikaci.<\/p>\n<p> Kolos\u00e1ln\u00ed netaktnost, kterou projevil k Francii a ob\u011btem teroru, lze vysv\u011btlit snad jen absolutn\u00ed, tedy fanatickou, oddanost\u00ed multikulturn\u00edmhodnot\u00e1m. Inteligentn\u00ed \u010dten\u00e1\u0159 domysl\u00ed ide\u00e1ln\u00ed n\u00e1m\u011bt na p\u0159\u00ed\u0161t\u00ed karikaturu v Charlie Hebdo.<\/p>\n<p>JAN FRANK, historik<br \/>\nAutor je p\u0159edsedou ob\u010dansk\u00e9ho sdru\u017een\u00ed Za branou a pracuje v neziskov\u00e9 Sjednocen\u00e9 organizaci <span class=\"highlight\">nevidom\u00fdch<\/span> a slabozrak\u00fdch \u010cR<\/p>\n","protected":false},"excerpt":{"rendered":"<div class=\"mh-excerpt\"><p>Islamisti\u010dt\u00ed fanatici nen\u00e1vid\u00ed nejen svobodu slova, ale i mnoho jin\u00fdch projev\u016f na\u0161\u00ed kultury, p\u00ed\u0161e \u00favodem sv\u016fj koment\u00e1\u0159 JAN FRANK, historik, jen\u017e pracuje v neziskov\u00e9 Sjednocen\u00e9 <a class=\"mh-excerpt-more\" href=\"https:\/\/www.invarena.cz\/?p=19523\" title=\"Jak nalet\u011bt Hal\u00edkovi\">[&#8230;]<\/a><\/p>\n<\/div>","protected":false},"author":1,"featured_media":12085,"comment_status":"open","ping_status":"closed","sticky":false,"template":"","format":"standard","meta":{"footnotes":""},"categories":[4],"tags":[],"class_list":["post-19523","post","type-post","status-publish","format-standard","has-post-thumbnail","hentry","category-nazory"],"_links":{"self":[{"href":"https:\/\/www.invarena.cz\/index.php?rest_route=\/wp\/v2\/posts\/19523","targetHints":{"allow":["GET"]}}],"collection":[{"href":"https:\/\/www.invarena.cz\/index.php?rest_route=\/wp\/v2\/posts"}],"about":[{"href":"https:\/\/www.invarena.cz\/index.php?rest_route=\/wp\/v2\/types\/post"}],"author":[{"embeddable":true,"href":"https:\/\/www.invarena.cz\/index.php?rest_route=\/wp\/v2\/users\/1"}],"replies":[{"embeddable":true,"href":"https:\/\/www.invarena.cz\/index.php?rest_route=%2Fwp%2Fv2%2Fcomments&post=19523"}],"version-history":[{"count":0,"href":"https:\/\/www.invarena.cz\/index.php?rest_route=\/wp\/v2\/posts\/19523\/revisions"}],"wp:featuredmedia":[{"embeddable":true,"href":"https:\/\/www.invarena.cz\/index.php?rest_route=\/wp\/v2\/media\/12085"}],"wp:attachment":[{"href":"https:\/\/www.invarena.cz\/index.php?rest_route=%2Fwp%2Fv2%2Fmedia&parent=19523"}],"wp:term":[{"taxonomy":"category","embeddable":true,"href":"https:\/\/www.invarena.cz\/index.php?rest_route=%2Fwp%2Fv2%2Fcategories&post=19523"},{"taxonomy":"post_tag","embeddable":true,"href":"https:\/\/www.invarena.cz\/index.php?rest_route=%2Fwp%2Fv2%2Ftags&post=19523"}],"curies":[{"name":"wp","href":"https:\/\/api.w.org\/{rel}","templated":true}]}}