{"id":19524,"date":"2015-01-23T09:52:56","date_gmt":"2015-01-23T08:52:56","guid":{"rendered":"http:\/\/www.invarena.cz\/?p=19524"},"modified":"2015-01-23T09:52:13","modified_gmt":"2015-01-23T08:52:13","slug":"lide-s-postizenim-o-praci-neprijdou-stat-podpori-jejich-zamestnavatele","status":"publish","type":"post","link":"https:\/\/www.invarena.cz\/?p=19524","title":{"rendered":"Lid\u00e9 s posti\u017een\u00edm o pr\u00e1ci nep\u0159ijdou. St\u00e1t podpo\u0159\u00ed jejich zam\u011bstnavatele"},"content":{"rendered":"<p><strong>St\u00e1t uznal, \u017ee lid\u00e9 s leh\u010d\u00edmi formami zdravotn\u00edho handicapu nemohou pracovat stejn\u011b jako lid\u00e9 zdrav\u00ed. Proto nezastav\u00ed finan\u010dn\u00ed podporu pro jejich zam\u011bstnavatele. \u010cty\u0159i v\u00fdrobn\u00ed dru\u017estva ve Zl\u00ednsk\u00e9m kraji to v\u00edtaj\u00ed.<\/strong> <!--more-->ilustra\u010dn\u00ed foto: Flickr.com<\/p>\n<p>Lid\u00e9, kter\u00e9 p\u0159edloni z\u00e1zra\u010dn\u011b &#8222;uzdravilo&#8220; na\u0159\u00edzen\u00ed z\u00e1kona, mohou znovu z\u00edskat status zdravotn\u011b znev\u00fdhodn\u011bn\u00e9 osoby. Skon\u010dily tak dva roky nejistoty nejen pro n\u011b samotn\u00e9, ale i pro v\u00fdrobn\u00ed dru\u017estva, kter\u00e1 je zam\u011bstn\u00e1vaj\u00ed. St\u00e1t bude d\u00e1l dotovat pracovn\u00ed m\u00edsta pro ty, kte\u0159\u00ed nezvl\u00e1dnou b\u011b\u017en\u00e9 pracovn\u00ed tempo \u010di prost\u0159ed\u00ed.<br \/>\n&#8222;Byl to opravdu nesmysl. Ti lid\u00e9 nemaj\u00ed senn\u00e9 r\u00fdmy, jak to tehdy vl\u00e1da prezentovala. Maj\u00ed skute\u010dn\u00e9 probl\u00e9my a jsou prakticky nezam\u011bstnateln\u00ed,&#8220; potvrdil p\u0159edseda v\u00fdrobn\u00edho dru\u017estva D\u016fbrava ve Vala\u0161sk\u00fdch Klobouk\u00e1ch Emil Z\u016fbek.<br \/>\nTo ostatn\u011b potvrzuje i fakt, \u017ee \u010d\u00e1st lid\u00ed, kter\u00e9 z\u00e1kon uzdravil, pak dos\u00e1hla na \u010d\u00e1ste\u010dn\u00fd <span class=\"highlight\">invalidn\u00ed<\/span> d\u016fchod.<br \/>\nStatus zdravotn\u011b znev\u00fdhodn\u011bn\u00fdch se za\u010dal postupn\u011b ru\u0161it od roku 2013, definitivn\u011b m\u011bl skon\u010dit k leto\u0161n\u00edmu 1. lednu.<br \/>\nN\u011bkte\u0159\u00ed jej v\u0161ak m\u011bli p\u0159iznan\u00fd jen na dobu ur\u010ditou, a pokud uplynula, nov\u00e9 potvrzen\u00ed u\u017e nedostali. A firma p\u0159i\u0161la o p\u0159\u00edsp\u011bvek.<br \/>\nV D\u016fbrav\u011b jde celkem o 30 lid\u00ed, t\u0159eba s posti\u017een\u00edm zraku, psychick\u00fdmi probl\u00e9my nebo zhor\u0161enou pohyblivost\u00ed. Kv\u016fli zm\u011bn\u011b pravidel se dru\u017estvo ro\u010dn\u011b dostalo zhruba do dvoumilionov\u00e9 ztr\u00e1ty.<br \/>\n&#8222;Nikoho jsme nepropustili, proto\u017ee by to prost\u011b nebylo mor\u00e1ln\u00ed. Pracuj\u00ed u n\u00e1s des\u00edtky let a jejich stav se s v\u011bkem samoz\u0159ejm\u011b nelep\u0161\u00ed,&#8220; doplnil Z\u016fbek.<br \/>\nStejn\u011b se k probl\u00e9mu postavila v\u0161echna dru\u017estva v regionu. V krajn\u00edm p\u0159\u00edpad\u011b v\u0161ak propou\u0161t\u011bn\u00ed hrozilo, proto\u017ee z\u00e1konem uzdraven\u00ed lid\u00e9 re\u00e1ln\u011b nemohou konkurovat zdrav\u00fdm koleg\u016fm.<br \/>\nVe h\u0159e byla i samotn\u00e1 existence dru\u017estev, kter\u00e1 stoj\u00ed na tom, \u017ee zam\u011bstn\u00e1vaj\u00ed nejm\u00e9n\u011b polovinu lid\u00ed s handicapem.<br \/>\n&#8222;To byl n\u00e1\u0161 nejv\u011bt\u0161\u00ed probl\u00e9m, mohlo se st\u00e1t, \u017ee to procento poklesne p\u0159\u00edli\u0161. Na\u0161t\u011bst\u00ed se to vy\u0159e\u0161ilo v\u010das,&#8220; dodal p\u0159edseda zl\u00ednsk\u00e9ho v\u00fdrobn\u00edho dru\u017estva Obzor V\u00e1clav P\u0161eja.<br \/>\nZnovuzaveden\u00ed kategorie vyjde levn\u011bji i st\u00e1t, \u00faspora je vy\u010d\u00edslen\u00e1 na 116 milion\u016f korun ro\u010dn\u011b.<br \/>\n&#8222;To je v porovn\u00e1n\u00ed s n\u00e1klady na jednoho nezam\u011bstnan\u00e9ho. T\u00edm, \u017ee byl status znovu zaveden, budou zam\u011bstnavatel\u00e9 nad\u00e1le motivov\u00e1ni nechat si tyto osoby v pracovn\u00edm pom\u011bru,&#8220; potvrdil mluv\u010d\u00ed Ministerstva pr\u00e1ce a soci\u00e1ln\u00edch v\u011bc\u00ed Petr Sulek.<br \/>\nStejn\u00e9 jako d\u0159\u00edv ale podm\u00ednky p\u0159ece jen nejsou. P\u0159\u00edsp\u011bvek se od leto\u0161n\u00edho ledna sn\u00ed\u017eil na m\u00e9n\u011b ne\u017e polovinu. Nov\u011b je zhruba \u010dty\u0159i tis\u00edce korun. &#8222;Te\u010f u\u017e je stav takov\u00fd, \u017ee soci\u00e1ln\u00ed politiku financujeme z vlastn\u00edch zdroj\u016f. Mus\u00edme na to vyd\u011blat,&#8220; reagoval Ivan Abdul, kter\u00fd vede v\u00fdrobn\u00ed dru\u017estvo Irisa ve Vset\u00edn\u011b.<br \/>\nZam\u011bstnanc\u016f se zdravotn\u00edm posti\u017een\u00edm m\u00e1 zhruba 170, z toho 80 s leh\u010d\u00ed formou.<br \/>\nZdravotn\u011b znev\u00fdhodn\u011bn\u00ed lep\u00ed \u0161t\u00edtky nebo bal\u00ed v\u00fdrobky P\u0159\u00edsp\u011bvek m\u00e1 nahradit \u00fapravy pracovi\u0161t\u011b tak, aby vyhovovalo konkr\u00e9tn\u00edmu pracovn\u00edkovi, a tak\u00e9 ni\u017e\u0161\u00ed efektivitu jeho pr\u00e1ce.<br \/>\nZdravotn\u011b znev\u00fdhodn\u011bn\u00ed t\u0159eba lep\u00ed \u0161t\u00edtky na \u010distic\u00ed prost\u0159edky nebo pom\u00e1haj\u00ed balit v\u00fdrobky do krabic. Ve t\u0159ech zvl\u00e1dnou to, co jeden zdrav\u00fd. Nahradit je bez pot\u00ed\u017e\u00ed m\u016f\u017ee i stroj.<br \/>\nKa\u017ed\u00fd, kdo o status p\u0159i\u0161el, o n\u011bj mus\u00ed znovu za\u017e\u00e1dat na okresn\u00ed spr\u00e1v\u011b soci\u00e1ln\u00edho zabezpe\u010den\u00ed. \u010c\u00e1st lid\u00ed u\u017e m\u00e1 proceduru za sebou.<br \/>\n&#8222;K l\u00e9ka\u0159\u016fm chodili u\u017e v z\u00e1v\u011bru roku a ka\u017ed\u00fd, kdo o status po\u017e\u00e1dal, jej dostal,&#8220; \u0159ekl Z\u016fbek. Ve Zl\u00ednsk\u00e9m kraji jsou v\u00fdrobn\u00ed dru\u017estva \u010dty\u0159i \u2013 Obzor a Integra ve Zl\u00edn\u011b, D\u016fbrava ve Vala\u0161sk\u00fdch Klobouk\u00e1ch a Irisa ve Vset\u00edn\u011b.<br \/>\nP\u016fvodn\u011b vznikala jako dru\u017estva invalid\u016f a vyr\u00e1b\u011bj\u00ed nap\u0159\u00edklad v\u00e1no\u010dn\u00ed ozdoby, pracovn\u00ed rukavice, \u010distic\u00ed prost\u0159edky, ale i LED osv\u011btlen\u00ed nebo t\u0159eba termostaty.<br \/>\n&#8222;N\u00e1vrat statusu zdravotn\u011b znev\u00fdhodn\u011bn\u00fdch pom\u016f\u017ee i dal\u0161\u00edm firm\u00e1m,&#8220; upozornila \u0159editelka \u00fa\u0159adu pr\u00e1ce ve Zl\u00edn\u011b Miriam Majdy\u0161ov\u00e1.<br \/>\nPokud maj\u00ed v\u00edc ne\u017e 25 zam\u011bstnanc\u016f, mus\u00ed vytvo\u0159it tak\u00e9 pracovn\u00ed m\u00edsto pro \u010dlov\u011bka s posti\u017een\u00edm. I ty pak, pokud si nezaplat\u00ed v\u00fdjimku, nej\u010dast\u011bji s\u00e1hnou pr\u00e1v\u011b po lidech s nejmen\u0161\u00edmi pot\u00ed\u017eemi.<br \/>\nV evidenci \u00fa\u0159ad\u016f pr\u00e1ce ve Zl\u00ednsk\u00e9m kraji je aktu\u00e1ln\u011b 367 lid\u00ed se zdravotn\u00edm znev\u00fdhodn\u011bn\u00edm, co\u017e je 9,5 procenta z celkov\u00e9ho po\u010dtu handicapovan\u00fdch.<\/p>\n<p>Petra Proch\u00e1zkov\u00e1, redaktorka MF DNES<br \/>\nMlad\u00e1 fronta DNES<\/p>\n","protected":false},"excerpt":{"rendered":"<div class=\"mh-excerpt\"><p>St\u00e1t uznal, \u017ee lid\u00e9 s leh\u010d\u00edmi formami zdravotn\u00edho handicapu nemohou pracovat stejn\u011b jako lid\u00e9 zdrav\u00ed. Proto nezastav\u00ed finan\u010dn\u00ed podporu pro jejich zam\u011bstnavatele. \u010cty\u0159i v\u00fdrobn\u00ed dru\u017estva <a class=\"mh-excerpt-more\" href=\"https:\/\/www.invarena.cz\/?p=19524\" title=\"Lid\u00e9 s posti\u017een\u00edm o pr\u00e1ci nep\u0159ijdou. St\u00e1t podpo\u0159\u00ed jejich zam\u011bstnavatele\">[&#8230;]<\/a><\/p>\n<\/div>","protected":false},"author":1,"featured_media":5045,"comment_status":"open","ping_status":"closed","sticky":false,"template":"","format":"standard","meta":{"footnotes":""},"categories":[6],"tags":[],"class_list":["post-19524","post","type-post","status-publish","format-standard","has-post-thumbnail","hentry","category-politika"],"_links":{"self":[{"href":"https:\/\/www.invarena.cz\/index.php?rest_route=\/wp\/v2\/posts\/19524","targetHints":{"allow":["GET"]}}],"collection":[{"href":"https:\/\/www.invarena.cz\/index.php?rest_route=\/wp\/v2\/posts"}],"about":[{"href":"https:\/\/www.invarena.cz\/index.php?rest_route=\/wp\/v2\/types\/post"}],"author":[{"embeddable":true,"href":"https:\/\/www.invarena.cz\/index.php?rest_route=\/wp\/v2\/users\/1"}],"replies":[{"embeddable":true,"href":"https:\/\/www.invarena.cz\/index.php?rest_route=%2Fwp%2Fv2%2Fcomments&post=19524"}],"version-history":[{"count":0,"href":"https:\/\/www.invarena.cz\/index.php?rest_route=\/wp\/v2\/posts\/19524\/revisions"}],"wp:featuredmedia":[{"embeddable":true,"href":"https:\/\/www.invarena.cz\/index.php?rest_route=\/wp\/v2\/media\/5045"}],"wp:attachment":[{"href":"https:\/\/www.invarena.cz\/index.php?rest_route=%2Fwp%2Fv2%2Fmedia&parent=19524"}],"wp:term":[{"taxonomy":"category","embeddable":true,"href":"https:\/\/www.invarena.cz\/index.php?rest_route=%2Fwp%2Fv2%2Fcategories&post=19524"},{"taxonomy":"post_tag","embeddable":true,"href":"https:\/\/www.invarena.cz\/index.php?rest_route=%2Fwp%2Fv2%2Ftags&post=19524"}],"curies":[{"name":"wp","href":"https:\/\/api.w.org\/{rel}","templated":true}]}}