{"id":19525,"date":"2015-01-23T08:43:22","date_gmt":"2015-01-23T07:43:22","guid":{"rendered":"http:\/\/www.invarena.cz\/?p=19525"},"modified":"2015-01-23T08:43:22","modified_gmt":"2015-01-23T07:43:22","slug":"soud-resi-udajne-okradani-senioru","status":"publish","type":"post","link":"https:\/\/www.invarena.cz\/?p=19525","title":{"rendered":"Soud \u0159e\u0161\u00ed \u00fadajn\u00e9 okr\u00e1d\u00e1n\u00ed senior\u016f"},"content":{"rendered":"<p><strong>Okr\u00e1d\u00e1n\u00edm klient\u016f senior\u016f si m\u011bla p\u0159ij\u00edt b\u00fdval\u00e1 \u0159editelka pe\u010dovatelsk\u00e9ho domu v \u0160estajovic\u00edch a jej\u00ed p\u0159\u00edtel na jeden a p\u016fl milionu korun.<\/strong> <!--more--><br \/>\n<em><strong> Televizi Barrandov<\/strong> <\/em><\/p>\n<p>Kauza takzvan\u00e9ho domu hr\u016fzy, o kter\u00e9m jsme v\u00e1m v Na\u0161ich zpr\u00e1v\u00e1ch u\u017e \u0159\u00edkali, dnes pokra\u010dovala u soudu v\u00fdpov\u011b\u010fmi \u00fadajn\u011b okraden\u00fdch senior\u016f.<\/p>\n<p>Jedn\u00edm z b\u00fdval\u00fdch klient\u016f Domova Petru\u0161ka v \u0160estajovic\u00edch je <span class=\"highlight\">invalidn\u00ed<\/span> pan Pikhart. Dostal na n\u011b v\u00fdborn\u00e9 reference a nedlouho pot\u00e9 se nast\u011bhoval.<\/p>\n<p>Jind\u0159ich PIKHART, b\u00fdval\u00fd klient Domova Petru\u0161ka: To bylo pr\u00e1v\u011b tak bombastick\u00fd p\u0159iv\u00edt\u00e1n\u00ed jo, \u017ee jsem si p\u0159ipadal jak anglickej kr\u00e1l, jo.<\/p>\n<p>Ale jak se \u0159\u00edk\u00e1 &#8211; kdy\u017e pt\u00e1\u010dka lapaj\u00ed, p\u011bkn\u011b mu zp\u00edvaj\u00ed. Situace se m\u011bla z\u00e1hy zm\u011bnit.<\/p>\n<p>PIKHART, b\u00fdval\u00fd klient Domova Petru\u0161ka: Pak se, pak se zhor\u0161ovalo j\u00eddlo a prost\u011b v\u0161echno, j\u00e1 u\u017e to ani nechci jmenovat, abych to v sob\u011b znova nejit\u0159il, jo.<\/p>\n<p>Co ale u soudu jmenoval dlouho, byl v\u00fd\u010det cennost\u00ed, o kter\u00e9 ho m\u011bla b\u00fdval\u00e1 \u0159editelka Petra Bro\u017eov\u00e1 se sv\u00fdm p\u0159\u00edtelem Ji\u0159\u00edm Kun\u010darem p\u0159ipravit.<\/p>\n<p>PIKHART, : Pan\u00ed Bro\u017eov\u00e1 prost\u011b \u0159ekla, \u017ee mi to uschov\u00e1 u nich v trezoru, tak\u017ee to tak uschovala nav\u017edycky.<\/p>\n<p>Pen\u00edze, \u0161perky a kreditn\u00ed karty s PINem m\u011bli vyl\u00e1kat hned od n\u011bkolika klient\u016f. Celkem si m\u011bli p\u0159ij\u00edt na p\u016fldruh\u00e9ho milionu.<\/p>\n<p>Ji\u0159\u00ed KUN\u010cAR, ob\u017ealovan\u00fd: Ne ne, nebudu se vyjad\u0159ovat k tomu, po dohod\u011b s advok\u00e1tem nebudu, tak\u017ee to je v\u0161e.<\/p>\n<p>Slova pana Pikharta ov\u0161em s vervou komentovali jeho b\u00fdval\u00ed pe\u010dovatel\u00e9 a p\u0159\u00edbuzn\u00ed ob\u017ealovan\u00e9 Bro\u017eov\u00e9 v jedn\u00e9 osob\u011b.<\/p>\n<p>Irena PT\u00c1\u010cKOV\u00c1, sestra Petry Bro\u017eov\u00e9 a zam\u011bstnankyn\u011b domova: Pan Pikhart je ulhanej, co\u017e jsem mu na chodb\u011b prost\u011b \u0159ekla, \u017ee on tady jed ze zem\u011b a tohle to, je to nesmysl.<\/p>\n<p>Ferdinand M\u011aCHURA, bratr Petry Bro\u017eov\u00e9 a v\u00fdpomoc v domov\u011b: Lituju toho, \u017ee jsem se vzd\u00e1val v\u00fdpov\u011bdi u soudu, ale na tom jsem si trval, ale tohle to kdybych sly\u0161el a byl jsem tam, tak jsem se ohl\u00e1sil a uved bych, \u017ee pan Pikhart a jeho p\u0159\u00edtelkyn\u011b hrozn\u011b l\u017eou.<\/p>\n<p>\u017de v domov\u011b ale nefungovalo v\u0161e jak by m\u011blo, n\u00e1m dnes \u0159ekl i starosta \u0160estajovic.<\/p>\n<p>Roman HRDLIC, starosta \u0160estajovic: My jsme na probl\u00e9my upozor\u0148ovali neust\u00e1le, jo, proto\u017ee bylo tam nedostate\u010dn\u00e9 vyt\u00e1p\u011bn\u00ed t\u0159eba, n\u011bkolikr\u00e1t nezaplatili vodu, jo, tak\u017ee dokonce jsme museli vypnout.<\/p>\n<p>Rozsudek zat\u00edm nepadl, soud pokra\u010duje 23. \u00fanora, kde zazn\u00ed v\u00fdpov\u011bdi dal\u0161\u00edch sv\u011bdk\u016f.<\/p>\n","protected":false},"excerpt":{"rendered":"<div class=\"mh-excerpt\"><p>Okr\u00e1d\u00e1n\u00edm klient\u016f senior\u016f si m\u011bla p\u0159ij\u00edt b\u00fdval\u00e1 \u0159editelka pe\u010dovatelsk\u00e9ho domu v \u0160estajovic\u00edch a jej\u00ed p\u0159\u00edtel na jeden a p\u016fl milionu korun.<\/p>\n<\/div>","protected":false},"author":1,"featured_media":0,"comment_status":"open","ping_status":"closed","sticky":false,"template":"","format":"standard","meta":{"footnotes":""},"categories":[9],"tags":[],"class_list":["post-19525","post","type-post","status-publish","format-standard","hentry","category-zpravy"],"_links":{"self":[{"href":"https:\/\/www.invarena.cz\/index.php?rest_route=\/wp\/v2\/posts\/19525","targetHints":{"allow":["GET"]}}],"collection":[{"href":"https:\/\/www.invarena.cz\/index.php?rest_route=\/wp\/v2\/posts"}],"about":[{"href":"https:\/\/www.invarena.cz\/index.php?rest_route=\/wp\/v2\/types\/post"}],"author":[{"embeddable":true,"href":"https:\/\/www.invarena.cz\/index.php?rest_route=\/wp\/v2\/users\/1"}],"replies":[{"embeddable":true,"href":"https:\/\/www.invarena.cz\/index.php?rest_route=%2Fwp%2Fv2%2Fcomments&post=19525"}],"version-history":[{"count":0,"href":"https:\/\/www.invarena.cz\/index.php?rest_route=\/wp\/v2\/posts\/19525\/revisions"}],"wp:attachment":[{"href":"https:\/\/www.invarena.cz\/index.php?rest_route=%2Fwp%2Fv2%2Fmedia&parent=19525"}],"wp:term":[{"taxonomy":"category","embeddable":true,"href":"https:\/\/www.invarena.cz\/index.php?rest_route=%2Fwp%2Fv2%2Fcategories&post=19525"},{"taxonomy":"post_tag","embeddable":true,"href":"https:\/\/www.invarena.cz\/index.php?rest_route=%2Fwp%2Fv2%2Ftags&post=19525"}],"curies":[{"name":"wp","href":"https:\/\/api.w.org\/{rel}","templated":true}]}}