{"id":19526,"date":"2015-01-23T08:52:37","date_gmt":"2015-01-23T07:52:37","guid":{"rendered":"http:\/\/www.invarena.cz\/?p=19526"},"modified":"2015-01-23T08:53:06","modified_gmt":"2015-01-23T07:53:06","slug":"kde-je-v-kauze-bratri-michalakovych-odebranych-matce-v-norsku-zajem-ditete","status":"publish","type":"post","link":"https:\/\/www.invarena.cz\/?p=19526","title":{"rendered":"Kde je v kauze brat\u0159\u00ed Michal\u00e1kov\u00fdch odebran\u00fdch matce v Norsku z\u00e1jem d\u00edt\u011bte?"},"content":{"rendered":"<p><strong>Kde je v kauze brat\u0159\u00ed Michal\u00e1kov\u00fdch odebran\u00fdch matce v Norsku z\u00e1jem d\u00edt\u011bte? Sna\u017e\u00ed se norsk\u00e1 soci\u00e1ln\u00ed slu\u017eba zajistit d\u011btem klidn\u00e9 d\u011btstv\u00ed a zdrav\u00fd v\u00fdvoj, jak tvrd\u00ed norsk\u00e1 ambas\u00e1da nebo neopr\u00e1vn\u011bn\u011b zas\u00e1hla do pr\u00e1v matky i otce? A je pot\u0159eba m\u011bnit fungov\u00e1n\u00ed p\u011bstounsk\u00e9 p\u00e9\u010de v \u010cesk\u00e9 republice? Dvacet minut Radio\u017eurn\u00e1lu, hostem je m\u00edstop\u0159edsedkyn\u011b poslaneck\u00e9ho klubu TOP 09 Jitka Chal\u00e1nkov\u00e1.<\/strong> <!--more--><\/p>\n<p>ilustra\u010dn\u00ed foto: TimWilson \/ Flickr.com<\/p>\n<p><strong>\u00a0 Vy se, pan\u00ed poslankyn\u011b, dlouho nebo u\u017e v p\u0159\u00edpadu anga\u017eujete n\u011bjak\u00fd ten \u010das, tak jednala podle v\u00e1s norsk\u00e1 soci\u00e1ln\u00ed slu\u017eba neopr\u00e1vn\u011bn\u011b?<\/strong><\/p>\n<p>Jitka CHAL\u00c1NKOV\u00c1, poslankyn\u011b \/TOP 09\/; m\u00edstop\u0159edsedkyn\u011b poslaneck\u00e9ho klubu TOP 09:<br \/>\nTak j\u00e1 se tomu p\u0159\u00edpadu v\u011bnuji u\u017e rok a p\u0159edn\u00e1\u0161\u00edm v Parlamentu \u010cesk\u00e9 republiky spoustu interpelac\u00ed na tuto v\u011bc. Tento p\u0159\u00edpad m\u00e1 2 roviny. Pokud se jedn\u00e1 o odebr\u00e1n\u00ed d\u011bt\u00ed, m\u00e1m k dispozici kompletn\u00ed spisy, v\u0161echno, co je v nich naps\u00e1no, v\u0161echno, co \u010detla pan\u00ed ministryn\u011b Marksov\u00e1 Tominov\u00e1, utajen\u011b \u00fadajn\u011b, co \u010detla pan\u00ed velvyslankyn\u011b norsk\u00e1, tak tyto spisy zn\u00e1m. Jsem p\u0159esv\u011bd\u010dena o nevin\u011b a to tak\u00e9 nevin\u011b rodi\u010d\u016f, a to tak\u00e9 dosv\u011bd\u010duje i zpr\u00e1va z policie, kter\u00e1 tento p\u0159\u00edpad vy\u0161et\u0159ovala.<\/p>\n<p>\u0158\u00edk\u00e1te, to je jedna rovina.<\/p>\n<p>Jitka CHAL\u00c1NKOV\u00c1, :<br \/>\nA to je jedna rovina. A druh\u00e1 rovina, je situace tady dnes a te\u010f. Tito, matka t\u011bchto chlapc\u016f usiluje o navr\u00e1cen\u00ed sv\u00fdch d\u011bt\u00ed do sv\u00e9 p\u00e9\u010de. M\u00e1 za sebou kompletn\u00ed martyrium v\u0161ech odvolac\u00edch soud\u016f, kter\u00e9 skon\u010dilo v kv\u011btnu 2013 a znovu po\u017e\u00e1dala o obnoven\u00ed o takzvanou revizi nebo nov\u00e9, nov\u00e9 l\u00ed\u010den\u00ed v t\u011bchto v\u011bcech, novou \u017ealobu v Norsku. Bylo j\u00ed tak doporu\u010deno i ze strany \u010desk\u00fdch \u00fa\u0159ad\u016f. Matka takto u\u010dinila, ale sou\u010dasn\u011b se domn\u00edv\u00e1m, \u017ee by m\u011bla b\u00fdt velmi aktivn\u00ed tak\u00e9 \u010desk\u00e1 vl\u00e1da.<\/p>\n<p>Kdy\u017e vy \u0159\u00edk\u00e1te, pan\u00ed poslankyn\u011b, \u017ee jste \u010detla to, co \u010detla ministryn\u011b pr\u00e1ce a soci\u00e1ln\u00edch v\u011bc\u00ed Michaela Marksov\u00e1, podle n\u00ed je ve spisu n\u011bco, co oprav\u0148uje norsk\u00e9 \u00fa\u0159ady k jejich postupu. Vy jste s t\u00edm spisem sezn\u00e1mena, jak jste \u0159\u00edkala, nic takov\u00e9ho jste tam nena\u0161la?<\/p>\n<p>Jitka CHAL\u00c1NKOV\u00c1,<br \/>\nNo, naopak. J\u00e1 jsem si tyto spisy kompletn\u011b p\u0159e\u010detla znovu \u00fapln\u011b podrobn\u011b, te\u010f pr\u00e1v\u011b jsem do\u010detla a moje roz\u010dilen\u00ed tedy je velmi vysok\u00e9.<\/p>\n<p>\u010c\u00edm si, promi\u0148te, vysv\u011btlujete tvrzen\u00ed ministryn\u011b pr\u00e1ce a soci\u00e1ln\u00edch v\u011bc\u00ed i \u0159editele \u00da\u0159adu pro mezin\u00e1rodn\u011b pr\u00e1vn\u00ed ochranu d\u011bt\u00ed Zde\u0148ka Kapit\u00e1na, kte\u0159\u00ed tvrd\u00ed, \u017ee spis obsahuje v\u011bci v souladu s tvrzen\u00edm norsk\u00e9 ambas\u00e1dy?<\/p>\n<p>Jitka CHAL\u00c1NKOV\u00c1,<br \/>\nJ\u00e1 v\u016fbec nepochop\u00edm, jak m\u016f\u017ee ministryn\u011b za \u010ceskou republiku nebo \u0159editel \u00da\u0159adu pro mezin\u00e1rodn\u011b pr\u00e1vn\u00ed ochranu d\u011bt\u00ed h\u00e1jit z\u00e1jmy norsk\u00e9 strany a rozhodnut\u00ed norsk\u00fdch \u00fa\u0159ad\u016f.<\/p>\n<p>Mysl\u00edte, \u017ee toto d\u011blaj\u00ed?<\/p>\n<p>Jitka CHAL\u00c1NKOV\u00c1<br \/>\nNo, ur\u010dit\u011b t\u00edmto, co hovo\u0159\u00ed a jak vlastn\u011b podporuj\u00ed norsk\u00e9 \u00fa\u0159ady, norsk\u00fd st\u00e1t a norskou velvyslankyni, tak v\u016fbec nerozum\u00edm tomu, pro\u010d neh\u00e1j\u00ed pr\u00e1va \u010desk\u00fdch d\u011bt\u00ed \u010desk\u00fdch ob\u010dan\u016f.<\/p>\n<p>V\u00edte, pan Kapit\u00e1n tak\u00e9 vyz\u00fdv\u00e1 matku, aby zve\u0159ejnila p\u016fvodn\u011b rozhodnut\u00ed soudu s t\u00edm, \u017ee tam je n\u011bco, s \u010d\u00edm matka nesouhlas\u00ed, a proto to nechce zve\u0159ejnit, nem\u00e1 pan Kapit\u00e1n v tomto pravdu?<\/p>\n<p>Jitka CHAL\u00c1NKOV\u00c1:<br \/>\nNo, absolutn\u011b ne. Tak\u017ee je opravdu velmi dobr\u00e9 tento spis zn\u00e1t, ale mus\u00edme postupovat tak, \u017ee pokud norsk\u00e1 strana, tedy Barnevern, eventu\u00e1ln\u011b soudy v Norsku daj\u00ed p\u00edsemn\u00e9 dobrozd\u00e1n\u00ed, \u017ee matka m\u016f\u017ee kompletn\u00ed spisy zve\u0159ejnit, nen\u00ed s t\u00edm v\u016fbec \u017e\u00e1dn\u00fd probl\u00e9m. Ale, pokud by tak u\u010dinila, tak by op\u011bt norsk\u00e9 \u00fa\u0159ady mohly \u0159\u00edct &#8211; matka zve\u0159ej\u0148uje intimn\u00ed informace o sv\u00fdch d\u011btech, a to ji m\u016f\u017ee v tom sou\u010dasn\u00e9m zase soudn\u00edm procesu ubl\u00ed\u017eit.<\/p>\n<p>Kdy\u017e ale mluv\u00edte o tom, o t\u011bch soudn\u00edch verdiktech, tak pan\u00ed Michal\u00e1kov\u00e1 n\u011bkolikr\u00e1t po\u017e\u00e1dala o p\u0159ezkum, soud j\u00ed nedal zapravdu a kdy\u017e vyjdeme ven z toho norsk\u00e9ho syst\u00e9mu, taky Evropsk\u00fd soud pro lidsk\u00e1 pr\u00e1va v srpnu odm\u00edtl st\u00ed\u017enost pan\u00ed Michal\u00e1kov\u00e9 s od\u016fvodn\u011bn\u00edm, cituji: &#8222;Soud neshledal \u017e\u00e1dn\u00e9 zn\u00e1mky poru\u0161en\u00ed pr\u00e1v a svobod obsa\u017een\u00fdch v \u00famluv\u011b anebo v jej\u00edch protokolech.&#8220; M\u00fdl\u00ed se tedy i \u0161trasbursk\u00fd soud?<\/p>\n<p>Jitka CHAL\u00c1NKOV\u00c1,:<br \/>\nEvropsk\u00fd soud pro lidsk\u00e1 pr\u00e1va v posledn\u00edch 2 a\u017e 3 letech ji\u017e nevyd\u00e1v\u00e1 negativn\u00ed rozsudky proti zem\u00edm skandin\u00e1vsk\u00fdm, proti seversk\u00fdm zem\u00edm.<\/p>\n<p>Mysl\u00edte, \u017ee to je n\u011bjak\u00fd z\u00e1m\u011br, \u017ee to je komplot?<\/p>\n<p>Jitka CHAL\u00c1NKOV\u00c1,<br \/>\nJe to d\u00e1no jednak p\u0159et\u00ed\u017eenost\u00ed tohoto soudu a jednak m\u00e1m jasn\u00e9 sv\u011bdectv\u00ed b\u00fdval\u00e9ho soudce Evropsk\u00e9ho soudu pro lidsk\u00e1 pr\u00e1va, pana Gregorituana, kter\u00fd promluvil na konferenci v Praze 3. \u0159\u00edjna 2014, kter\u00fd toto konstatoval.<\/p>\n<p>To v\u00e1m \u0159ekl ten b\u00fdval\u00fd soudce pro lidsk\u00e1 pr\u00e1va?<\/p>\n<p>Jitka CHAL\u00c1NKOV\u00c1, A d\u00e1le ten soud, ten soud, ten soud vlastn\u011b se odm\u00edtl touto z\u00e1le\u017eitost\u00ed zab\u00fdvat, to je v\u0161echno.<\/p>\n<p>Tak pakli\u017ee vydal ten verdikt &#8230;<\/p>\n<p>Jitka CHAL\u00c1NKOV\u00c1,:To je v\u0161echno. On se odm\u00edtl pro nep\u0159\u00edpustnost, tak nic jin\u00e9ho nen\u00ed bez jak\u00e9hokoliv od\u016fvodn\u011bn\u00ed.<\/p>\n<p>A vy \u0159\u00edk\u00e1te, \u017ee b\u00fdval\u00fd soudce pro lidsk\u00e1 pr\u00e1va v\u00e1m otev\u0159en\u011b \u0159ekl, \u017ee se proti seversk\u00fdm zem\u00edm .nevyd\u00e1vaj\u00ed negativn\u00ed verdikty?<\/p>\n<p>Jitka CHAL\u00c1NKOV\u00c1,<br \/>\nAno, ano, toto otev\u0159en\u011b \u0159ekl a z\u00e1rove\u0148 je pot\u0159eba si tak\u00e9 uv\u011bdomit, \u017ee parlamentn\u00ed shrom\u00e1\u017ed\u011bn\u00ed zem\u00ed Rady Evropy p\u0159ijalo v roce 2012 usnesen\u00ed, kter\u00e9 vyjad\u0159uje vysokou m\u00edru nespokojenosti nad vysok\u00fdm po\u010dtem odeb\u00edran\u00fdch d\u011bt\u00ed biologick\u00fdm rodi\u010d\u016fm v seversk\u00fdch zem\u00edch a nad fungov\u00e1n\u00edm rodinn\u00fdch soud\u016f v t\u011bchto zem\u00edch.<\/p>\n<p>: Pan\u00ed poslankyn\u011b, jak\u00fd je vlastn\u011b v\u00e1\u0161 vztah k pan\u00ed Ev\u011b Michal\u00e1kov\u00e9?<\/p>\n<p>Jitka CHAL\u00c1NKOV\u00c1,:<br \/>\nTak s celou touto kauzou, s t\u00edmto p\u0159\u00edpadem pan\u00ed Evy Michal\u00e1kov\u00e9 jsem se sezn\u00e1mila asi p\u0159ed rokem a \u010dtvrt, kdy zhruba 2 a\u017e 3 m\u011bs\u00edce jsme p\u0159ipravovali prvn\u00ed interpelace, kter\u00e9 jsem p\u0159ednesla v b\u0159eznu 2014 na p\u016fd\u011b Poslaneck\u00e9 sn\u011bmovny a pak n\u00e1sledovn\u011b v\u0161echny dal\u0161\u00ed sch\u016fze jsem p\u0159in\u00e1\u0161ela dal\u0161\u00ed a dal\u0161\u00ed interpelace na jednotliv\u00e9 ministryn\u011b a na premi\u00e9ra Vl\u00e1dy \u010cesk\u00e9 republiky. Pan\u00ed Michal\u00e1kovou zn\u00e1m osobn\u011b, nav\u0161t\u011bvuje pravideln\u011b \u010ceskou republiku, zn\u00e1m tak\u00e9 jej\u00edho otce, d\u011bde\u010dka chlapc\u016f Denisa a Davida, pana Pavelku, a jsme v pravideln\u00e9m kontaktu.<\/p>\n<p>A m\u016f\u017eete zaru\u010dit svoji objektivitu v cel\u00e9 kauze?<\/p>\n<p>Jitka CHAL\u00c1NKOV\u00c1,:<br \/>\nNo, tak ur\u010dit\u011b. J\u00e1 se tomu p\u0159\u00edpadu v\u011bnuji jako poslankyn\u011b a z\u00e1rove\u0148 h\u00e1j\u00edm z\u00e1jmy \u010desk\u00fdch ob\u010dan\u016f Denise a Davida a matky, kte\u0159\u00ed maj\u00ed v\u0161ichni trval\u00e9 bydli\u0161t\u011b v \u010cesk\u00e9 republice. Je to moje povinnost a tak\u00e9 p\u0159esv\u011bd\u010den\u00ed.<\/p>\n<p>Kdy\u017e jsme mluvili o tom postoji pan\u00ed ministryn\u011b Marksov\u00e9 a tak\u00e9 Zde\u0148ka Kapit\u00e1na, tak pan\u00ed ministryn\u011b \u0159ekla &#8211; ona ne\u0159\u00edk\u00e1 ve\u0159ejnosti plnou pravdu o Ev\u011b Michal\u00e1kov\u00e9. Vy si tedy jste jist\u00e1, \u017ee pan\u00ed Michal\u00e1kov\u00e1 v\u00e1m plnou pravdu \u0159\u00edk\u00e1?<\/p>\n<p>Jitka CHAL\u00c1NKOV\u00c1,<br \/>\nNaprosto jsem si t\u00edm jist\u00e1 a pan\u00ed ministryn\u011b tak\u00e9 \u0159\u00edk\u00e1, \u017ee se nem\u00e1 zve\u0159ej\u0148ovat \u010d\u00e1st toho spisu a pan \u0159editel \u00da\u0159adu pro mezin\u00e1rodn\u011b pr\u00e1vn\u00ed ochranu d\u011bt\u00ed zase \u0159\u00edk\u00e1, \u017ee \u017e\u00e1d\u00e1 matku, aby zve\u0159ejnila \u010d\u00e1sti spisu, kter\u00e9 \u00fadajn\u011b zatajila, ale to to, o \u010dem jsem hovo\u0159ila, \u017ee k tomu &#8230;<\/p>\n<p>:\u017de k tomu bude muset souhlas Barnevern.<\/p>\n<p>Jitka CHAL\u00c1NKOV\u00c1, :Ano, ano, tak\u017ee tak\u00e9 hovo\u0159\u00ed ka\u017ed\u00fd vlastn\u011b z jednoho ministerstva jin\u00fdm jazykem.<\/p>\n<p>:V\u010dera p\u0159edala norsk\u00e1 velvyslankyn\u011b Sletnerov\u00e9 n\u00f3tu premi\u00e9rovi Bohuslavu Sobotkovi. V n\u00ed je n\u00e1vrh, aby o p\u0159\u00edpadu bratr\u016f Michal\u00e1kov\u00fdch mezi sebou vz\u00e1jemn\u011b p\u0159\u00edmo komunikovaly \u00fa\u0159ady na ochranu d\u011bt\u00ed. Co si od t\u00e9to komunikace slibujete?<\/p>\n<p>Jitka CHAL\u00c1NKOV\u00c1,:<br \/>\nTak v podstat\u011b to pon\u011bkud koresponduje s usnesen\u00edm, kter\u00e9 bylo pr\u016flomov\u00e9 a kter\u00e9 p\u0159ijala Poslaneck\u00e1 sn\u011bmovna 9. prosince 2014, kde mimo jin\u00e9 Poslaneck\u00e1 sn\u011bmovna schv\u00e1lila, \u017ee doporu\u010duje prezidentu republiky a Vl\u00e1d\u011b \u010cesk\u00e9 republiky, aby iniciovala smlouvu, kter\u00e1 by umo\u017enila druh\u00e9 stran\u011b vlastn\u011b participovat na v\u0161ech soudn\u00edch a spr\u00e1vn\u00edch \u0159\u00edzen\u00edch t\u00fdkaj\u00edc\u00edch se nezletil\u00fdch d\u011bt\u00ed. Tak\u017ee j\u00e1 to ur\u010dit\u011b v ka\u017ed\u00e9m p\u0159\u00edpad\u011b v\u00edt\u00e1m.<\/p>\n<p>:Podle premi\u00e9ra nebude s \u010deskou stranou komunikovat Barnevern, tedy ten soci\u00e1ln\u00ed \u00fa\u0159ad, ale norsk\u00fd krajsk\u00fd soci\u00e1ln\u00ed v\u00fdbor, kter\u00fd o t\u00e9to v\u011bci m\u016f\u017ee paraleln\u011b se soudem rozhodnout, je to lep\u0161\u00ed partner pro vyjedn\u00e1v\u00e1n\u00ed?<\/p>\n<p>Jitka CHAL\u00c1NKOV\u00c1,<br \/>\nTak je to v\u011bc organizace t\u00e9to slu\u017eby, kterou maj\u00ed, maj\u00ed v Norsku. J\u00e1 m\u00e1m p\u0159ed sebou kompletn\u011b, kompletn\u011b za sebou navazuj\u00edc\u00ed rozhodov\u00e1n\u00ed, kdy vlastn\u011b ta baz\u00e1ln\u00ed rovina se odehr\u00e1v\u00e1 na Barnevernu a potom vlastn\u011b ty dal\u0161\u00ed krajsk\u00e1 komise, okresn\u00ed soud a podobn\u011b vych\u00e1zej\u00ed z t\u011bch prvotn\u00edch rozhodnut\u00ed &#8230;<\/p>\n<p>A daly jim za pravdu?<\/p>\n<p>Jitka CHAL\u00c1NKOV\u00c1,:A daly jim za pravdu.<\/p>\n<p>Vy jste v\u010dera \u0159\u00edkala, \u017ee okam\u017eit\u011b po\u017e\u00e1d\u00e1te norskou velvyslankyni o osobn\u00ed setk\u00e1n\u00ed. U\u017e na va\u0161i v\u00fdzvu reagovala?<\/p>\n<p>Jitka CHAL\u00c1NKOV\u00c1,:Ano, ano, u\u017e jsme se dohodly na term\u00ednu, bude to v p\u0159\u00ed\u0161t\u00edm t\u00fddnu.<\/p>\n<p>Nicm\u00e9n\u011b dnes jsem \u010detla rozhovor s pan\u00ed velvyslankyn\u00ed a ona \u0159\u00edkala, \u017ee Barneverne nejsou v kontaktu, nevid\u00ed do toho p\u0159\u00edpadu, zn\u00e1 jen v\u00fdsledky a \u017ee zkr\u00e1tka jaksi Barnevern pracuje nez\u00e1visle na velvyslanectv\u00ed \u010di na t\u011bch ministerstvech. Co o\u010dek\u00e1v\u00e1te tedy, \u017ee vlastn\u011b v\u00e1m norsk\u00e1 velvyslankyn\u011b \u0159ekne, kter\u00e1 \u0159ekla, \u017ee pouze spol\u00e9h\u00e1 na to, jak funguje norsk\u00fd soci\u00e1ln\u00ed syst\u00e9m?<\/p>\n<p>Jitka CHAL\u00c1NKOV\u00c1, :<br \/>\nTak j\u00e1 u\u017e jsem s pan\u00ed velvyslankyn\u00ed hovo\u0159ila dvakr\u00e1t, tak si mysl\u00edm, \u017ee na\u0161e, na\u0161e setk\u00e1n\u00ed nebude n\u011bjak\u00e9 nov\u00e9 nebo neobvykl\u00e9. J\u00e1 se domn\u00edv\u00e1m, \u017ee vl\u00e1da st\u00e1tu zodpov\u00edd\u00e1 za sv\u00e9 z\u00e1kony a pokud n\u011bkter\u00e1 slu\u017eba nebo n\u011bkter\u00e1 funkce funguje natolik autonomn\u011b, \u017ee nen\u00ed pod \u0159\u00e1dnou kontrolou a mohou se tam d\u00edt takov\u00e9 v\u011bci, \u017ee jsou \u010de\u0161t\u00ed ob\u010dan\u00e9 zadr\u017eov\u00e1ni na ciz\u00edm st\u00e1tn\u00edm \u00fazem\u00ed v ciz\u00edch, v rodin\u00e1ch ciz\u00edch st\u00e1tn\u00edch p\u0159\u00edslu\u0161n\u00edk\u016f, tak\u017ee za takov\u00e9to postupy je zodpov\u011bdn\u00e1 vl\u00e1da dan\u00e9ho st\u00e1tu.<\/p>\n<p>:Co tedy budete cht\u00edt po pan\u00ed velvyslankyni?<\/p>\n<p>Jitka CHAL\u00c1NKOV\u00c1,:<br \/>\nJ\u00e1 bych velice r\u00e1da s pan\u00ed velvyslankyn\u00ed hovo\u0159ila o druh\u00e9 v\u011bt\u011b t\u00e9 n\u00f3ty, o kter\u00e9 jste tady mluvila, \u017ee chlapci Michal\u00e1kovi si podle zpr\u00e1v po\u010d\u00ednaj\u00ed v p\u011bstounsk\u00e9 p\u00e9\u010di dob\u0159e a jejich situace se postupn\u011b zlep\u0161uje, uvedlo velvyslanectv\u00ed. Podle n\u011bj tak nebude pro \u00fa\u0159ady jednoduch\u00e9 rozhodovat, zda je v nejlep\u0161\u00edm z\u00e1jmu d\u011bt\u00ed vr\u00e1tit je matka, poslat do \u010ceska, anebo ponechat v n\u00e1hradn\u00ed rodin\u011b. Tato v\u011bta m\u011b velmi znepokojuje, tak\u00e9 vych\u00e1z\u00ed z m\u00fdch pocit\u016f, kter\u00e9 jsem m\u011bla p\u0159i, po jedn\u00e1n\u00ed s norskou slu\u017ebou Barnevern. Domn\u00edv\u00e1m se, \u017ee Norov\u00e9 cht\u011bj\u00ed \u010desk\u00e9 d\u011bti adoptovat, \u017ee je necht\u011bj\u00ed vr\u00e1tit do \u010cesk\u00e9 republiky a m\u00e1 to spoustu konotac\u00ed tak\u00e9 v mezin\u00e1rodn\u00edm pr\u00e1vu, proto\u017ee se fakticky jedn\u00e1 o \u00fanos \u010desk\u00fdch ob\u010dan\u016f.<\/p>\n<p>A d\u00e1 se v\u016fbec v t\u00e9to situaci, pan\u00ed poslankyn\u011b, dohledat ten z\u00e1jem d\u00edt\u011bte? Dnes jsem \u010detla zpr\u00e1vu, \u017ee bohu\u017eel chlapci u\u017e ani ne\u0159\u00edkaj\u00ed pan\u00ed Michal\u00e1kov\u00e9 m\u00e1mo.<\/p>\n<p>Jitka CHAL\u00c1NKOV\u00c1,<br \/>\nTak to je naprosto jasn\u00fd d\u016fkaz zr\u016fdnosti cel\u00e9ho syst\u00e9mu, proto\u017ee \u0159\u00edkali d\u011bde\u010dkovi d\u011bdo a to se norsk\u00e9 slu\u017eb\u011b naprosto nel\u00edbilo a mus\u00ed \u0159\u00edkat t\u0159eba matce k\u0159estn\u00edm jm\u00e9nem. Chv\u00e1l\u00ed, \u017ee matka to akceptovala nebo p\u0159e\u0161la v klidu, p\u0159esto\u017ee na takov\u00e9to osloven\u00ed zvykl\u00ed nebyli. To m\u00e1m ve\u0161ker\u00e9 z\u00e1pisy, z\u00e1znamy ze v\u0161ech sch\u016fzek, kdy vlastn\u011b v\u0161echny sch\u016fzky byly pod dohledem a r\u016fzn\u00fdm zp\u016fsobem byly tak\u00e9 komentov\u00e1ny, v\u0161echno to m\u00e1m k dispozici.<\/p>\n<p>Znovu se pt\u00e1m na ten z\u00e1jem d\u00edt\u011bte. Jak by podle v\u00e1s nebo um\u00edte si p\u0159edstavit, jak by m\u011bl vypadat ten n\u00e1vrat syn\u016f, kte\u0159\u00ed se s matkou nevid\u011bli, nebo vid\u011bli samoz\u0159ejm\u011b, ale na ty kr\u00e1tk\u00e9 okam\u017eiky?<\/p>\n<p>Jitka CHAL\u00c1NKOV\u00c1,:<br \/>\nJ\u00e1 pln\u011b rozum\u00edm t\u00e9to ot\u00e1zce a vn\u00edm\u00e1m ji jako velmi citlivou a vrac\u00edm se k tomu, co jsem \u0159ekla, v\u0161echno n\u00e1m to ukazuje na t\u00e9to kauze na zr\u016fdnost cel\u00e9ho syst\u00e9mu odeb\u00edr\u00e1n\u00ed d\u011bt\u00ed na z\u00e1klad\u011b vykonstruovan\u00fdch d\u016fvod\u016f a podle m\u011b neexistuje \u017e\u00e1dn\u00fd d\u016fvod, kter\u00fd by m\u011bl matce br\u00e1nit v tom, aby bojovala o sv\u00e9 d\u011bti, kter\u00fdm neubl\u00ed\u017eila.<\/p>\n<p>I kdyby to samy d\u011bti t\u0159eba necht\u011bly?<\/p>\n<p>Jitka CHAL\u00c1NKOV\u00c1,:<br \/>\nNo, to pr\u00e1v\u011b my z\u00edsk\u00e1v\u00e1me informace pouze prost\u0159ednictv\u00edm t\u011bch jejich p\u011bstounsk\u00fdch rodi\u010d\u016f, i to, \u017ee t\u0159eba Denis po\u017e\u00e1dal o sch\u016fzku, kter\u00e1 by m\u011bla trvat pouze 15 minut za p\u0159\u00edtomnosti p\u011bstoun\u016f, \u017ee si to p\u0159eje, ale my jsme toho Denise nesly\u0161eli.<\/p>\n<p>Norsk\u00fd parlament bude nebo by m\u011bl p\u0159\u00ed\u0161t\u00ed st\u0159edu projedn\u00e1vat celou kauzu. Co od tohoto jedn\u00e1n\u00ed o\u010dek\u00e1v\u00e1te, nebo sledujete ho?<\/p>\n<p>Jitka CHAL\u00c1NKOV\u00c1,:<br \/>\nNo, j\u00e1 si mysl\u00edm, \u017ee ka\u017ed\u00e1 aktivita je v\u00edtan\u00e1, proto\u017ee ten tlak by mohl b\u00fdt na r\u016fzn\u00fdch \u00farovn\u00edch a r\u016fzn\u00fdch rovin\u00e1ch a op\u011bt se vrac\u00edme k tomu cel\u00e9mu syst\u00e9mu, proto\u017ee tento p\u0159\u00edpad nen\u00ed jedin\u00fd. M\u00e1me dal\u0161\u00ed p\u0159\u00edpady k dispozici, ne ve v\u0161ech n\u00e1m rodi\u010de dovolili odtajnit anonymitu, tak\u017ee nem\u016f\u017eeme zat\u00edm prezentovat ve\u0159ejn\u011b, ale tak\u00e9 jsme v kontaktu s ostatn\u00edmi st\u00e1ty podobn\u011b <span class=\"highlight\">posti\u017een\u00fdmi<\/span>, zejm\u00e9na se to t\u00fdk\u00e1 zem\u00ed v\u00fdchodn\u00ed Evropy, Slovensko, Polsko, Loty\u0161sko, Litva a podobn\u011b.<\/p>\n<p>\u010cili vy ten tlak, pan\u00ed poslankyn\u011b, jak politick\u00fd, tak medi\u00e1ln\u00ed v\u00edt\u00e1te. Jen jak nap\u0159\u00edklad m\u016f\u017ee v takov\u00e9 atmosf\u00e9\u0159e regul\u00e9rn\u011b prob\u011bhnout dal\u0161\u00ed soud, kdy, jak jste tak\u00e9 \u0159\u00edkala, pan\u00ed Michal\u00e1kov\u00e1 zah\u00e1jila v Norsku nov\u00e9 \u0159\u00edzen\u00ed?<\/p>\n<p>Jitka CHAL\u00c1NKOV\u00c1,<br \/>\nAno, proto\u017ee to samoz\u0159ejm\u011b sl\u00edbila, \u017ee takto u\u010din\u00ed, tak ano, proto\u017ee si to p\u0159\u00e1l tak\u00e9 pan prezident, ale ona u\u017e cel\u00e9 to jedno kolo m\u00e1 za sebou. Tam je pot\u0159eba dob\u0159e zn\u00e1t tak\u00e9 z\u00e1kon na soci\u00e1ln\u011bpr\u00e1vn\u00ed ochranu d\u011bt\u00ed, ty paragrafy 4 a\u017e 21, kdy v podstat\u011b ona se takto m\u016f\u017ee soudit po\u0159\u00e1d dokola, v\u017edycky to kole\u010dko prob\u011bhne, to trv\u00e1 asi rok a a\u017e do 18 let.<\/p>\n<p>J\u00e1 se pt\u00e1m, v\u00edte, na tu atmosf\u00e9ru, zdali v podstat\u011b d\u00e1 se n\u011bjak\u00fdm zp\u016fsobem u\u017e te\u010f bez emoc\u00ed n\u011bjak posuzovat v\u016fbec celou tu v\u011bc a dostat se k meritu v\u011bci, a to je tedy i to, jestli do\u0161lo v\u016fbec na n\u011bjak\u00e9 zneu\u017e\u00edv\u00e1n\u00ed nebo ne a co je v z\u00e1jmu d\u011bt\u00ed?<\/p>\n<p>Jitka CHAL\u00c1NKOV\u00c1<br \/>\nVzhledem k tomu, jak\u00fdm zp\u016fsobem byla sv\u011bdectv\u00ed o \u00fadajn\u00e9m zneu\u017e\u00edv\u00e1n\u00ed d\u011bt\u00ed pod\u00e1v\u00e1na prost\u0159ednictv\u00edm u\u010ditelek mate\u0159sk\u00e9 \u0161kolky anebo v situaci, kdy d\u011bti byly ji\u017e odebr\u00e1ny z rodiny, a to bez \u0161et\u0159en\u00ed v bydli\u0161ti, nikdy tam nikdy nebyl na \u0161et\u0159en\u00ed v t\u011bch jejich, v t\u00e9 jejich p\u016fvodn\u00ed rodin\u011b. Byly odebr\u00e1ny ze \u0161kolky, \u017eily u\u017e u t\u011bch p\u011bstoun\u016f a za n\u011bkolik m\u011bs\u00edc\u016f sd\u011blili utajen\u011b jen p\u011bstounce n\u011bkter\u00e9 skute\u010dnosti, tak v\u016fbec nev\u011b\u0159\u00edm v objektivitu t\u011bchto obvin\u011bn\u00ed.<\/p>\n<p> Tak\u00e9 jste \u0159ekla, \u017ee zva\u017eujete, \u017ee po\u017e\u00e1d\u00e1te sn\u011bmovnu o zv\u00e1\u017een\u00ed mezin\u00e1rodn\u00ed \u017ealoby na Norsko.<\/p>\n<p>Jitka CHAL\u00c1NKOV\u00c1,:Ano.<\/p>\n<p>Z jak\u00fdch podklad\u016f by ale m\u011bli poslanci p\u0159i zva\u017eov\u00e1n\u00ed t\u00e9to \u017ealoby vych\u00e1zet? Co by m\u011bli k dispozici?<\/p>\n<p>Jitka CHAL\u00c1NKOV\u00c1,<br \/>\nTak ur\u010dit\u011b po\u017e\u00e1d\u00e1m vl\u00e1du a je v\u011bc\u00ed Vl\u00e1dy \u010cesk\u00e9 republiky, pokud si zjist\u00ed pot\u0159ebn\u00e9 podklady, pokud si zjist\u00ed po\u010dty takov\u00fdchto p\u0159\u00edpad\u016f a spoj\u00ed se s vl\u00e1dami, o kter\u00fdch jsem hovo\u0159ila, a\u0165 se to t\u00fdk\u00e1 Slovenska, Polska, Litvy, Loty\u0161ska, proto\u017ee ty p\u0159\u00edpady jsou tam zn\u00e1m\u00e9.<\/p>\n<p>A bude m\u00edt dostate\u010dn\u00e9 materi\u00e1ly, aby mohla ty kauzy posuzovat, kde tedy je vlastn\u011b pravda?<\/p>\n<p>Jitka CHAL\u00c1NKOV\u00c1,<br \/>\nJsem p\u0159ipravena vl\u00e1d\u011b b\u00fdti n\u00e1pomocna v t\u00e9to v\u011bci, proto\u017ee u\u017e dosti zn\u00e1m\u00fdch lid\u00ed v t\u011bchto st\u00e1tech m\u00e1m.<\/p>\n<p>Je\u0161t\u011b k dal\u0161\u00ed v\u011bci aktu\u00e1ln\u011b i z va\u0161\u00ed zku\u0161enost\u00ed s norsk\u00fdm syst\u00e9mem p\u011bstounsk\u00e9 p\u00e9\u010de, usilujete o zpracov\u00e1n\u00ed novely z\u00e1kona, kter\u00e1 by u n\u00e1s bu\u010f \u00fapln\u011b zru\u0161ila p\u0159echodnou p\u011bstounskou p\u00e9\u010di, nebo ji omezila, p\u0159ipom\u00edn\u00e1m, \u017ee jde o p\u011bstouny, d\u00edky kter\u00fdm mal\u00e9 d\u011bti odebran\u00ed vlastn\u00edm rodi\u010d\u016fm nemusej\u00ed do kojeneck\u00fdch \u00fastav\u016f. Pro\u010d chcete tuto zm\u011bnu t\u00e9 p\u0159echodn\u00e9 p\u011bstounsk\u00e9 p\u00e9\u010de?<\/p>\n<p>Jitka CHAL\u00c1NKOV\u00c1,<br \/>\nMy jsme p\u0159inesli tyto teze na v\u00fdbor pro soci\u00e1ln\u00ed politiku a jsou to teze k diskusi, tak\u017ee si mysl\u00edm, \u017ee nen\u00ed pot\u0159eba zat\u00edm hovo\u0159it jako o takov\u00fdch ust\u00e1len\u00fdch v\u011bt\u00e1ch, \u017ee to tak bude, ale mysl\u00edm si, \u017ee by se debata otev\u0159\u00edt m\u011bla, proto\u017ee zp\u016fsob protla\u010den\u00ed profesion\u00e1ln\u00ed, tedy t\u00e9 p\u011bstounsk\u00e9 p\u00e9\u010de na p\u0159echodnou dobu byl pom\u011brn\u011b nestandardn\u00ed a nebyli vyslechnuti v\u0161ichni, kte\u0159\u00ed do p\u00e9\u010de o ohro\u017een\u00e9 d\u011bti mohou hovo\u0159it a &#8230;<\/p>\n<p>V \u010dem byl nestandardn\u00ed?<\/p>\n<p>Jitka CHAL\u00c1NKOV\u00c1,<br \/>\nNo, nevyu\u017eily se zku\u0161enosti, kter\u00e9 m\u00e1me v \u010cesk\u00e9 republice a byl sem vlastn\u011b implantov\u00e1n syst\u00e9m, kter\u00fd m\u00e1 sv\u016fj vzor ve Velk\u00e9 Brit\u00e1nii a to pod t\u00edm, pod n\u00e1lepkou, \u017ee zachra\u0148ujeme d\u011bti z \u00fastav\u016f, a to proto, \u017ee ve Velk\u00e9 Brit\u00e1nii \u00fastavn\u00ed p\u00e9\u010de fungovala dlouhodob\u011b velmi \u0161patn\u011b, tak &#8230;<\/p>\n<p>A pro\u010d mysl\u00edte, \u017ee to je pouze n\u00e1lepka, proto\u017ee p\u0159ece jen ti, kte\u0159\u00ed \u0159\u00edkaj\u00ed, \u017ee p\u011bstounsk\u00e1 p\u00e9\u010de p\u0159echodn\u00e1 je p\u0159\u00ednosn\u00e1, mluv\u00ed nap\u0159\u00edklad o tom, \u017ee vyjde st\u00e1t i levn\u011bji. Pro\u010d mysl\u00edte a \u017ee nav\u00edc tam d\u00edt\u011b m\u00e1 samo toho p\u011bstouna na rozd\u00edl od tedy kojeneck\u00e9ho \u00fastavu?<\/p>\n<p>Jitka CHAL\u00c1NKOV\u00c1,<br \/>\nNo, bylo to velmi chyt\u0159e postaveno, proto\u017ee tam je velice slo\u017eit\u00e1 problematika tak\u00e9 <span class=\"highlight\">zdravotn\u011b<\/span> <span class=\"highlight\">posti\u017een\u00fdch<\/span> d\u011bt\u00ed, d\u011bt\u00ed, kter\u00e9 se narod\u00ed se z\u00e1vislostmi nap\u0159\u00edklad matky na drog\u00e1ch nebo HIV pozitivn\u00edch, m\u00e1me jich \u010d\u00edm d\u00e1le v\u00edce a teprve, a\u017e se zbav\u00ed t\u0159eba t\u011bchto probl\u00e9m\u016f, kdy jsou p\u0159ij\u00edm\u00e1ny do t\u011bch d\u011btsk\u00fdch center, takzvan\u00fdch \u00fastavn\u00edch kojeneck\u00fdch za\u0159\u00edzen\u00ed i s matkami, tak\u017ee tam nedoch\u00e1z\u00ed k \u017e\u00e1dn\u00e9mu odtr\u017een\u00ed od maminek, to nejsou d\u011bti bez rodi\u010d\u016f, a to se zapomn\u011blo \u0159\u00edct. My nem\u00e1me \u017e\u00e1dn\u00e9 d\u011bti v \u00fastavech, kter\u00e9 nemaj\u00ed vlastn\u00ed rodi\u010de, to se nikdy ne\u0159eklo. A potom je mo\u017en\u00e9 zva\u017eovat bu\u010f p\u011bstounskou p\u00e9\u010di na p\u0159echodnou dobu, budi\u017e, anebo l\u00e9pe z d\u016fvodu zaji\u0161t\u011bn\u00ed stability v\u00fdvoje d\u00edt\u011bte k jednomu prost\u0159ed\u00ed pak zva\u017eovat bu\u010f dlouhodobou p\u011bstounskou p\u00e9\u010di, ale samoz\u0159ejm\u011b ide\u00e1ln\u011b n\u00e1vrat do vlastn\u00ed p\u016fvodn\u00ed biologick\u00e9 rodiny. Je pot\u0159eba se k tomuto vr\u00e1tit a nal\u00e9zt opravdu dobr\u00fd konsensus ve spole\u010dnosti, aby cel\u00fd ten syst\u00e9m nemohl sm\u011b\u0159ovat k tomu, \u017ee placen\u00e1 bude v\u00edce preferovan\u00e1 ne\u017e nap\u0159\u00edklad adopce nebo p\u00e9\u010de ve vlastn\u00ed rodin\u011b.<\/p>\n<p>:A je dobr\u00e9 v\u016fbec tento p\u0159\u00edpad tak trochu otev\u00edrat v dob\u011b pr\u00e1v\u011b, kdy tady kulminuje pr\u00e1v\u011b ve\u0161ker\u00e9 jedn\u00e1n\u00ed ohledn\u011b p\u0159\u00edpadu Evy Michal\u00e1kov\u00e9 a jej\u00edch d\u011bt\u00ed?<\/p>\n<p>Jitka CHAL\u00c1NKOV\u00c1,:<br \/>\nJ\u00e1 se tady t\u00edm syst\u00e9mem soci\u00e1ln\u011bpr\u00e1vn\u00ed ochrany d\u011bt\u00ed zab\u00fdv\u00e1m dlouhodob\u011b, tak\u017ee to nen\u00ed v\u011bc, \u017ee bych to p\u0159inesla te\u010f. J\u00e1 se t\u00edm zab\u00fdv\u00e1m opravdu u\u017e od toho roku 2012, kdy jsem opravdu nebyla spokojen\u00e1 se zp\u016fsobem veden\u00ed debaty.<\/p>\n<p>:\u010cili s tou norskou kauzou to v\u016fbec nesouvis\u00ed?<\/p>\n<p>Jitka CHAL\u00c1NKOV\u00c1, :<br \/>\nNesouvis\u00ed, to je sp\u00ed\u0161e n\u00e1hodn\u00e1, n\u00e1hodn\u00e9 objeven\u00ed se p\u0159i seznamov\u00e1n\u00ed, jak jsem se seznamovala v\u016fbec s t\u011bmi syst\u00e9my.<\/p>\n<p>:Kdy\u017e se vr\u00e1t\u00edm k p\u0159\u00edpadu Evy Michal\u00e1kov\u00e9, tak jak\u00fd vn\u00edm\u00e1te posun od toho \u00faterka, kdy jste se vr\u00e1tili z Norska z jedn\u00e1n\u00ed s Barneverne, proto\u017ee stalo se docela dost v\u011bc\u00ed p\u0159edev\u0161\u00edm na t\u00e9 politick\u00e9 b\u00e1zi, tak vn\u00edm\u00e1te n\u011bjak\u00fd v\u00fdznamn\u00fd posun?<\/p>\n<p>Jitka CHAL\u00c1NKOV\u00c1, :<br \/>\nTak ur\u010dit\u011b velice v\u00edt\u00e1m to, \u017ee se pan premi\u00e9r Sobotka se\u0161el s norskou velvyslankyn\u00ed, v\u00edt\u00e1m novou n\u00f3tu ministerstva zahrani\u010d\u00ed, to ano. Docela teda mi chyb\u00ed aktivity pana ministra pro lidsk\u00e1 pr\u00e1va, pana Dienstbiera, proto\u017ee tam teda \u017e\u00e1dn\u00e9 aktivity nesly\u0161\u00edm.<\/p>\n<p>On ale tvrdil, \u017ee jako ministr pro lidsk\u00e1 pr\u00e1va nen\u00ed opr\u00e1vn\u011bn vyv\u00edjet jakoukoliv aktivitu k ovliv\u0148ov\u00e1n\u00ed p\u0159\u00edpadu v jurisdikci jin\u00e9ho st\u00e1tu, to vy tak nevn\u00edm\u00e1te, \u017ee k tomu nem\u00e1 pr\u00e1vo?<\/p>\n<p>Jitka CHAL\u00c1NKOV\u00c1,<br \/>\nTak to v\u016fbec tak nevn\u00edm\u00e1m, proto\u017ee se domn\u00edv\u00e1m, \u017ee ur\u010dit\u011b doch\u00e1z\u00ed k poru\u0161en\u00ed t\u011bch \u00fapln\u011b nejz\u00e1kladn\u011bj\u0161\u00edch lidsk\u00fdch pr\u00e1v, a to je poru\u0161en\u00ed pr\u00e1va na rodi\u010de a d\u011bti, na svou vz\u00e1jemnou p\u0159\u00edtomnost, na svou vz\u00e1jemnou prost\u011b souvislosti a \u017eivot spole\u010dn\u00fd, tak to se domn\u00edv\u00e1m, \u017ee pat\u0159\u00ed pr\u00e1v\u011b mezi z\u00e1kladn\u00ed lidsk\u00e1 pr\u00e1va. Mo\u017en\u00e1 je ot\u00e1zkou &#8230;<\/p>\n<p>\u017de zat\u00edm \u017e\u00e1dn\u00fd verdikt ale toto tvrzen\u00ed nepodpo\u0159il.<\/p>\n<p>Jitka CHAL\u00c1NKOV\u00c1, :<br \/>\nTo vych\u00e1z\u00ed z naprosto jasn\u00fdch a p\u0159irozen\u00fdch z\u00e1kon\u016f a domn\u00edv\u00e1m se, \u017ee ministerstvo pro lidsk\u00e1 pr\u00e1va by si m\u011blo svou agendu ujasnit.<\/p>\n<p>:Promi\u0148te, ale o jak\u00fdch jasn\u00fdch z\u00e1konech te\u010f mluv\u00edte, proto\u017ee samoz\u0159ejm\u011b je to jedno tvrzen\u00ed, na stran\u011b druh\u00e9 je tu druh\u00e9 tvrzen\u00ed?<\/p>\n<p>Jitka CHAL\u00c1NKOV\u00c1:<br \/>\nJ\u00e1 si mysl\u00edm, \u017ee rodi\u010de, kdy\u017e maj\u00ed sv\u00e9 d\u011bti, \u017ee opravdu by m\u011bli spolu \u017e\u00edt.<\/p>\n<p>:<br \/>\nDobr\u00e1, ale norsk\u00e1 strana tvrd\u00ed, \u017ee tady byly v\u00e1\u017en\u00e9 d\u016fvody, pro\u010d rodi\u010de nemohli setrvat se sv\u00fdmi d\u011btmi.<\/p>\n<p>Jitka CHAL\u00c1NKOV\u00c1,:Tak a\u0165 to norsk\u00e1 strana dok\u00e1\u017ee.<\/p>\n<p>:M\u00e1te pocit, \u017ee tedy ty verdikty t\u011bch soud\u016f nejsou nijak nosn\u00e9?<\/p>\n<p>Jitka CHAL\u00c1NKOV\u00c1,Naprosto.<\/p>\n<p>:\u010cili podle v\u00e1s doch\u00e1z\u00ed na zneu\u017eit\u00ed norsk\u00e9ho syst\u00e9mu ochrany d\u011bt\u00ed?<\/p>\n<p>Jitka CHAL\u00c1NKOV\u00c1, :No, zcela nepochybn\u011b.<\/p>\n<p>:Jak konkr\u00e9tn\u011b tedy?<\/p>\n<p>Jitka CHAL\u00c1NKOV\u00c1, :<br \/>\nTo je opravdu hodn\u011b slo\u017eit\u00e1 z\u00e1le\u017eitost, kter\u00e1 se postupn\u011b rozkr\u00fdv\u00e1 a takov\u00e9 docela p\u0159ehledn\u00e9 informace jsme z\u00edskali pr\u00e1v\u011b na t\u00e9 zm\u00edn\u011bn\u00e9 konferenci, kterou jsem m\u011bla \u010dest spolupo\u0159\u00e1dat pr\u00e1v\u011b se zmocn\u011bnkyn\u00ed p\u0159ed Evropsk\u00fdm soudem pro lidsk\u00e1 pr\u00e1va, pan\u00ed Maricou Piro\u0161\u00edkovou a ta, tam na t\u00e9to konferenci vystoupila spousta host\u016f ze seversk\u00fdch zem\u00ed, advok\u00e1t\u016f, soudc\u016f, tak\u00e9 maminek, kter\u00fdm byly odebr\u00e1ny d\u011bti, a ti v\u0161ichni sv\u011bd\u010dili o tom, jak cel\u00fd tento syst\u00e9m funguje. To nen\u00ed jedno n\u011bjak\u00e9 pochyben\u00ed, je to syst\u00e9mov\u00e1 chyba, kdy cel\u00e9 soukol\u00ed je skute\u010dn\u011b velmi dob\u0159e promazan\u00e9 a to, \u017ee se d\u011bti odeberou a daj\u00ed se dob\u0159e placen\u00fdm profesion\u00e1ln\u00edm p\u011bstoun\u016fm, to je skute\u010dn\u011b velmi dob\u0159e financovan\u00e1, \u0161t\u011bd\u0159e financovan\u00e1 \u010dinnost a na tom se \u017eiv\u00ed tak\u00e9 spousta t\u011bch advok\u00e1t\u016f, soudc\u016f a rodi\u010de jsou ve velmi slab\u0161\u00edm postaven\u00ed a je to velmi nerovn\u00fd souboj.<\/p>\n<p>:Jak mysl\u00edte, \u017ee se d\u00e1 vyhr\u00e1t?<\/p>\n<p>Jitka CHAL\u00c1NKOV\u00c1,<br \/>\nMysl\u00edm si, \u017ee by se m\u011bli spojit \u00fapln\u011b v\u0161ichni, komu z\u00e1le\u017e\u00ed na z\u00e1kladn\u00edch lidsk\u00fdch pr\u00e1vech a \u017ee by se m\u011bly spojit jednak ty st\u00e1ty, kter\u00e9 u\u017e vn\u00edmaj\u00ed p\u0159\u00edpady t\u011bch sv\u00fdch ob\u010dan\u016f <span class=\"highlight\">posti\u017een\u00fdch<\/span> v seversk\u00fdch zem\u00edch, spojit opravdu s\u00edly a upozor\u0148ovat na to na v\u0161ech \u00farovn\u00edch, na kter\u00fdch je mo\u017en\u00e9. Mo\u017en\u00e1 i n\u00e1\u0161 zmocn\u011bnec p\u0159ed Evropsk\u00fdm soudem pro lidsk\u00e1 pr\u00e1va by se mohl n\u011bkdy vyj\u00e1d\u0159it.<\/p>\n<p>:J\u00e1 jen upozor\u0148uji, \u017ee norsk\u00e1 velvyslankyn\u011b \u0159ekla, \u017ee norsk\u00fd syst\u00e9m pracuje tak, \u017ee se sna\u017e\u00ed nejprve situaci \u0159e\u0161it v dom\u00e1cnosti a \u017ee odebr\u00e1n\u00ed d\u00edt\u011bte z rodiny je nejzaz\u0161\u00ed mo\u017enost a \u017ee toto rozhodnut\u00ed mus\u00ed b\u00fdt zalo\u017eeno na velmi solidn\u00edch podkladech. A toto vy zpochyb\u0148ujete?<\/p>\n<p>Jitka CHAL\u00c1NKOV\u00c1,:Ano, toto v\u0161echno v pap\u00edrech je a potom je tam dal\u0161\u00ed postup, jak postupovaly, tak\u017ee to zpochyb\u0148uju, pap\u00edr snese v\u0161echno.<\/p>\n<p>:\u0158\u00edk\u00e1 m\u00edstop\u0159edsedkyn\u011b poslaneck\u00e9ho klubu TOP 09 Jitka Chal\u00e1nkov\u00e1, kter\u00e1 byla hostem Dvaceti minut Radio\u017eurn\u00e1lu. D\u011bkuji v\u00e1m za to. Na shledanou.<\/p>\n","protected":false},"excerpt":{"rendered":"<div class=\"mh-excerpt\"><p>Kde je v kauze brat\u0159\u00ed Michal\u00e1kov\u00fdch odebran\u00fdch matce v Norsku z\u00e1jem d\u00edt\u011bte? Sna\u017e\u00ed se norsk\u00e1 soci\u00e1ln\u00ed slu\u017eba zajistit d\u011btem klidn\u00e9 d\u011btstv\u00ed a zdrav\u00fd v\u00fdvoj, jak <a class=\"mh-excerpt-more\" href=\"https:\/\/www.invarena.cz\/?p=19526\" title=\"Kde je v kauze brat\u0159\u00ed Michal\u00e1kov\u00fdch odebran\u00fdch matce v Norsku z\u00e1jem d\u00edt\u011bte?\">[&#8230;]<\/a><\/p>\n<\/div>","protected":false},"author":1,"featured_media":15379,"comment_status":"open","ping_status":"closed","sticky":false,"template":"","format":"standard","meta":{"footnotes":""},"categories":[12],"tags":[],"class_list":["post-19526","post","type-post","status-publish","format-standard","has-post-thumbnail","hentry","category-rozhovory"],"_links":{"self":[{"href":"https:\/\/www.invarena.cz\/index.php?rest_route=\/wp\/v2\/posts\/19526","targetHints":{"allow":["GET"]}}],"collection":[{"href":"https:\/\/www.invarena.cz\/index.php?rest_route=\/wp\/v2\/posts"}],"about":[{"href":"https:\/\/www.invarena.cz\/index.php?rest_route=\/wp\/v2\/types\/post"}],"author":[{"embeddable":true,"href":"https:\/\/www.invarena.cz\/index.php?rest_route=\/wp\/v2\/users\/1"}],"replies":[{"embeddable":true,"href":"https:\/\/www.invarena.cz\/index.php?rest_route=%2Fwp%2Fv2%2Fcomments&post=19526"}],"version-history":[{"count":0,"href":"https:\/\/www.invarena.cz\/index.php?rest_route=\/wp\/v2\/posts\/19526\/revisions"}],"wp:featuredmedia":[{"embeddable":true,"href":"https:\/\/www.invarena.cz\/index.php?rest_route=\/wp\/v2\/media\/15379"}],"wp:attachment":[{"href":"https:\/\/www.invarena.cz\/index.php?rest_route=%2Fwp%2Fv2%2Fmedia&parent=19526"}],"wp:term":[{"taxonomy":"category","embeddable":true,"href":"https:\/\/www.invarena.cz\/index.php?rest_route=%2Fwp%2Fv2%2Fcategories&post=19526"},{"taxonomy":"post_tag","embeddable":true,"href":"https:\/\/www.invarena.cz\/index.php?rest_route=%2Fwp%2Fv2%2Ftags&post=19526"}],"curies":[{"name":"wp","href":"https:\/\/api.w.org\/{rel}","templated":true}]}}