{"id":19538,"date":"2015-01-25T12:07:14","date_gmt":"2015-01-25T11:07:14","guid":{"rendered":"http:\/\/www.invarena.cz\/?p=19538"},"modified":"2015-01-25T12:07:14","modified_gmt":"2015-01-25T11:07:14","slug":"inteligentnejsi-osoby-trpi-vice-uzkostmi","status":"publish","type":"post","link":"https:\/\/www.invarena.cz\/?p=19538","title":{"rendered":"Inteligentn\u011bj\u0161\u00ed osoby trp\u00ed v\u00edce \u00fazkostmi"},"content":{"rendered":"<p><strong>P\u0159em\u00fd\u0161l\u00edte p\u0159\u00edli\u0161, hloub\u00e1te o tom, co se stalo, \u010di jste znepokojeni ud\u00e1lostmi minul\u00fdmi, sou\u010dasn\u00fdmi i budouc\u00edmi? To jsou spole\u010dn\u00e9 znaky pro ty, kdo \u017eij\u00ed v neust\u00e1l\u00e9m stavu \u00fazkosti. Takov\u00e9 stavy m\u00edvaj\u00ed \u010dasto negativn\u00ed dopady a prov\u00e1zej\u00ed je intenzivn\u00ed nep\u0159\u00edjemn\u00e9 pocity, kter\u00e9 za\u017e\u00edvaj\u00ed nejen tyto osoby, ale i lid\u00e9 z jejich okol\u00ed, p\u00ed\u0161e italsk\u00fd den\u00edk Corriere della Sera.<\/strong><!--more--><\/p>\n<p>ilustra\u010dn\u00ed foto: murielle \/ stock.xchng<\/p>\n<p>    V\u011bdci v Kanad\u011b na z\u00e1klad\u011b sledov\u00e1n\u00ed skupiny 126 student\u016f uk\u00e1zali, \u017ee ti, kdo \u010dasto hloubaj\u00ed o \u017eivot\u011b a strachuj\u00ed se, maj\u00ed v pr\u016fm\u011bru vy\u0161\u0161\u00ed inteligenci ne\u017e ti, kdo \u017eij\u00ed v m\u00edru se sebou sam\u00fdm a kontroluj\u00ed sv\u00e9 emoce. Touto inteligenc\u00ed se mysl\u00ed lingvistick\u00e1 a verb\u00e1ln\u00ed, \u010dili schopnost snadno hovo\u0159it a ps\u00e1t za pou\u017e\u00edv\u00e1n\u00ed spr\u00e1vn\u00fdch pojm\u016f, um\u011bn\u00ed vysv\u011btlovat a p\u0159esv\u011bd\u010dovat, vyu\u010dovat a ovl\u00e1dat skladbu a praktick\u00e9 u\u017eit\u00ed jazyka, \u010dasto prov\u00e1zen\u00e9 schopnost\u00ed humoristick\u00e9ho vyu\u017eit\u00ed slov.<\/p>\n<p>    Badatel\u00e9 z Lakeheadsk\u00e9 univerzity ve st\u00e1t\u011b Ontario podrobili studenty testu inteligence a z\u00e1rove\u0148 je nechali vyplnit r\u016fzn\u00e9 dotazn\u00edky, na jejich\u017e z\u00e1klad\u011b stanovili \u00farove\u0148 \u00fazkosti, deprese, strachu a toho, do jak\u00e9 m\u00edry maj\u00ed tendenci neust\u00e1le hloubat nad minul\u00fdmi a budouc\u00edmi ud\u00e1lostmi. Jde o druhy chov\u00e1n\u00ed, kter\u00e9 rozpout\u00e1vaj\u00ed hyperaktivitu pokud jde o pozn\u00e1vac\u00ed schopnosti, a \u010dasto tomu, kdo jimi trp\u00ed, p\u0159in\u00e1\u0161ej\u00ed negativn\u00ed pocity.<\/p>\n<p>    V\u00fdsledky byly jasn\u00e9: \u010d\u00edm v\u011bt\u0161\u00ed vykazoval student zn\u00e1mky znepokojen\u00ed a \u010d\u00edm v\u00edce se zaob\u00edral p\u0159em\u00edt\u00e1n\u00edm nad minulost\u00ed, p\u0159\u00edtomnost\u00ed \u010di budoucnost\u00ed, t\u00edm lep\u0161\u00ed m\u011bl v\u00fdsledky v testech verb\u00e1ln\u00ed inteligence. Stejn\u00e1 souvislost se uk\u00e1zala i v p\u0159\u00edpad\u011b deprese: kdo vykazoval zn\u00e1mky spojovan\u00e9 s touto psychickou chorobou, m\u011bl vynikaj\u00edc\u00ed v\u00fdsledky v testech lingvistick\u00e9 inteligence.<\/p>\n<p>    Tedy ten, kdo p\u0159\u00edli\u0161 p\u0159em\u00edt\u00e1 a trp\u00ed \u00fazkostmi, m\u00e1 zase v\u00fdhodu ve vy\u0161\u0161\u00ed inteligenci, kter\u00e1 mu p\u0159in\u00e1\u0161\u00ed lep\u0161\u00ed schopnost anal\u00fdzy ve srovn\u00e1n\u00ed s ostatn\u00edmi, \u0159ekl jeden z autor\u016f v\u00fdzkumu pro v\u011bdeck\u00fd \u010dasopis Personality and Individual Differences.<\/p>\n<p>    Je mo\u017en\u00e9, \u017ee jednotlivci s vy\u0161\u0161\u00ed lingvistickou a verb\u00e1ln\u00ed inteligenc\u00ed jsou schopn\u011bj\u0161\u00ed podrobn\u011b analyzovat sou\u010dasn\u00e9 a budouc\u00ed ud\u00e1losti a \u017ee pr\u00e1v\u011b tato jejich vlastnost vede k tomu, \u017ee o nich neust\u00e1le p\u0159em\u00edtaj\u00ed, uvedli v\u011bdci.<br \/>\n    Za t\u00edmto chov\u00e1n\u00edm se podle v\u011bdc\u016f mo\u017en\u00e1 skr\u00fdv\u00e1 vlastnost zd\u011bd\u011bn\u00e1 po p\u0159edc\u00edch: pr\u00e1v\u011b takov\u00fd p\u0159\u00edstup umo\u017enil v ur\u010dit\u00e9m smyslu na\u0161im p\u0159edk\u016fm p\u0159e\u017e\u00edt, kdy\u017e dok\u00e1zali p\u0159edv\u00eddat nebezpe\u010d\u00ed d\u00edky pocit\u016fm znepokojen\u00ed a \u00fazkosti.<br \/>\n    Tendence k \u00fazkostem a negativn\u00edm my\u0161lenk\u00e1m je v\u0161ak t\u0159eba m\u00edt pod kontrolou. Jinak m\u016f\u017ee po del\u0161\u00ed dob\u011b podle v\u011bdc\u016f takov\u00e9 chov\u00e1n\u00ed v\u00e9st ke sn\u00ed\u017een\u00ed imunity a vystavit osobu, kter\u00e1 jimi trp\u00ed, r\u016fzn\u00fdm nemocem. <\/p>\n","protected":false},"excerpt":{"rendered":"<div class=\"mh-excerpt\"><p>P\u0159em\u00fd\u0161l\u00edte p\u0159\u00edli\u0161, hloub\u00e1te o tom, co se stalo, \u010di jste znepokojeni ud\u00e1lostmi minul\u00fdmi, sou\u010dasn\u00fdmi i budouc\u00edmi? To jsou spole\u010dn\u00e9 znaky pro ty, kdo \u017eij\u00ed v <a class=\"mh-excerpt-more\" href=\"https:\/\/www.invarena.cz\/?p=19538\" title=\"Inteligentn\u011bj\u0161\u00ed osoby trp\u00ed v\u00edce \u00fazkostmi\">[&#8230;]<\/a><\/p>\n<\/div>","protected":false},"author":1,"featured_media":18738,"comment_status":"open","ping_status":"closed","sticky":false,"template":"","format":"standard","meta":{"footnotes":""},"categories":[11],"tags":[],"class_list":["post-19538","post","type-post","status-publish","format-standard","has-post-thumbnail","hentry","category-zdravi"],"_links":{"self":[{"href":"https:\/\/www.invarena.cz\/index.php?rest_route=\/wp\/v2\/posts\/19538","targetHints":{"allow":["GET"]}}],"collection":[{"href":"https:\/\/www.invarena.cz\/index.php?rest_route=\/wp\/v2\/posts"}],"about":[{"href":"https:\/\/www.invarena.cz\/index.php?rest_route=\/wp\/v2\/types\/post"}],"author":[{"embeddable":true,"href":"https:\/\/www.invarena.cz\/index.php?rest_route=\/wp\/v2\/users\/1"}],"replies":[{"embeddable":true,"href":"https:\/\/www.invarena.cz\/index.php?rest_route=%2Fwp%2Fv2%2Fcomments&post=19538"}],"version-history":[{"count":0,"href":"https:\/\/www.invarena.cz\/index.php?rest_route=\/wp\/v2\/posts\/19538\/revisions"}],"wp:featuredmedia":[{"embeddable":true,"href":"https:\/\/www.invarena.cz\/index.php?rest_route=\/wp\/v2\/media\/18738"}],"wp:attachment":[{"href":"https:\/\/www.invarena.cz\/index.php?rest_route=%2Fwp%2Fv2%2Fmedia&parent=19538"}],"wp:term":[{"taxonomy":"category","embeddable":true,"href":"https:\/\/www.invarena.cz\/index.php?rest_route=%2Fwp%2Fv2%2Fcategories&post=19538"},{"taxonomy":"post_tag","embeddable":true,"href":"https:\/\/www.invarena.cz\/index.php?rest_route=%2Fwp%2Fv2%2Ftags&post=19538"}],"curies":[{"name":"wp","href":"https:\/\/api.w.org\/{rel}","templated":true}]}}