{"id":19552,"date":"2015-01-31T09:59:28","date_gmt":"2015-01-31T08:59:28","guid":{"rendered":"http:\/\/www.invarena.cz\/?p=19552"},"modified":"2015-01-31T09:59:28","modified_gmt":"2015-01-31T08:59:28","slug":"postizeneho-muze-zaskocil-cynicky-dopis-z-uradu-2","status":"publish","type":"post","link":"https:\/\/www.invarena.cz\/?p=19552","title":{"rendered":"Posti\u017een\u00e9ho mu\u017ee zasko\u010dil cynick\u00fd dopis z \u00fa\u0159adu"},"content":{"rendered":"<p><strong>Cel\u00e9 \u010dtvrt stolet\u00ed nem\u011bl invalidn\u00ed d\u016fchodce Petr Zikmund z Bo\u017ei\u010dan na Karlovarsku probl\u00e9my s obnovov\u00e1n\u00edm sv\u00e9ho pr\u016fkazu zdravotn\u00ed zp\u016fsobilosti. A\u017e te\u010f jej vystresoval dopis z karlovarsk\u00e9 okresn\u00ed spr\u00e1vy soci\u00e1ln\u00edho zabezpe\u010den\u00ed. <\/strong><!--more--><\/p>\n<p><em><br \/>\nilustra\u010dn\u00ed foto: matchstick \/ stock.xchng<\/em><\/p>\n<p>Netu\u0161il p\u0159itom, \u017ee jeho a mo\u017en\u00e1 i mnoho dal\u0161\u00edch lid\u00ed zbyte\u010dn\u011b vyd\u011bsil \u00fa\u0159edn\u00edk, kter\u00fd na po\u010d\u00edta\u010di omylem za\u0161krtnul jedno pol\u00ed\u010dko.<\/p>\n<p>Z dopisu se invalida dozv\u011bd\u011bl, \u017ee \u00fa\u0159edn\u00edci nedodr\u017e\u00ed z\u00e1konnou lh\u016ftu pro vypracov\u00e1n\u00ed posudku. A bez n\u011bj posti\u017een\u00fd \u010dlov\u011bk nedostane nov\u00fd pr\u016fkaz ZTP a p\u0159ijde o slevy na dani z p\u0159\u00edjmu a o osvobozen\u00ed od d\u00e1lni\u010dn\u00edch poplatk\u016f.<\/p>\n<p>&#8222;Je to lajd\u00e1ck\u00fd p\u0159\u00edstup st\u00e1tu k invalidn\u00edm ob\u010dan\u016fm. Co kdybych se omluvil, \u017ee nem\u00e1m na zaplacen\u00ed dan\u00ed s t\u00edm, \u017ee a\u017e n\u011bkdy budu m\u00edt pen\u00edze, tak je zaplat\u00edm?&#8220; pt\u00e1 se Petr Zikmund, kter\u00fd m\u00e1 kv\u016fli probl\u00e9m\u016fm s astmatem p\u0159iznanou invaliditu III. stupn\u011b. Proto\u017ee mu star\u00fd pr\u016fkaz brzy propadne, s p\u0159edstihem po\u017e\u00e1dal o nov\u00fd.<\/p>\n<p>P\u0159ilo\u017eil i \u017e\u00e1dost na p\u0159ezkoum\u00e1n\u00ed zdravotn\u00edho stavu. A minul\u00fd t\u00fdden mu p\u0159i\u0161la mu odpov\u011b\u010f, \u017ee &#8222;p\u0159i mimo\u0159\u00e1dn\u00e9m po\u010dtu do\u0161l\u00fdch \u017e\u00e1dost\u00ed k posouzen\u00ed zdravotn\u00edho stavu nebude mo\u017en\u00e9 dodr\u017eet z\u00e1konnou lh\u016ftu pro vypracov\u00e1n\u00ed posudku. Za tuto situaci se V\u00e1m p\u0159edem omlouv\u00e1me.&#8220; \u00da\u0159ad se omluvil Jen\u017ee m\u00edsto Petra Zikmunda se omlouv\u00e1 spr\u00e1va soci\u00e1ln\u00edho zabezpe\u010den\u00ed. U\u017e podruh\u00e9. Tentokr\u00e1t je pr\u00fd omluva od\u016fvodn\u011bn\u00e1.<\/p>\n<p>&#8222;Citovan\u00e1 v\u011bta &#8211; p\u0159i mimo\u0159\u00e1dn\u00e9m po\u010dtu do\u0161l\u00fdch \u017e\u00e1dost\u00ed posouzen\u00ed zdravotn\u00edho stavu nebude mo\u017en\u00e9 dodr\u017eet z\u00e1konnou lh\u016ftu pro vypracov\u00e1n\u00ed posudku. Za tuto situaci se V\u00e1m p\u0159edem omlouv\u00e1m &#8211; byla ne\u0161\u0165astn\u011b zvolen\u00e1. P\u0159i generov\u00e1n\u00ed dopisu do\u0161lo omylem k za\u0161krtnut\u00ed pol\u00ed\u010dka s omluvou. Proto se na dopis dostala nav\u00edc tato v\u011bta. V p\u0159\u00edpad\u011b klienta byla formulace pou\u017eita ve \u0161patn\u00e9m kontextu, za toto politov\u00e1n\u00edhodn\u00e9 pochyben\u00ed, tedy za nespr\u00e1vn\u00e9 pou\u017eit\u00ed \u0161ablony, se \u010cesk\u00e1 spr\u00e1va soci\u00e1ln\u00edho zabezpe\u010den\u00ed omlouv\u00e1,&#8220; sd\u011blila mluv\u010d\u00ed Jana Bur\u00e1\u0148ov\u00e1. Nevysv\u011btlila ale, kolik lid\u00ed na Karlovarsku i v cel\u00e9 republice dopis dostalo. Ubezpe\u010dila v\u0161ak, \u017ee v situaci, kdy l\u00e9ka\u0159sk\u00e1 posudkov\u00e1 slu\u017eba v n\u011bkter\u00e9m kraji nezvl\u00e1d\u00e1 vypracovat posudky v\u010das, je standardn\u00ed, \u017ee j\u00ed vypomohou kolegov\u00e9 z jin\u00e9ho kraje.<\/p>\n<p>&#8222;Je mn\u011b \u00fapln\u011b jedno, co se v dopisu vygenerovalo. Z\u00e1sadn\u00ed pro mne bylo sd\u011blen\u00ed, \u017ee soci\u00e1lka poru\u0161\u00ed z\u00e1kon nedodr\u017een\u00edm lh\u016fty,&#8220; reagoval Petr Zikmund.<br \/>\nP\u0159edseda N\u00e1rodn\u00ed rady zdravotn\u011b posti\u017een\u00fdch v \u010cesk\u00e9 republice V\u00e1clav Kr\u00e1sa nebere situaci na lehkou v\u00e1hu.<\/p>\n<p>P\u0159edem napsan\u00e1 omluva kv\u016fli tomu, \u017ee m\u00e1 spr\u00e1va soci\u00e1ln\u00edho zabezpe\u010den\u00ed hodn\u011b \u017e\u00e1dost\u00ed, je podle n\u011bj jednozna\u010dn\u011b poru\u0161en\u00edm spr\u00e1vn\u00edho \u0159\u00e1du.<\/p>\n<p> Vladim\u00edr Zedn\u00edk, redaktor MF DNES<\/p>\n<p>Mlad\u00e1 fronta DNES <\/p>\n","protected":false},"excerpt":{"rendered":"<div class=\"mh-excerpt\"><p>Cel\u00e9 \u010dtvrt stolet\u00ed nem\u011bl invalidn\u00ed d\u016fchodce Petr Zikmund z Bo\u017ei\u010dan na Karlovarsku probl\u00e9my s obnovov\u00e1n\u00edm sv\u00e9ho pr\u016fkazu zdravotn\u00ed zp\u016fsobilosti. A\u017e te\u010f jej vystresoval dopis z <a class=\"mh-excerpt-more\" href=\"https:\/\/www.invarena.cz\/?p=19552\" title=\"Posti\u017een\u00e9ho mu\u017ee zasko\u010dil cynick\u00fd dopis z \u00fa\u0159adu\">[&#8230;]<\/a><\/p>\n<\/div>","protected":false},"author":1,"featured_media":18186,"comment_status":"open","ping_status":"closed","sticky":false,"template":"","format":"standard","meta":{"footnotes":""},"categories":[9],"tags":[],"class_list":["post-19552","post","type-post","status-publish","format-standard","has-post-thumbnail","hentry","category-zpravy"],"_links":{"self":[{"href":"https:\/\/www.invarena.cz\/index.php?rest_route=\/wp\/v2\/posts\/19552","targetHints":{"allow":["GET"]}}],"collection":[{"href":"https:\/\/www.invarena.cz\/index.php?rest_route=\/wp\/v2\/posts"}],"about":[{"href":"https:\/\/www.invarena.cz\/index.php?rest_route=\/wp\/v2\/types\/post"}],"author":[{"embeddable":true,"href":"https:\/\/www.invarena.cz\/index.php?rest_route=\/wp\/v2\/users\/1"}],"replies":[{"embeddable":true,"href":"https:\/\/www.invarena.cz\/index.php?rest_route=%2Fwp%2Fv2%2Fcomments&post=19552"}],"version-history":[{"count":0,"href":"https:\/\/www.invarena.cz\/index.php?rest_route=\/wp\/v2\/posts\/19552\/revisions"}],"wp:featuredmedia":[{"embeddable":true,"href":"https:\/\/www.invarena.cz\/index.php?rest_route=\/wp\/v2\/media\/18186"}],"wp:attachment":[{"href":"https:\/\/www.invarena.cz\/index.php?rest_route=%2Fwp%2Fv2%2Fmedia&parent=19552"}],"wp:term":[{"taxonomy":"category","embeddable":true,"href":"https:\/\/www.invarena.cz\/index.php?rest_route=%2Fwp%2Fv2%2Fcategories&post=19552"},{"taxonomy":"post_tag","embeddable":true,"href":"https:\/\/www.invarena.cz\/index.php?rest_route=%2Fwp%2Fv2%2Ftags&post=19552"}],"curies":[{"name":"wp","href":"https:\/\/api.w.org\/{rel}","templated":true}]}}