{"id":19562,"date":"2015-01-31T10:08:44","date_gmt":"2015-01-31T09:08:44","guid":{"rendered":"http:\/\/www.invarena.cz\/?p=19562"},"modified":"2015-01-31T10:08:44","modified_gmt":"2015-01-31T09:08:44","slug":"obohatit-kulturu-a-soucasne-pomoci-druhym-lze-propojit","status":"publish","type":"post","link":"https:\/\/www.invarena.cz\/?p=19562","title":{"rendered":"Obohatit kulturu a sou\u010dasn\u011b pomoci druh\u00fdm lze propojit"},"content":{"rendered":"<p><strong>ROZHOVOR: &#8222;Pokud chcete p\u0159il\u00e1kat lidi, mus\u00edte m\u00edt zn\u00e1m\u00e9 interprety, a ti maj\u00ed svou cenu,&#8220; \u0159\u00edk\u00e1 Jana K\u016fsov\u00e1<\/strong><!--more--><\/p>\n<p>S \u017e\u00e1dost\u00ed o pomoc m\u011bsta p\u0159i po\u0159\u00e1d\u00e1n\u00ed koncertu, jeho\u017e v\u00fdt\u011b\u017eek by m\u011bl pomoci zdravotn\u011b posti\u017een\u00fdm osob\u00e1m z Vimperska, se v prosinci obr\u00e1tili na zastupitele Vimperku \u010dlenov\u00e9 spolku \u0160umava na nohou.<\/p>\n<p>Vedle mor\u00e1ln\u00ed a nemateri\u00e1ln\u00ed podpory by uv\u00edtali tak\u00e9 finan\u010dn\u00ed p\u0159\u00edsp\u011bvek. Tehdy je\u0161t\u011b neum\u011bli \u0159\u00edct, jak vysok\u00fd by m\u011bl b\u00fdt. V pond\u011bl\u00ed p\u0159edstoup\u00ed p\u0159ed zastupitele ve Vimperku znovu ji\u017e s konkr\u00e9tn\u00ed po\u017eadovanou \u010d\u00e1stkou. Stane se tak v t\u00fd\u017e den, kdy budou zastupitel\u00e9 schvalovat i rozpo\u010det m\u011bsta pro leto\u0161n\u00ed rok.<\/p>\n<p>&#8222;R\u00e1di bychom, aby se m\u011bsto Vimperk stalo spolupo\u0159adatelem, p\u0159\u00edpadn\u011b hlavn\u00edm sponzorem akce,&#8220; \u0159\u00edk\u00e1 v rozhovoru Jana K\u016fsov\u00e1 za spolek \u0160umava na nohou. Zat\u00edmco je\u0161t\u011b v prosinci nem\u011bli z\u00e1stupci spolku p\u0159esn\u011bj\u0161\u00ed p\u0159edstavu, s jakou finan\u010dn\u00ed \u010d\u00e1stkou by mohlo m\u011bsto akci podpo\u0159it, na pond\u011bln\u00ed jedn\u00e1n\u00ed zastupitel\u016f u\u017e p\u0159ich\u00e1zej\u00ed s konkr\u00e9tn\u011bj\u0161\u00ed \u010d\u00e1stkou. Ta by m\u011bla tvo\u0159it polovinu n\u00e1klad\u016f na po\u0159\u00e1d\u00e1n\u00ed koncertu. A jak v prosinci zazn\u011blo, n\u00e1klady \u010din\u00ed 290 tis\u00edc korun.<\/p>\n<p>&#8211; Co bylo prvotn\u00edm impulzem pro zalo\u017een\u00ed spolku \u0160umava na nohou a s jak\u00fdm c\u00edlem?<\/p>\n<p>Impulz, \u017ee jsem se dali dohromady, bylo to, \u017ee Radek Harazim m\u011bl n\u00e1pad a oslovil n\u00e1s, jestli bychom \u0161li do toho s n\u00edm. Impulz, \u017een\u00e1mp\u0159ijde, \u017ee se tu ned\u011bje takov\u00e1 kultura jako v jin\u00fdch m\u011bstech, jako nap\u0159\u00edklad v P\u00edsku, nebo Klatovech, a \u017ee by s t\u00edm \u0161lo n\u011bco ud\u011blat. Ahlavn\u011b, i z n\u011bjak\u00e9 vlastn\u00ed zku\u0161enosti v\u00edme, jak to maj\u00ed t\u011b\u017ek\u00e9 nemocn\u00ed lid\u00e9, nebo jinak handicapovan\u00e9 osoby. A\u017ee to jde propojit. C\u00edl je jasn\u00fd, po\u0159\u00e1dat kulturn\u00ed akce a t\u00edm pom\u00e1hat. Ato, \u017ee n\u011bkdo podpo\u0159\u00ed kulturn\u00ed akci, t\u00edm \u017ee si koup\u00ed vstupenku, tak za to taky n\u011bco dostane. Nejen pocit, \u017ee jeho pen\u00edze pomohli, ale dostane z\u00e1\u017eitek, kter\u00fd si pro\u017eije s p\u0159\u00e1teli, rodinou. V\u0161ichni budou obohaceni.<\/p>\n<p>&#8211; P\u0159edstavy a pl\u00e1ny jsou jedna v\u011bc, ale dost\u00e1t sv\u00fdm sn\u016fm druh\u00e1. Abyste mohli podporovat druh\u00e9, budete sami mo\u017en\u00e1 pot\u0159ebovat podporu p\u0159i po\u0159\u00e1d\u00e1n\u00ed akc\u00ed. Zejm\u00e9na tu finan\u010dn\u00ed. Z jak\u00fdch zdroj\u016f chcete \u010derpat pen\u00edze na vlastn\u00ed po\u0159\u00e1d\u00e1n\u00ed akc\u00ed?<\/p>\n<p>Jak ji\u017e bylo zm\u00edn\u011bno, r\u00e1di bychom spolupracovali s m\u011bstem Vimperk. Za finan\u010dn\u00ed pomoc, bychom nab\u00eddli pozici spoluorganiz\u00e1tora p\u0159\u00edpadn\u011b jinou spolupr\u00e1ci. M\u00e1mepodanou \u017e\u00e1dost o grant na kraji a oslovujeme sponzory a hled\u00e1medal\u0161\u00ed mo\u017en\u00e9 grantov\u00e9 programy.<\/p>\n<p>&#8211; U\u017e jste p\u0159i va\u0161em vystoupen\u00ed p\u0159ed zastupiteli v prosinci nazna\u010dili, s \u010d\u00edm v\u0161\u00edm by v\u00e1m m\u011bsto v\u010detn\u011b p\u0159\u00edm\u00e9 finan\u010dn\u00ed podpory mohlo pomoci. M\u00e1te za sebou i dal\u0161\u00ed jedn\u00e1n\u00ed p\u0159\u00edmo se starostkou Jaroslavou Martanovou. Jsou u\u017e va\u0161e p\u0159edstavy o pomoci ze strany m\u011bsta konkr\u00e9tn\u011bj\u0161\u00ed?<\/p>\n<p>Z posledn\u00edho zastupitelstva m\u00e1mep\u0159isl\u00edbeno, \u017ee nebude probl\u00e9m s pomoc\u00ed v podob\u011b, poskytnut\u00ed rad, propagace v m\u011bstsk\u00fdch medi\u00edch apod. Ale o hlavn\u00ed pomoci z na\u0161eho pohledu \u2013 tedy finan\u010dn\u00ed p\u0159\u00edsp\u011bvek a poskytnut\u00ed bezplatn\u00e9ho pron\u00e1jmu, se teprve rozhodne.<\/p>\n<p>&#8211; V pond\u011bl\u00ed p\u016fjdete p\u0159ed vimpersk\u00e9 zastupitele znovu, tentokr\u00e1t ji\u017e se \u017e\u00e1dost\u00ed o finan\u010dn\u00ed p\u0159\u00edsp\u011bvek. V prosinci jste je\u0161t\u011b p\u0159esn\u011bj\u0161\u00ed \u010d\u00e1stku, kterou byste od m\u011bsta uv\u00edtali, nem\u011bli. U\u017e m\u00e1te jasno?<\/p>\n<p>Ano v prosinci jsme ne\u0159ekli p\u0159esnou v\u00fd\u0161i, kterou bychom cht\u011bli, ale \u0159\u00edkali jsme, \u017ee m\u00e1mez\u00e1jem o nejvy\u0161\u0161\u00ed mo\u017enou \u010d\u00e1stku. Domn\u00edvali jsme se, \u017ee se budeme o cen\u011b d\u00e1l bavit, ale vzhledem k velmi pozdn\u00ed hodin\u011b, kdy se n\u00e1\u0161 bod prob\u00edral, u\u017e na to nedo\u0161lo. (Prosincov\u00e9 jedn\u00e1n\u00ed vimpersk\u00e9ho zastupitelstva bylo rekordn\u011b nejdel\u0161\u00ed za \u0159adu let. Zastupitel\u00e9 byli nuceni dvakr\u00e1t prodlou\u017eit \u010das stanoven\u00fd jednac\u00edm \u0159\u00e1dem do 23. hodiny a skon\u010dili a\u017e n\u011bkolik minut p\u0159ed p\u016fl jednou r\u00e1no druh\u00e9ho dne. Pozn. autora.) Nyn\u00ed p\u0159edkl\u00e1d\u00e1me \u017e\u00e1dost s \u010d\u00e1stkou, kter\u00e1 odpov\u00edd\u00e1 polovin\u011b n\u00e1klad\u016f. Je z\u0159ejm\u00e9, \u017ee chceme \u2013 li ud\u011blat koncert, kter\u00fd p\u0159il\u00e1k\u00e1 \u0161irokou ve\u0159ejnost, pomoc\u00ed n\u011bho\u017e vybereme pen\u00edze, ale kter\u00fd i zviditeln\u00ed samotn\u00fd Vimperk, mus\u00ed b\u00fdt koncert postaven na zn\u00e1m\u00fdch interpretech a ti maj\u00ed svoj\u00ed cenu.<\/p>\n<p>&#8211; Pro po\u0159\u00e1d\u00e1n\u00ed leto\u0161n\u00edho prvn\u00edho koncertu ve Vimperku jste zvolili are\u00e1l letn\u00edho divadla, a to jak pro jeho historickou vazbu ke kulturn\u00edm akc\u00edm ve m\u011bst\u011b, tak pro jeho dobrou dostupnost a relativn\u011b v\u011bt\u0161\u00ed vzd\u00e1lenost od nejbli\u017e\u0161\u00edch obytn\u00fdch dom\u016f. Znamen\u00e1 to, \u017ee byste zvolen\u00e9 m\u00edsto preferovali i do budoucna, nebo se p\u0159izp\u016fsob\u00edte aktu\u00e1ln\u00edm z\u00e1m\u011br\u016fm a podm\u00ednk\u00e1m?<\/p>\n<p>Kdyby se n\u00e1\u0161 z\u00e1m\u011br, projekt stal sou\u010d\u00e1st\u00ed kulturn\u00edho kalend\u00e1\u0159e m\u011bstsk\u00e9ho kulturn\u00edho st\u0159ediska, a byly i m\u011bstem vytvo\u0159eny vhodn\u00e9 podm\u00ednky pro po\u0159\u00e1d\u00e1n\u00ed koncert\u016f na dan\u00e9m m\u00edst\u011b, byli bychom jen r\u00e1di, kdyby se akce tohoto typu po\u0159\u00e1dala ka\u017edoro\u010dn\u011b, nebo ob rok. Ale samoz\u0159ejm\u011b m\u00e1mev pl\u00e1nu i jin\u00e9 projekty, pro kter\u00e9 jsou jin\u00e9 prostory vhodn\u011bj\u0161\u00ed.<\/p>\n<p>&#8211; P\u0159i va\u0161em posledn\u00edm vystoupen\u00ed jste je\u0161t\u011b necht\u011bli p\u0159\u00edli\u0161 prozrazovat, koho by mohli n\u00e1v\u0161t\u011bvn\u00edci koncertu v l\u00e9t\u011b m\u00edt mo\u017enost vid\u011bt a sly\u0161et. U\u017e budete konkr\u00e9tn\u011bj\u0161\u00ed?<\/p>\n<p>Nebudeme je\u0161t\u011b konkr\u00e9tn\u011bj\u0161\u00ed, proto\u017ee se v\u0161e bude odv\u00edjet od m\u00edsta kon\u00e1n\u00ed a tak\u00e9 od finan\u010dn\u00edho p\u0159\u00edsp\u011bvku m\u011bsta, kter\u00e9 bychom cht\u011bli z\u00edskat pro na\u0161i akci jako hlavn\u00edho sponzora, nebo spolupo\u0159adatele.<\/p>\n<p>&#8211; Pomoc m\u011bsta je jedna v\u011bc, ale po\u0159\u00e1d\u00e1n\u00ed podobn\u00fdch akc\u00ed vy\u017eaduje celou \u0159adu lid\u00ed, kte\u0159\u00ed pomohou na m\u00edst\u011b sam\u00e9m. M\u00e1te je, nebo budete p\u0159\u00edpadnou po\u0159adatelskou slu\u017ebu zaji\u0161\u0165ovat? A kdo by se v\u00e1m v takov\u00e9m p\u0159\u00edpad\u011b hodil nejv\u00edc?<\/p>\n<p>Samoz\u0159ejm\u011b, \u017ee budeme vyu\u017e\u00edvat hlavn\u011b pomoc dobrovoln\u00edk\u016f, kamar\u00e1d\u016f. Ale vyu\u017eijeme i profesion\u00e1ln\u00ed slu\u017eby, nap\u0159. na ostrahu a kontrolu u vstupu atd. Dobrovoln\u00edci se budou moci p\u0159ihl\u00e1sit p\u0159es na\u0161e webov\u00e9 str\u00e1nky.<\/p>\n<p>(www.sumavananohou.cz) <\/p>\n<p>http:\/\/prachaticky.denik.cz\/ <\/p>\n","protected":false},"excerpt":{"rendered":"<div class=\"mh-excerpt\"><p>ROZHOVOR: &#8222;Pokud chcete p\u0159il\u00e1kat lidi, mus\u00edte m\u00edt zn\u00e1m\u00e9 interprety, a ti maj\u00ed svou cenu,&#8220; \u0159\u00edk\u00e1 Jana K\u016fsov\u00e1<\/p>\n<\/div>","protected":false},"author":1,"featured_media":7488,"comment_status":"open","ping_status":"closed","sticky":false,"template":"","format":"standard","meta":{"footnotes":""},"categories":[9],"tags":[],"class_list":["post-19562","post","type-post","status-publish","format-standard","has-post-thumbnail","hentry","category-zpravy"],"_links":{"self":[{"href":"https:\/\/www.invarena.cz\/index.php?rest_route=\/wp\/v2\/posts\/19562","targetHints":{"allow":["GET"]}}],"collection":[{"href":"https:\/\/www.invarena.cz\/index.php?rest_route=\/wp\/v2\/posts"}],"about":[{"href":"https:\/\/www.invarena.cz\/index.php?rest_route=\/wp\/v2\/types\/post"}],"author":[{"embeddable":true,"href":"https:\/\/www.invarena.cz\/index.php?rest_route=\/wp\/v2\/users\/1"}],"replies":[{"embeddable":true,"href":"https:\/\/www.invarena.cz\/index.php?rest_route=%2Fwp%2Fv2%2Fcomments&post=19562"}],"version-history":[{"count":0,"href":"https:\/\/www.invarena.cz\/index.php?rest_route=\/wp\/v2\/posts\/19562\/revisions"}],"wp:featuredmedia":[{"embeddable":true,"href":"https:\/\/www.invarena.cz\/index.php?rest_route=\/wp\/v2\/media\/7488"}],"wp:attachment":[{"href":"https:\/\/www.invarena.cz\/index.php?rest_route=%2Fwp%2Fv2%2Fmedia&parent=19562"}],"wp:term":[{"taxonomy":"category","embeddable":true,"href":"https:\/\/www.invarena.cz\/index.php?rest_route=%2Fwp%2Fv2%2Fcategories&post=19562"},{"taxonomy":"post_tag","embeddable":true,"href":"https:\/\/www.invarena.cz\/index.php?rest_route=%2Fwp%2Fv2%2Ftags&post=19562"}],"curies":[{"name":"wp","href":"https:\/\/api.w.org\/{rel}","templated":true}]}}