{"id":19571,"date":"2015-02-13T08:39:57","date_gmt":"2015-02-13T07:39:57","guid":{"rendered":"http:\/\/www.invarena.cz\/?p=19571"},"modified":"2015-02-14T08:40:13","modified_gmt":"2015-02-14T07:40:13","slug":"mpsv-hleda-pestouny-pro-ohrozene-deti-a-zahajuje-kampan-v-moravskoslezskem-kraji","status":"publish","type":"post","link":"https:\/\/www.invarena.cz\/?p=19571","title":{"rendered":"MPSV hled\u00e1 p\u011bstouny pro ohro\u017een\u00e9 d\u011bti a zahajuje kampa\u0148 v Moravskoslezsk\u00e9m kraji"},"content":{"rendered":"<p>Ministerstvo pr\u00e1ce a soci\u00e1ln\u00edch v\u011bc\u00ed dlouhodob\u011b usiluje o zv\u00fd\u0161en\u00ed po\u010dtu \u017eadatel\u016f o n\u011bkterou z forem p\u011bstounsk\u00e9 p\u00e9\u010de v jednotliv\u00fdch regionech. Pr\u00e1v\u011b to je c\u00edlem informa\u010dn\u00ed a n\u00e1borov\u00e9 kampan\u011b, kterou ministerstvo spust\u00ed na konci ledna v Moravskoslezsk\u00e9m kraji.<br \/>\n<!--more--><\/p>\n<p>ilustra\u010dn\u00ed foto: PhotoeXpress<\/p>\n<p>Podstatou je z\u00edsk\u00e1n\u00ed nov\u00fdch rodin pro d\u011bti, kter\u00e9 z r\u016fzn\u00fdch d\u016fvod\u016f nemohou vyr\u016fstat u biologick\u00fdch rodi\u010d\u016f. P\u0159itom je ale d\u016fle\u017eit\u00e9, aby s nimi mohly nad\u00e1le z\u016fstat v kontaktu.<\/p>\n<p>Takov\u00fdch d\u011bt\u00ed, vyr\u016fstaj\u00edc\u00edch p\u0159edev\u0161\u00edm v d\u011btsk\u00fdch domovech a kojeneck\u00fdch \u00fastavech, bylo v Moravskoslezsk\u00e9m kraji v roce 2013 celkem 881. Kraj se t\u00edmto um\u00edstil na druh\u00e9m m\u00edst\u011b v republice. Vzhledem k dlouhodob\u00e9mu v\u00fdvojov\u00e9mu trendu se o\u010dek\u00e1vaj\u00ed srovnateln\u00e9 v\u00fdsledky i v roce 2014. V \u00fastavn\u00edch za\u0159\u00edzen\u00edch \u017eije v \u010cR celkem kolem 9 000 d\u011bt\u00ed, jejich po\u010det v\u0161ak pozvolna kles\u00e1. <\/p>\n<p>Moravskoslezsk\u00fd kraj je specifick\u00fd nejen vysok\u00fdm po\u010dtem d\u011bt\u00ed, kter\u00e9 n\u00e1hradn\u00ed rodinu pot\u0159ebuj\u00ed, ale tak\u00e9 t\u00edm, \u017ee v p\u011bstounsk\u00e9 \u010di poru\u010densk\u00e9 p\u00e9\u010di zde \u017eije 2049 d\u011bt\u00ed z celkov\u00e9ho po\u010dtu 12 013* v \u010cR, \u010dili v\u00edce jak \u0161estina. V roce 2014 se poda\u0159ilo naj\u00edt p\u011bstounskou rodinu 805 d\u011btem. <\/p>\n<p>St\u00e1le ale mnoho d\u011bt\u00ed doma nevyr\u016fst\u00e1. D\u011btem, kter\u00e9 se neda\u0159\u00ed um\u00edstit do osvojen\u00ed, nebo k tomu nen\u00ed pr\u00e1vn\u00ed souhlas biologick\u00fdch rodi\u010d\u016f, m\u00e1 kampa\u0148 pomoci naj\u00edt rodinu. Jde p\u0159edev\u0161\u00edm o sourozeneck\u00e9 skupiny, d\u011bti se zdravotn\u00edm handicapem a d\u011bti jin\u00e9, ne\u017e v\u011bt\u0161inov\u00e9 etnicity. <\/p>\n<p>\u201eInforma\u010dn\u00ed a n\u00e1borov\u00e1 kampa\u0148 by m\u011bla pomoci transformovat syst\u00e9m p\u00e9\u010de o ohro\u017een\u00e9 d\u011bti v Moravskoslezsk\u00e9m kraji, um\u00edstit v\u00edce d\u011bt\u00ed do rodin a vyu\u017e\u00edt potenci\u00e1l obyvatel pro p\u011bstounstv\u00ed\u201c, uvedla Jana Hanzl\u00edkov\u00e1, n\u00e1m\u011bstkyn\u011b ministryn\u011b pro ochranu pr\u00e1v d\u011bt\u00ed a soci\u00e1ln\u00ed za\u010dle\u0148ov\u00e1n\u00ed. <\/p>\n<p>Kampa\u0148 je realizov\u00e1na v r\u00e1mci projektu \u201eSyst\u00e9mov\u00e1 podpora proces\u016f transformace syst\u00e9mu p\u00e9\u010de o ohro\u017een\u00e9 d\u011bti a rodiny\u201c a bude prob\u00edhat od ledna do konce \u0159\u00edjna 2015. Bude reflektovat situaci a d\u011bn\u00ed v regionu, navazovat na dal\u0161\u00ed aktivity jak MPSV, tak i Krajsk\u00e9ho \u00fa\u0159adu Moravskoslezsk\u00e9ho kraje. <\/p>\n<p>Informace o transformaci syst\u00e9mu p\u00e9\u010de o ohro\u017een\u00e9 d\u011bti jsou k dispozici na internetov\u00e9 str\u00e1nce www.pravonadetstvi.cz.<\/p>\n<p>Petr Hab\u00e1\u0148,<br \/>\ntiskov\u00fd mluv\u010d\u00ed MPSV<\/p>\n","protected":false},"excerpt":{"rendered":"<div class=\"mh-excerpt\"><p>Ministerstvo pr\u00e1ce a soci\u00e1ln\u00edch v\u011bc\u00ed dlouhodob\u011b usiluje o zv\u00fd\u0161en\u00ed po\u010dtu \u017eadatel\u016f o n\u011bkterou z forem p\u011bstounsk\u00e9 p\u00e9\u010de v jednotliv\u00fdch regionech. Pr\u00e1v\u011b to je c\u00edlem informa\u010dn\u00ed <a class=\"mh-excerpt-more\" href=\"https:\/\/www.invarena.cz\/?p=19571\" title=\"MPSV hled\u00e1 p\u011bstouny pro ohro\u017een\u00e9 d\u011bti a zahajuje kampa\u0148 v Moravskoslezsk\u00e9m kraji\">[&#8230;]<\/a><\/p>\n<\/div>","protected":false},"author":1,"featured_media":14683,"comment_status":"open","ping_status":"closed","sticky":false,"template":"","format":"standard","meta":{"footnotes":""},"categories":[9],"tags":[],"class_list":["post-19571","post","type-post","status-publish","format-standard","has-post-thumbnail","hentry","category-zpravy"],"_links":{"self":[{"href":"https:\/\/www.invarena.cz\/index.php?rest_route=\/wp\/v2\/posts\/19571","targetHints":{"allow":["GET"]}}],"collection":[{"href":"https:\/\/www.invarena.cz\/index.php?rest_route=\/wp\/v2\/posts"}],"about":[{"href":"https:\/\/www.invarena.cz\/index.php?rest_route=\/wp\/v2\/types\/post"}],"author":[{"embeddable":true,"href":"https:\/\/www.invarena.cz\/index.php?rest_route=\/wp\/v2\/users\/1"}],"replies":[{"embeddable":true,"href":"https:\/\/www.invarena.cz\/index.php?rest_route=%2Fwp%2Fv2%2Fcomments&post=19571"}],"version-history":[{"count":0,"href":"https:\/\/www.invarena.cz\/index.php?rest_route=\/wp\/v2\/posts\/19571\/revisions"}],"wp:featuredmedia":[{"embeddable":true,"href":"https:\/\/www.invarena.cz\/index.php?rest_route=\/wp\/v2\/media\/14683"}],"wp:attachment":[{"href":"https:\/\/www.invarena.cz\/index.php?rest_route=%2Fwp%2Fv2%2Fmedia&parent=19571"}],"wp:term":[{"taxonomy":"category","embeddable":true,"href":"https:\/\/www.invarena.cz\/index.php?rest_route=%2Fwp%2Fv2%2Fcategories&post=19571"},{"taxonomy":"post_tag","embeddable":true,"href":"https:\/\/www.invarena.cz\/index.php?rest_route=%2Fwp%2Fv2%2Ftags&post=19571"}],"curies":[{"name":"wp","href":"https:\/\/api.w.org\/{rel}","templated":true}]}}