{"id":19574,"date":"2015-01-28T07:01:53","date_gmt":"2015-01-28T06:01:53","guid":{"rendered":"http:\/\/www.invarena.cz\/?p=19574"},"modified":"2015-01-28T07:01:53","modified_gmt":"2015-01-28T06:01:53","slug":"mam-prukaz-tp-proc-nemam-narok-na-parkovani-pred-domem","status":"publish","type":"post","link":"https:\/\/www.invarena.cz\/?p=19574","title":{"rendered":"M\u00e1m pr\u016fkaz TP. Pro\u010d nem\u00e1m n\u00e1rok na parkov\u00e1n\u00ed p\u0159ed domem?"},"content":{"rendered":"<p><strong>Dotaz: pros\u00edm o radu nebo pou\u010den\u00ed&#8230; Jsem v inval. d\u016fchodu 2.stupn\u011b a po pod\u00e1n\u00ed \u017e\u00e1dosti byl mi p\u0159izn\u00e1n pr\u016fkaz TP, kde jsem se do\u010detl, \u017ee nem\u00e1m n\u00e1rok na vyhrazen\u00e9 m\u00edsto pro parkov\u00e1n\u00ed p\u0159ed domem trv. bydli\u0161t\u011b \/s\u00eddli\u0161t\u011b panel\u00e1k\/, kde je t\u00e9m\u011b\u0159 v\u017edy plno a j\u00e1 nem\u00e1m kde zaparkovat. Podot\u00fdk\u00e1m, \u017ee mi \u010din\u00ed zna\u010dn\u00e9 probl\u00e9my uj\u00edt 200 metr\u016f. D\u00e1le bych se cht\u011bl zeptat, jestli mi automaticky vznik\u00e1 n\u00e1rok na p\u0159\u00edsp\u011bvek na mobilitu, nebo p\u0159i TP na ni n\u00e1rok v\u016fbec nem\u00e1m?<\/strong><br \/>\n<!--more--><br \/>\n<strong> Odpov\u011b\u010f:<\/strong><br \/>\nS pr\u016fkazem TP nem\u00e1te bohu\u017eel n\u00e1rok na parkovac\u00ed kartu, kter\u00e1 by V\u00e1s oprav\u0148ovala parkovat na m\u00edstech vyhrazen\u00fdch pro invalidy, z\u00e1rove\u0148 nem\u016f\u017eete b\u00fdt ani p\u0159\u00edjemcem p\u0159\u00edsp\u011bvku na mobilitu. Ob\u011b v\u00fdhody jsou spojeny a\u017e s pr\u016fkazem ZTP.<\/p>\n<p>Va\u0161e situace s parkov\u00e1n\u00edm u trval\u00e9ho bydli\u0161t\u011b je neut\u011b\u0161en\u00e1, av\u0161ak pokud bydl\u00edte ve m\u011bst\u011b, kde nejsou vyhrazeny parkovac\u00ed z\u00f3ny, kde byste m\u011bl sv\u00e9 ur\u010den\u00e9 parkovac\u00ed m\u00edsto, bude velmi obt\u00ed\u017en\u00e9 probl\u00e9m vy\u0159e\u0161it. Nejl\u00e9pe nejsp\u00ed\u0161e ud\u011bl\u00e1te, kdy\u017e zajdete na V\u00e1\u0161 m\u011bstsk\u00fd \u00fa\u0159ad a vysv\u011btl\u00edte jim Va\u0161i situaci, mo\u017en\u00e1 V\u00e1m pomohou nal\u00e9zt \u0159e\u0161en\u00ed.<\/p>\n<p>Na pr\u016fkaz TP se vztahuj\u00ed v podstat\u011b pouze dv\u011b v\u00fdhody. Prvn\u00ed z nich je, \u017ee m\u00e1te n\u00e1rok na m\u00edsto k sezen\u00ed v dopravn\u00edm prost\u0159edku, pokud se nejedn\u00e1 o autobus \u010di vlak, kde je pot\u0159eba m\u00edt na m\u00edsto k sezen\u00ed m\u00edstenku.<\/p>\n<p>A druhou vyu\u017eijete v p\u0159\u00edpad\u011b, \u017ee si jdete vy\u0159\u00eddit n\u011bjakou z\u00e1le\u017eitost a m\u011bl byste dlouho \u010dekat, zejm\u00e9na st\u00e1t. Av\u0161ak tato v\u00fdhoda se nevztahuje na situace, kdy jdete na n\u00e1kup, obstar\u00e1v\u00e1te si placen\u00e9 slu\u017eby a p\u0159edev\u0161\u00edm jdete k l\u00e9ka\u0159i.<\/p>\n<p>Ji\u0159\u00ed Marek<br \/>\ninvArena<\/p>\n","protected":false},"excerpt":{"rendered":"<div class=\"mh-excerpt\"><p>Dotaz: pros\u00edm o radu nebo pou\u010den\u00ed&#8230; Jsem v inval. d\u016fchodu 2.stupn\u011b a po pod\u00e1n\u00ed \u017e\u00e1dosti byl mi p\u0159izn\u00e1n pr\u016fkaz TP, kde jsem se do\u010detl, \u017ee <a class=\"mh-excerpt-more\" href=\"https:\/\/www.invarena.cz\/?p=19574\" title=\"M\u00e1m pr\u016fkaz TP. Pro\u010d nem\u00e1m n\u00e1rok na parkov\u00e1n\u00ed p\u0159ed domem?\">[&#8230;]<\/a><\/p>\n<\/div>","protected":false},"author":3,"featured_media":878,"comment_status":"open","ping_status":"closed","sticky":false,"template":"","format":"standard","meta":{"footnotes":""},"categories":[18],"tags":[],"class_list":["post-19574","post","type-post","status-publish","format-standard","has-post-thumbnail","hentry","category-poradna"],"_links":{"self":[{"href":"https:\/\/www.invarena.cz\/index.php?rest_route=\/wp\/v2\/posts\/19574","targetHints":{"allow":["GET"]}}],"collection":[{"href":"https:\/\/www.invarena.cz\/index.php?rest_route=\/wp\/v2\/posts"}],"about":[{"href":"https:\/\/www.invarena.cz\/index.php?rest_route=\/wp\/v2\/types\/post"}],"author":[{"embeddable":true,"href":"https:\/\/www.invarena.cz\/index.php?rest_route=\/wp\/v2\/users\/3"}],"replies":[{"embeddable":true,"href":"https:\/\/www.invarena.cz\/index.php?rest_route=%2Fwp%2Fv2%2Fcomments&post=19574"}],"version-history":[{"count":0,"href":"https:\/\/www.invarena.cz\/index.php?rest_route=\/wp\/v2\/posts\/19574\/revisions"}],"wp:featuredmedia":[{"embeddable":true,"href":"https:\/\/www.invarena.cz\/index.php?rest_route=\/wp\/v2\/media\/878"}],"wp:attachment":[{"href":"https:\/\/www.invarena.cz\/index.php?rest_route=%2Fwp%2Fv2%2Fmedia&parent=19574"}],"wp:term":[{"taxonomy":"category","embeddable":true,"href":"https:\/\/www.invarena.cz\/index.php?rest_route=%2Fwp%2Fv2%2Fcategories&post=19574"},{"taxonomy":"post_tag","embeddable":true,"href":"https:\/\/www.invarena.cz\/index.php?rest_route=%2Fwp%2Fv2%2Ftags&post=19574"}],"curies":[{"name":"wp","href":"https:\/\/api.w.org\/{rel}","templated":true}]}}