{"id":19576,"date":"2015-01-27T12:34:48","date_gmt":"2015-01-27T11:34:48","guid":{"rendered":"http:\/\/www.invarena.cz\/?p=19576"},"modified":"2015-01-27T12:34:48","modified_gmt":"2015-01-27T11:34:48","slug":"dvacet-let-se-staraji-o-deti-se-zdravotnim-znevyhodnenim","status":"publish","type":"post","link":"https:\/\/www.invarena.cz\/?p=19576","title":{"rendered":"Dvacet let se staraj\u00ed o d\u011bti se zdravotn\u00edm znev\u00fdhodn\u011bn\u00edm"},"content":{"rendered":"<p><strong>P\u0159ed\u0161kol\u00e1ky v nejbli\u017e\u0161\u00edch dnech \u010dek\u00e1 z\u00e1pis do prvn\u00edch t\u0159\u00edd. Ale co ti,kte\u0159\u00ed jsou zdravotn\u011b znev\u00fdhodn\u011bn\u00ed? D\u011bti se speci\u00e1ln\u00edmi vzd\u011bl\u00e1vac\u00edmi pot\u0159ebami zat\u00edm nen\u00ed mo\u017en\u00e9 v norm\u00e1ln\u00edch \u0161kol\u00e1ch pln\u011b integrovat. Proto v Hranic\u00edch existuje Z\u00e1kladn\u00ed a mate\u0159sk\u00e1 \u0161kola D\u011btsk\u00e9 centrum. Mnoho obyvatel o n\u00ed ale v\u016fbec nev\u00ed.<\/strong><!--more--><\/p>\n<p>Hranice \u2013 Nen\u00ed moc velk\u00e1, dohromady se zde u\u010d\u00ed 26 d\u011bt\u00ed od prvn\u00ed do des\u00e1t\u00e9 t\u0159\u00eddy, pro kter\u00e9 existuje speci\u00e1ln\u00ed rehabilita\u010dn\u00ed program. \u0160kola se d\u011bl\u00ed na t\u0159i v\u011btve a je pln\u011b p\u0159izp\u016fsoben\u00e1 nepohybliv\u00fdm \u017e\u00e1k\u016fm.<\/p>\n<p>&#8222;Z\u00e1kladn\u00ed \u0161kola praktick\u00e1 se soust\u0159e\u010fuje na d\u011bti s lehk\u00fdm ment\u00e1ln\u00edm posti\u017een\u00edm a p\u0159idru\u017een\u00fdmi t\u011blesn\u00fdmi vadami. Na z\u00e1kladn\u00ed \u0161kole speci\u00e1ln\u00ed se vyu\u010duj\u00ed \u017e\u00e1ci se st\u0159edn\u00ed a\u017e doln\u00ed hranic\u00ed st\u0159edn\u00edho ment\u00e1ln\u00edho posti\u017een\u00ed. A z\u00e1kladn\u00ed \u0161kola speci\u00e1ln\u00ed s rehabilita\u010dn\u00edm vzd\u011bl\u00e1vac\u00edm programem se zam\u011b\u0159uje na d\u011bti nejv\u00edce posti\u017een\u00e9,&#8220; uvedla Sv\u011btla Luka\u010dov\u00e1, kter\u00e1 ve \u0161kole vyu\u010duje ji\u017e osm\u00fdm rokem. &#8222;Jde o d\u011bti s hlubokou retardac\u00ed a v\u00e1\u017en\u00fdmi t\u011blesn\u00fdmi vadami,&#8220; vysv\u011btluje.<\/p>\n<p>Pokud tedy rodi\u010de p\u0159ijdou s doporu\u010den\u00edm bu\u010f od l\u00e9ka\u0159e, z pedagogicko\u00acpsychologick\u00e9 poradny nebo speci\u00e1ln\u011b pedagogick\u00e9ho centra, mohou naj\u00edt \u00fato\u010di\u0161t\u011b a vzd\u011bl\u00e1n\u00ed sv\u00e9ho d\u00edt\u011bte pr\u00e1v\u011b tady.<\/p>\n<p>Na ka\u017edou t\u0159\u00eddu je vy\u010dlen\u011bn jeden u\u010ditel a jeden asistent pedagoga. Pro u\u010ditele ve t\u0159\u00edd\u011b s d\u011btmi s nejt\u011b\u017e\u0161\u00edm posti\u017een\u00edm je k dispozici nav\u00edc je\u0161t\u011b jeden asistent.<\/p>\n<p>Nyn\u00ed je \u0161kola pln\u011b vyu\u017e\u00edvan\u00e1. A v r\u00e1mci v\u00fduky nab\u00edz\u00ed mnoho vymo\u017eenost\u00ed v\u010detn\u011b pravideln\u00e9 logopedick\u00e9 p\u00e9\u010de, jednou t\u00fddn\u011b n\u00e1v\u0161t\u011bvu Plov\u00e1rny Hranice, jednou za 14 dn\u00ed canisterapii, co\u017e je terapie se psem, nebo tak\u00e9 terapii j\u00edzdou na koni.<\/p>\n<p>Komunikace s d\u011btmi s posti\u017een\u00edm je o n\u011bco t\u011b\u017e\u0161\u00ed. To potvrzuje i Sv\u011btla Luka\u010dov\u00e1. &#8222;Samoz\u0159ejm\u011b se tyto d\u011bti neu\u010d\u00ed tak rychle jako d\u011bti zdrav\u00e9. Je to b\u011bh na dlouhou tra\u0165 a jde to daleko pomaleji. Kdy\u017e u\u017e se n\u011bco nau\u010d\u00ed a pak t\u0159eba onemocn\u00ed a chyb\u00ed, za\u010d\u00edn\u00e1me odznova,&#8220; vypr\u00e1v\u00ed.<\/p>\n<p>D\u011btsk\u00e9 centrum Hranice se sna\u017e\u00ed respektovat individualitu d\u011bt\u00ed, a tak k nim taky p\u0159istupovat, proto\u017ee ka\u017ed\u00e9 z nich m\u00e1 sv\u00e9 speci\u00e1ln\u00ed pot\u0159eby.<br \/>\n&#8222;P\u0159ejeme si, aby d\u011bti byly spokojen\u00e9 a \u0161\u0165astn\u00e9, o to tady p\u0159ece jde. \u010clov\u011bk tuto pr\u00e1ci mus\u00ed d\u011blat srd\u00ed\u010dkem, proto\u017ee je to pr\u00e1ce velmi n\u00e1ro\u010dn\u00e1 na psychiku, ale oni mi to vracej\u00ed vd\u011b\u010dnost\u00ed a neskute\u010dnou pokorou,&#8220; uzav\u00edr\u00e1 Sv\u011btla Luka\u010dov\u00e1, kter\u00e1 vystudovala speci\u00e1ln\u00ed pedagogiku a nedok\u00e1\u017ee si p\u0159edstavit, \u017ee by se v \u017eivot\u011b v\u011bnovala n\u011bjak\u00e9 jin\u00e9 pr\u00e1ci.<\/p>\n<p>Dve\u0159e d\u011btsk\u00e9ho centra se otev\u0159ou p\u0159\u00ed\u0161t\u00ed \u010dtvrtek 5. \u00fanora od 8 do 16 hodin na Struhlovsku vedle prodejny koberc\u016f, kdy n\u00e1v\u0161t\u011bvn\u00edci mohou nahl\u00e9dnout do v\u00fduky ve t\u0159\u00edd\u00e1ch. Z\u00e1rove\u0148 zde prob\u011bhne i z\u00e1pis do prvn\u00ed t\u0159\u00eddy od 13 do 16 hodin.<\/p>\n<p>P\u0159erovsk\u00fd den\u00edk<\/p>\n<p><a href=\"http:\/\/www.prerovsky.denik.cz\/\">http:\/\/www.prerovsky.denik.cz\/<\/a><\/p>\n","protected":false},"excerpt":{"rendered":"<div class=\"mh-excerpt\"><p>P\u0159ed\u0161kol\u00e1ky v nejbli\u017e\u0161\u00edch dnech \u010dek\u00e1 z\u00e1pis do prvn\u00edch t\u0159\u00edd. Ale co ti,kte\u0159\u00ed jsou zdravotn\u011b znev\u00fdhodn\u011bn\u00ed? D\u011bti se speci\u00e1ln\u00edmi vzd\u011bl\u00e1vac\u00edmi pot\u0159ebami zat\u00edm nen\u00ed mo\u017en\u00e9 v norm\u00e1ln\u00edch <a class=\"mh-excerpt-more\" href=\"https:\/\/www.invarena.cz\/?p=19576\" title=\"Dvacet let se staraj\u00ed o d\u011bti se zdravotn\u00edm znev\u00fdhodn\u011bn\u00edm\">[&#8230;]<\/a><\/p>\n<\/div>","protected":false},"author":1,"featured_media":1827,"comment_status":"open","ping_status":"closed","sticky":false,"template":"","format":"standard","meta":{"footnotes":""},"categories":[9],"tags":[],"class_list":["post-19576","post","type-post","status-publish","format-standard","has-post-thumbnail","hentry","category-zpravy"],"_links":{"self":[{"href":"https:\/\/www.invarena.cz\/index.php?rest_route=\/wp\/v2\/posts\/19576","targetHints":{"allow":["GET"]}}],"collection":[{"href":"https:\/\/www.invarena.cz\/index.php?rest_route=\/wp\/v2\/posts"}],"about":[{"href":"https:\/\/www.invarena.cz\/index.php?rest_route=\/wp\/v2\/types\/post"}],"author":[{"embeddable":true,"href":"https:\/\/www.invarena.cz\/index.php?rest_route=\/wp\/v2\/users\/1"}],"replies":[{"embeddable":true,"href":"https:\/\/www.invarena.cz\/index.php?rest_route=%2Fwp%2Fv2%2Fcomments&post=19576"}],"version-history":[{"count":0,"href":"https:\/\/www.invarena.cz\/index.php?rest_route=\/wp\/v2\/posts\/19576\/revisions"}],"wp:featuredmedia":[{"embeddable":true,"href":"https:\/\/www.invarena.cz\/index.php?rest_route=\/wp\/v2\/media\/1827"}],"wp:attachment":[{"href":"https:\/\/www.invarena.cz\/index.php?rest_route=%2Fwp%2Fv2%2Fmedia&parent=19576"}],"wp:term":[{"taxonomy":"category","embeddable":true,"href":"https:\/\/www.invarena.cz\/index.php?rest_route=%2Fwp%2Fv2%2Fcategories&post=19576"},{"taxonomy":"post_tag","embeddable":true,"href":"https:\/\/www.invarena.cz\/index.php?rest_route=%2Fwp%2Fv2%2Ftags&post=19576"}],"curies":[{"name":"wp","href":"https:\/\/api.w.org\/{rel}","templated":true}]}}