{"id":19579,"date":"2015-01-28T08:23:28","date_gmt":"2015-01-28T07:23:28","guid":{"rendered":"http:\/\/www.invarena.cz\/?p=19579"},"modified":"2015-01-28T08:23:28","modified_gmt":"2015-01-28T07:23:28","slug":"vzdelavani-i-vychova-postizenych-lidi-je-prinosne-i-pro-nas-zdrave","status":"publish","type":"post","link":"https:\/\/www.invarena.cz\/?p=19579","title":{"rendered":"Vzd\u011bl\u00e1v\u00e1n\u00ed i v\u00fdchova posti\u017een\u00fdch lid\u00ed je p\u0159\u00ednosn\u00e9 i pro n\u00e1s zdrav\u00e9"},"content":{"rendered":"<p><strong>Je to u\u017e 25 let, co vzd\u011bl\u00e1v\u00e1me d\u011bti a dosp\u011bl\u00e9 p\u0159ipravujeme na pr\u00e1ci, \u0159\u00edk\u00e1 \u0159editelka \u0161koly Sv\u00edt\u00e1n\u00ed Pardubice \u2013 Pardubick\u00e1 Z\u00e1kladn\u00ed a Praktick\u00e1 \u0161kola Sv\u00edt\u00e1n\u00ed nen\u00ed jen oby\u010dejn\u00e9 vzd\u011bl\u00e1vac\u00ed za\u0159\u00edzen\u00ed.<\/strong><!--more--><\/p>\n<p>Jej\u00ed aktivity jdou daleko za hranice b\u011b\u017en\u00e9ho vzd\u011bl\u00e1vac\u00edho \u00fastavu. P\u0159ed sebou ale nem\u00e1 lehkou pr\u00e1ci. Na to, jak\u00e9 jsou pl\u00e1ny \u0161koly do budoucna, jsme se ptali jej\u00ed \u0159editelky MILU\u0160E HORSK\u00c9.<\/p>\n<p>&#8211; Je komplexn\u00ed forma slu\u017eeb pro hendikepovan\u00e9 pot\u0159ebn\u00e1?<\/p>\n<p>Je tomu u\u017e t\u00e9m\u011b\u0159 p\u011btadvacet let, co vzd\u011bl\u00e1v\u00e1me d\u011bti a na\u0161e dosp\u011bl\u00e9 klienty p\u0159ipravujeme na pr\u00e1ci. Bohu\u017eel zat\u00edm nejv\u011bt\u0161\u00ed p\u0159ek\u00e1\u017ekou je legislativa. Na\u0161e za\u0159\u00edzen\u00ed st\u00e1le z\u016fst\u00e1v\u00e1 pro ur\u010ditou skupinu posti\u017een\u00fdch spoluob\u010dan\u016f jedin\u00fdm v\u00fdchodiskem.<\/p>\n<p>&#8211; Dok\u00e1\u017eete rozli\u0161it, zda m\u00e1 n\u011bkter\u00fd z va\u0161ich \u017e\u00e1k\u016f \u0161anci dr\u017eet krok ve vzd\u011bl\u00e1v\u00e1n\u00ed s b\u011b\u017en\u00fdmi d\u011btmi?<\/p>\n<p>To je n\u00e1ro\u010dn\u00fd \u00fakol, ale dok\u00e1\u017eeme n\u011bkter\u00e9 d\u011bti p\u0159ipravit tak, aby mohly absolvovat norm\u00e1ln\u00ed \u0161koly. Prost\u0159ednictv\u00edm d\u011bt\u00ed s hendikepem tak\u00e9 vychov\u00e1v\u00e1me i ty zdrav\u00e9, kter\u00e9 by se s nimi jinak nesetkaly. Hled\u00e1me formy sbl\u00ed\u017een\u00ed, a\u0165 u\u017e je to p\u00e1r hodin ve \u0161kole, nebo sportovn\u00ed, kulturn\u00ed a volno\u010dasov\u00e9 aktivity. Velk\u00fdm vzorem n\u00e1m v tom mohou b\u00fdt t\u0159eba Finov\u00e9. Proces nastartov\u00e1n\u00ed spole\u010dnosti nen\u00ed snadn\u00fd, ale s velk\u00fdm nasazen\u00edm a dobrou v\u016fli se daj\u00ed naplnit pot\u0159eby v\u0161ech.<\/p>\n<p>&#8211; Jak je to s n\u00e1sledn\u00fdm zam\u011bstn\u00e1v\u00e1n\u00edm lid\u00ed?<\/p>\n<p>To m\u00e1 n\u011bkolik rovin. Jedna z nich je n\u00e1sledn\u00e9 vzd\u011bl\u00e1v\u00e1n\u00ed. Sv\u00edt\u00e1n\u00ed je \u0161kola, kter\u00e1 poskytuje p\u00e9\u010di i \u017e\u00e1k\u016fm s nejkomplikovan\u011bj\u0161\u00edm posti\u017een\u00edm \u2013 jak fyzick\u00fdm, tak du\u0161evn\u00edm. Na\u0161e odpov\u011bdnost je p\u0159edev\u0161\u00edm v tom, \u017ee absolventy mus\u00edme p\u0159ipravit, aby nez\u016fstali doma. Trend zam\u011bstn\u00e1v\u00e1n\u00ed ve firm\u00e1ch jsme u\u017e nastartovali p\u0159ed n\u011bkolika lety. P\u016fsob\u00edme na potenci\u00e1ln\u00ed zam\u011bstnavatele, ale skute\u010dn\u00e1 spolupr\u00e1ce se nevyvine z roku na rok. Tato oblast je b\u011bhem na dlouhou tra\u0165.<\/p>\n<p>&#8211; Je tomu tak, \u017ee u \u017e\u00e1k\u016f a klient\u016f lze p\u0159i spr\u00e1vn\u00e9m vzd\u011bl\u00e1v\u00e1n\u00ed zam\u011b\u0159en\u00e9m na praktick\u00e9 dovednosti dos\u00e1hnout samostatnosti?<\/p>\n<p>V N\u011bmecku to nap\u0159\u00edklad dok\u00e1zali. Nejen v r\u00e1mci nastaven\u00ed vzd\u011bl\u00e1vac\u00edho syst\u00e9mu, ale i z hlediska ekonomiky v\u011bd\u00ed, \u017ee investice do hendikepovan\u00fdch lid\u00ed se jim dok\u00e1\u017e\u00ed i plnohodnotn\u011b vracet. Dosp\u011bl\u00ed lid\u00e9 pak nejsou tolik z\u00e1visl\u00ed na st\u00e1tu. V ide\u00e1ln\u00edm p\u0159\u00edpad\u011b bychom toho r\u00e1di dos\u00e1hli i zde.<\/p>\n<p>&#8211; Jak by tomu mohla pomoci budova b\u00fdval\u00e9 \u0161koly v Kl\u00e1\u0161tern\u00ed ulici?<\/p>\n<p>Je d\u016fle\u017eit\u00e9, \u017ee budova v Kl\u00e1\u0161tern\u00ed byla postavena a vyu\u017e\u00edv\u00e1na jako \u0161kola, na tuto tradici r\u00e1di nav\u00e1\u017eeme. M\u011blo by tam tak\u00e9 vzniknout poradensk\u00e9 centrum pro rodi\u010de, integra\u010dn\u00ed centrum, kde se potkaj\u00ed zdrav\u00ed a hendikepovan\u00ed, nebo soci\u00e1ln\u00ed firma. Takto sm\u011b\u0159uj\u00ed na\u0161e aktivity ji\u017e v sou\u010dasnosti. Velk\u00fd potenci\u00e1l vid\u00edm v kultu\u0159e. Nav\u00edc se jedn\u00e1 o d\u016fm v pam\u00e1tkov\u00e9 z\u00f3n\u011b. I pro m\u011bsto by to tedy bylo velmi prosp\u011b\u0161n\u00e9. Z\u00e1m\u011br, aby budova slou\u017eila ve\u0159ejnosti, je podle m\u00e9ho d\u016fle\u017eit\u00fd.<\/p>\n<p>&#8211; Jak velk\u00e1 je vlastn\u011b skupina klient\u016f, o kterou se Sv\u00edt\u00e1n\u00ed star\u00e1 a kte\u0159\u00ed by tam na\u0161li sv\u00e9 uplatn\u011bn\u00ed?<\/p>\n<p>Poskytujeme vzd\u011bl\u00e1n\u00ed a navazuj\u00edc\u00ed slu\u017eby v\u00edce ne\u017e stovce pardubick\u00fdch d\u011bt\u00ed. Vych\u00e1z\u00edme z komunitn\u00edho pl\u00e1nov\u00e1n\u00ed a slu\u017eby chceme roz\u0161\u00ed\u0159it p\u0159edev\u0161\u00edm sm\u011brem k dosp\u011bl\u00fdm.<\/p>\n<p>Hradeck\u00fd den\u00edk<\/p>\n","protected":false},"excerpt":{"rendered":"<div class=\"mh-excerpt\"><p>Je to u\u017e 25 let, co vzd\u011bl\u00e1v\u00e1me d\u011bti a dosp\u011bl\u00e9 p\u0159ipravujeme na pr\u00e1ci, \u0159\u00edk\u00e1 \u0159editelka \u0161koly Sv\u00edt\u00e1n\u00ed Pardubice \u2013 Pardubick\u00e1 Z\u00e1kladn\u00ed a Praktick\u00e1 \u0161kola Sv\u00edt\u00e1n\u00ed <a class=\"mh-excerpt-more\" href=\"https:\/\/www.invarena.cz\/?p=19579\" title=\"Vzd\u011bl\u00e1v\u00e1n\u00ed i v\u00fdchova posti\u017een\u00fdch lid\u00ed je p\u0159\u00ednosn\u00e9 i pro n\u00e1s zdrav\u00e9\">[&#8230;]<\/a><\/p>\n<\/div>","protected":false},"author":1,"featured_media":14944,"comment_status":"open","ping_status":"closed","sticky":false,"template":"","format":"standard","meta":{"footnotes":""},"categories":[9],"tags":[],"class_list":["post-19579","post","type-post","status-publish","format-standard","has-post-thumbnail","hentry","category-zpravy"],"_links":{"self":[{"href":"https:\/\/www.invarena.cz\/index.php?rest_route=\/wp\/v2\/posts\/19579","targetHints":{"allow":["GET"]}}],"collection":[{"href":"https:\/\/www.invarena.cz\/index.php?rest_route=\/wp\/v2\/posts"}],"about":[{"href":"https:\/\/www.invarena.cz\/index.php?rest_route=\/wp\/v2\/types\/post"}],"author":[{"embeddable":true,"href":"https:\/\/www.invarena.cz\/index.php?rest_route=\/wp\/v2\/users\/1"}],"replies":[{"embeddable":true,"href":"https:\/\/www.invarena.cz\/index.php?rest_route=%2Fwp%2Fv2%2Fcomments&post=19579"}],"version-history":[{"count":0,"href":"https:\/\/www.invarena.cz\/index.php?rest_route=\/wp\/v2\/posts\/19579\/revisions"}],"wp:featuredmedia":[{"embeddable":true,"href":"https:\/\/www.invarena.cz\/index.php?rest_route=\/wp\/v2\/media\/14944"}],"wp:attachment":[{"href":"https:\/\/www.invarena.cz\/index.php?rest_route=%2Fwp%2Fv2%2Fmedia&parent=19579"}],"wp:term":[{"taxonomy":"category","embeddable":true,"href":"https:\/\/www.invarena.cz\/index.php?rest_route=%2Fwp%2Fv2%2Fcategories&post=19579"},{"taxonomy":"post_tag","embeddable":true,"href":"https:\/\/www.invarena.cz\/index.php?rest_route=%2Fwp%2Fv2%2Ftags&post=19579"}],"curies":[{"name":"wp","href":"https:\/\/api.w.org\/{rel}","templated":true}]}}