{"id":19586,"date":"2015-01-27T19:54:47","date_gmt":"2015-01-27T18:54:47","guid":{"rendered":"http:\/\/www.invarena.cz\/?p=19586"},"modified":"2015-01-28T06:59:59","modified_gmt":"2015-01-28T05:59:59","slug":"na-vysocine-jsou-kvuli-chripce-zavreny-dve-skoly-a-domov-duchodcu","status":"publish","type":"post","link":"https:\/\/www.invarena.cz\/?p=19586","title":{"rendered":"Na Vyso\u010din\u011b jsou kv\u016fli ch\u0159ipce zav\u0159eny dv\u011b \u0161koly a domov d\u016fchodc\u016f"},"content":{"rendered":"<p><strong>Kv\u016fli zvy\u0161uj\u00edc\u00edmu se po\u010dtu ch\u0159ipkov\u00fdch onemocn\u011bn\u00ed je ode dne\u0161ka uzav\u0159ena mate\u0159sk\u00e1 \u0161kola v obci Jamn\u00e9 na Jihlavsku. Od pond\u011bl\u00ed je zav\u0159ena tak\u00e9 Z\u00e1kladn\u00ed \u0161kola Wolkerova v Havl\u00ed\u010dkov\u011b Brod\u011b, n\u00e1v\u0161t\u011bvy jsou kv\u016fli zv\u00fd\u0161en\u00e9 nemocnosti person\u00e1lu zak\u00e1z\u00e1ny v Domov\u011b d\u016fchodc\u016f v Pelh\u0159imov\u011b.<\/strong> <!--more--><\/p>\n<p>&nbsp;<\/p>\n<p>Nejv\u00edc nemocn\u00fdch je mezi \u0161koln\u00edmi a p\u0159ed\u0161koln\u00edmi d\u011btmi, ohro\u017eeni jsou tak\u00e9 senio\u0159i a lid\u00e9 s chronick\u00fdmi nemocemi, \u0159ekla Alena Dvo\u0159\u00e1kov\u00e1 z Krajsk\u00e9 hygienick\u00e9 stanice v Jihlav\u011b.<\/p>\n<p>Epidemiologov\u00e9 na Vyso\u010din\u011b minul\u00fd p\u00e1tek evidovali 1346 nemocn\u00fdch v p\u0159epo\u010dtu na 100.000 obyvatel. &#8222;Aktu\u00e1ln\u00ed \u010d\u00edsla za tento t\u00fdden zat\u00edm nejsou k dispozici, po\u010det onemocn\u011bn\u00ed v\u0161ak d\u00e1le stoup\u00e1,&#8220; \u0159ekla Dvo\u0159\u00e1kov\u00e1. Hranic\u00ed epidemie je podle n\u00ed 1700 nemocn\u00fdch v p\u0159epo\u010dtu na 100.000 obyvatel.<br \/>\nNa Vyso\u010din\u011b za\u010dnou p\u0159\u00ed\u0161t\u00ed t\u00fdden jarn\u00ed pr\u00e1zdniny, co\u017e by podle Dvo\u0159\u00e1kov\u00e9 mohlo n\u00e1r\u016fst po\u010dtu ch\u0159ipkov\u00fdch onemocn\u011bn\u00ed zastavit. &#8222;Proto\u017ee jsme v\u0161ak na Vyso\u010din\u011b na za\u010d\u00e1tku ch\u0159ipkov\u00e9 epidemie, m\u016f\u017ee se po\u010det onemocn\u011bn\u00ed po pr\u00e1zdnin\u00e1ch d\u00e1l zvy\u0161ovat,&#8220; dodala Dvo\u0159\u00e1kov\u00e1.<br \/>\nPronikav\u00fd n\u00e1r\u016fst p\u0159\u00edpad\u016f ch\u0159ipky a akutn\u00ed d\u00fdchac\u00ed infekce eviduje za p\u0159edchoz\u00ed t\u00fdden n\u00e1rodn\u00ed referen\u010dn\u00ed laborato\u0159 pro ch\u0159ipku. Po\u010dty pacient\u016f s ch\u0159ipkou stouply o 122,4 procenta a s akutn\u00edmi infekcemi d\u00fdchac\u00edch cest o 21,1 procenta. Nejv\u00edc v Praze a kraj\u00edch Jihomoravsk\u00e9m, Vyso\u010din\u011b a St\u0159edo\u010desk\u00e9m. V ch\u0159ipkov\u00e9 epidemii v \u010cR obvykle onemocn\u00ed milion lid\u00ed.<\/p>\n","protected":false},"excerpt":{"rendered":"<div class=\"mh-excerpt\"><p>Kv\u016fli zvy\u0161uj\u00edc\u00edmu se po\u010dtu ch\u0159ipkov\u00fdch onemocn\u011bn\u00ed je ode dne\u0161ka uzav\u0159ena mate\u0159sk\u00e1 \u0161kola v obci Jamn\u00e9 na Jihlavsku. Od pond\u011bl\u00ed je zav\u0159ena tak\u00e9 Z\u00e1kladn\u00ed \u0161kola Wolkerova <a class=\"mh-excerpt-more\" href=\"https:\/\/www.invarena.cz\/?p=19586\" title=\"Na Vyso\u010din\u011b jsou kv\u016fli ch\u0159ipce zav\u0159eny dv\u011b \u0161koly a domov d\u016fchodc\u016f\">[&#8230;]<\/a><\/p>\n<\/div>","protected":false},"author":1,"featured_media":0,"comment_status":"open","ping_status":"closed","sticky":false,"template":"","format":"standard","meta":{"footnotes":""},"categories":[9],"tags":[],"class_list":["post-19586","post","type-post","status-publish","format-standard","hentry","category-zpravy"],"_links":{"self":[{"href":"https:\/\/www.invarena.cz\/index.php?rest_route=\/wp\/v2\/posts\/19586","targetHints":{"allow":["GET"]}}],"collection":[{"href":"https:\/\/www.invarena.cz\/index.php?rest_route=\/wp\/v2\/posts"}],"about":[{"href":"https:\/\/www.invarena.cz\/index.php?rest_route=\/wp\/v2\/types\/post"}],"author":[{"embeddable":true,"href":"https:\/\/www.invarena.cz\/index.php?rest_route=\/wp\/v2\/users\/1"}],"replies":[{"embeddable":true,"href":"https:\/\/www.invarena.cz\/index.php?rest_route=%2Fwp%2Fv2%2Fcomments&post=19586"}],"version-history":[{"count":0,"href":"https:\/\/www.invarena.cz\/index.php?rest_route=\/wp\/v2\/posts\/19586\/revisions"}],"wp:attachment":[{"href":"https:\/\/www.invarena.cz\/index.php?rest_route=%2Fwp%2Fv2%2Fmedia&parent=19586"}],"wp:term":[{"taxonomy":"category","embeddable":true,"href":"https:\/\/www.invarena.cz\/index.php?rest_route=%2Fwp%2Fv2%2Fcategories&post=19586"},{"taxonomy":"post_tag","embeddable":true,"href":"https:\/\/www.invarena.cz\/index.php?rest_route=%2Fwp%2Fv2%2Ftags&post=19586"}],"curies":[{"name":"wp","href":"https:\/\/api.w.org\/{rel}","templated":true}]}}