{"id":19588,"date":"2015-01-28T07:11:32","date_gmt":"2015-01-28T06:11:32","guid":{"rendered":"http:\/\/www.invarena.cz\/?p=19588"},"modified":"2015-01-28T07:11:41","modified_gmt":"2015-01-28T06:11:41","slug":"v-moravskoslezskem-kraji-kvuli-pocasi-vzrostl-pocet-zranenych","status":"publish","type":"post","link":"https:\/\/www.invarena.cz\/?p=19588","title":{"rendered":"V Moravskoslezsk\u00e9m kraji kv\u016fli po\u010das\u00ed vzrostl po\u010det zran\u011bn\u00fdch"},"content":{"rendered":"<p><strong>V Moravskoslezsk\u00e9m kraji dnes kv\u016fli po\u010das\u00ed vzrostl po\u010det zran\u011bn\u00fdch chodc\u016f, kter\u00e9 museli o\u0161et\u0159it z\u00e1chran\u00e1\u0159i. Jen do dne\u0161n\u00edch 13:00 pomohli zhruba dv\u011bma des\u00edtk\u00e1m zran\u011bn\u00fdch, kte\u0159\u00ed upadli na zledovat\u011bl\u00fdch chodn\u00edc\u00edch nebo schodech, informoval mluv\u010d\u00ed z\u00e1chrann\u00e9 slu\u017eby Luk\u00e1\u0161 Humpl. Nej\u010dast\u011bji lid\u00e9 padali v Ostrav\u011b a okol\u00ed a tak\u00e9 na Novoji\u010d\u00ednsku.<\/strong> <!--more--><br \/>\n&#8222;Ve 14 p\u0159\u00edpadech se jednalo o \u017eeny, pouze v p\u011bti pak o mu\u017ee. Pokud jde o zran\u011bn\u00ed, \u0161lo p\u0159edev\u0161\u00edm o \u00farazy doln\u00edch kon\u010detin, v n\u011bkolika p\u0159\u00edpadech ramena, hlavy a hrudn\u00edku. Z\u00e1chran\u00e1\u0159i je kvalifikovali nej\u010dast\u011bji jako st\u0159edn\u011b t\u011b\u017ek\u00e1 poran\u011bn\u00ed,&#8220; uvedl mluv\u010d\u00ed. Pacienty z\u00e1chran\u00e1\u0159i po prvotn\u00edm o\u0161et\u0159en\u00ed p\u0159ev\u00e1\u017eeli na \u00farazov\u00e9 \u010di chirurgick\u00e9 ambulance zdravotnick\u00fdch za\u0159\u00edzen\u00ed.<\/p>\n","protected":false},"excerpt":{"rendered":"<div class=\"mh-excerpt\"><p>V Moravskoslezsk\u00e9m kraji dnes kv\u016fli po\u010das\u00ed vzrostl po\u010det zran\u011bn\u00fdch chodc\u016f, kter\u00e9 museli o\u0161et\u0159it z\u00e1chran\u00e1\u0159i. Jen do dne\u0161n\u00edch 13:00 pomohli zhruba dv\u011bma des\u00edtk\u00e1m zran\u011bn\u00fdch, kte\u0159\u00ed upadli <a class=\"mh-excerpt-more\" href=\"https:\/\/www.invarena.cz\/?p=19588\" title=\"V Moravskoslezsk\u00e9m kraji kv\u016fli po\u010das\u00ed vzrostl po\u010det zran\u011bn\u00fdch\">[&#8230;]<\/a><\/p>\n<\/div>","protected":false},"author":1,"featured_media":0,"comment_status":"open","ping_status":"closed","sticky":false,"template":"","format":"standard","meta":{"footnotes":""},"categories":[9],"tags":[],"class_list":["post-19588","post","type-post","status-publish","format-standard","hentry","category-zpravy"],"_links":{"self":[{"href":"https:\/\/www.invarena.cz\/index.php?rest_route=\/wp\/v2\/posts\/19588","targetHints":{"allow":["GET"]}}],"collection":[{"href":"https:\/\/www.invarena.cz\/index.php?rest_route=\/wp\/v2\/posts"}],"about":[{"href":"https:\/\/www.invarena.cz\/index.php?rest_route=\/wp\/v2\/types\/post"}],"author":[{"embeddable":true,"href":"https:\/\/www.invarena.cz\/index.php?rest_route=\/wp\/v2\/users\/1"}],"replies":[{"embeddable":true,"href":"https:\/\/www.invarena.cz\/index.php?rest_route=%2Fwp%2Fv2%2Fcomments&post=19588"}],"version-history":[{"count":0,"href":"https:\/\/www.invarena.cz\/index.php?rest_route=\/wp\/v2\/posts\/19588\/revisions"}],"wp:attachment":[{"href":"https:\/\/www.invarena.cz\/index.php?rest_route=%2Fwp%2Fv2%2Fmedia&parent=19588"}],"wp:term":[{"taxonomy":"category","embeddable":true,"href":"https:\/\/www.invarena.cz\/index.php?rest_route=%2Fwp%2Fv2%2Fcategories&post=19588"},{"taxonomy":"post_tag","embeddable":true,"href":"https:\/\/www.invarena.cz\/index.php?rest_route=%2Fwp%2Fv2%2Ftags&post=19588"}],"curies":[{"name":"wp","href":"https:\/\/api.w.org\/{rel}","templated":true}]}}