{"id":19589,"date":"2015-01-28T07:39:26","date_gmt":"2015-01-28T06:39:26","guid":{"rendered":"http:\/\/www.invarena.cz\/?p=19589"},"modified":"2015-01-28T07:39:42","modified_gmt":"2015-01-28T06:39:42","slug":"v-jihomoravskem-kraji-zacala-chripkova-epidemie-20-000-nemocnych","status":"publish","type":"post","link":"https:\/\/www.invarena.cz\/?p=19589","title":{"rendered":"V Jihomoravsk\u00e9m kraji za\u010dala ch\u0159ipkov\u00e1 epidemie; 20.000 nemocn\u00fdch"},"content":{"rendered":"<p><strong>Krajsk\u00e1 hygienick\u00e1 stanice Jihomoravsk\u00e9ho kraje eviduje za minul\u00fd t\u00fdden vy\u0161\u0161\u00ed po\u010det ch\u0159ipkov\u00fdch a akutn\u00edch respira\u010dn\u00edch onemocn\u011bn\u00ed, ne\u017e je hranice epidemie. Zaznamenala jich 1740 na 100.000 obyvatel, \u0159ekl \u0159editel jihomoravsk\u00fdch hygienik\u016f Jan Mare\u010dek.<\/strong> <!--more--><\/p>\n<p>Obvykl\u00fd stav je kolem 1200 onemocn\u011bn\u00ed na 100.000 obyvatel. Mare\u010dek pova\u017euje za hranici epidemie hodnotu 1500 a\u017e 1600 nemocn\u00fdch. Kv\u016fli epidemii zav\u0159ela na cel\u00fd t\u00fdden Z\u00e1kladn\u00ed a mate\u0159sk\u00e1 \u0161kola v Debl\u00edn\u011b na Brn\u011bnsku. Jihomoravsk\u00e9 nemocnice zat\u00edm n\u00e1v\u0161t\u011bvy v souvislosti s epidemi\u00ed nezak\u00e1zaly.<br \/>\nV Jihomoravsk\u00e9m kraji je t\u00e9m\u011b\u0159 1,2 milionu obyvatel. Nemocn\u00fdch je tedy kolem 20.000. Mare\u010dek v\u0161ak upozornil na to, \u017ee jsou to onemocn\u011bn\u00ed hl\u00e1\u0161en\u00e1 od l\u00e9ka\u0159\u016f. &#8222;Mnoho dal\u0161\u00edch lid\u00ed nemoc\u00ed trp\u00ed, ale nikam s n\u00ed nejde,&#8220; podotkl.<\/p>\n<p>Hygienici sleduj\u00ed situaci jednou t\u00fddn\u011b. &#8222;V minul\u00e9m t\u00fddnu jsme zjistili p\u0159ekon\u00e1n\u00ed hranice epidemie. O t\u00fdden d\u0159\u00edve bylo nemocn\u00fdch t\u011bsn\u011b pod hranic\u00ed, a to 1470 na 100.000 obyvatel,&#8220; \u0159ekl Mare\u010dek. N\u00e1r\u016fst \u010din\u00ed zhruba p\u011btinu.<\/p>\n<p>Mezi asi 20.000 nemocn\u00fdmi v kraji je podle Mare\u010dka p\u0159ev\u00e1\u017en\u00e1 v\u011bt\u0161ina lid\u00ed s akutn\u00edmi respira\u010dn\u00edmi onemocn\u011bn\u00edmi. Desetinu v\u0161ak tvo\u0159\u00ed lid\u00e9 p\u0159\u00edmo s ch\u0159ipkou. &#8222;Nejv\u00edce ohro\u017eenou skupinou jsou mal\u00e9 d\u011bti a \u0161kol\u00e1ci. V\u0161eobecn\u011b m\u00edvaj\u00ed v\u017edy nejvy\u0161\u0161\u00ed nemocnost,&#8220; uvedl Mare\u010dek.<\/p>\n<p>Kv\u016fli zv\u00fd\u0161en\u00e9mu v\u00fdskytu ch\u0159ipkov\u00fdch onemocn\u011bn\u00ed zav\u0159ela debl\u00ednsk\u00e1 z\u00e1kladn\u00ed a mate\u0159sk\u00e1 \u0161kola. &#8222;Cel\u00fd t\u00fdden m\u00e1me zav\u0159eno. Z 210 d\u011bt\u00ed chyb\u011blo v\u00edce ne\u017e 60 procent. Do \u0161koly jdeme a\u017e v pond\u011bl\u00ed, kdy se budou p\u0159ed\u00e1vat vysv\u011bd\u010den\u00ed,&#8220; \u0159ekl \u0159editel B\u0159etislav Svozil.<\/p>\n<p>O dal\u0161\u00edch zav\u0159en\u00fdch \u0161kol\u00e1ch Mare\u010dek nev\u00ed a neregistruje je ani mluv\u010d\u00ed brn\u011bnsk\u00e9ho magistr\u00e1tu Pavel \u017d\u00e1ra nebo jihomoravsk\u00fd radn\u00ed zodpov\u011bdn\u00fd za \u0161kolstv\u00ed Ji\u0159\u00ed Janda (\u010cSSD). &#8222;\u017d\u00e1dnou informaci o zav\u0159en\u00ed n\u011bkter\u00e9 ze \u0161kol z\u0159izovan\u00fdch krajem nem\u00e1m. A nav\u00edc si mysl\u00edm, \u017ee epidemii roze\u017eenou jarn\u00ed pr\u00e1zdniny. D\u011bti nebudou spolu pohromad\u011b a budou m\u00edt mo\u017enost se vyl\u00e9\u010dit,&#8220; uvedl Janda.<\/p>\n<p>Epidemie se zat\u00edm neprojevila v mo\u017enosti n\u00e1v\u0161t\u011bv v nemocnic\u00edch. &#8222;Zat\u00edm m\u00e1me n\u00e1v\u0161t\u011bvy povolen\u00e9,&#8220; \u0159ekla mluv\u010d\u00ed Fakultn\u00ed nemocnice Brno Anna Mr\u00e1zov\u00e1. N\u00e1v\u0161t\u011bvy neomezila ani Fakultn\u00ed nemocnice u svat\u00e9 Anny v Brn\u011b. Za pacienty mohou lid\u00e9 chodit i v dal\u0161\u00edch nemocnic\u00edch v kraji. &#8222;Zat\u00edm n\u00e1v\u0161t\u011bvy zak\u00e1zan\u00e9 nem\u00e1me,&#8220; \u0159ekly shodn\u011b \u010cTK \u0159editelka hodon\u00ednsk\u00e9 nemocnice V\u011bra Dost\u00e1lov\u00e1 a \u0159editelka kyjovsk\u00e9 nemocnice Danu\u0161e K\u0159iv\u00e1kov\u00e1.<\/p>\n","protected":false},"excerpt":{"rendered":"<div class=\"mh-excerpt\"><p>Krajsk\u00e1 hygienick\u00e1 stanice Jihomoravsk\u00e9ho kraje eviduje za minul\u00fd t\u00fdden vy\u0161\u0161\u00ed po\u010det ch\u0159ipkov\u00fdch a akutn\u00edch respira\u010dn\u00edch onemocn\u011bn\u00ed, ne\u017e je hranice epidemie. Zaznamenala jich 1740 na 100.000 <a class=\"mh-excerpt-more\" href=\"https:\/\/www.invarena.cz\/?p=19589\" title=\"V Jihomoravsk\u00e9m kraji za\u010dala ch\u0159ipkov\u00e1 epidemie; 20.000 nemocn\u00fdch\">[&#8230;]<\/a><\/p>\n<\/div>","protected":false},"author":1,"featured_media":0,"comment_status":"open","ping_status":"closed","sticky":false,"template":"","format":"standard","meta":{"footnotes":""},"categories":[9],"tags":[],"class_list":["post-19589","post","type-post","status-publish","format-standard","hentry","category-zpravy"],"_links":{"self":[{"href":"https:\/\/www.invarena.cz\/index.php?rest_route=\/wp\/v2\/posts\/19589","targetHints":{"allow":["GET"]}}],"collection":[{"href":"https:\/\/www.invarena.cz\/index.php?rest_route=\/wp\/v2\/posts"}],"about":[{"href":"https:\/\/www.invarena.cz\/index.php?rest_route=\/wp\/v2\/types\/post"}],"author":[{"embeddable":true,"href":"https:\/\/www.invarena.cz\/index.php?rest_route=\/wp\/v2\/users\/1"}],"replies":[{"embeddable":true,"href":"https:\/\/www.invarena.cz\/index.php?rest_route=%2Fwp%2Fv2%2Fcomments&post=19589"}],"version-history":[{"count":0,"href":"https:\/\/www.invarena.cz\/index.php?rest_route=\/wp\/v2\/posts\/19589\/revisions"}],"wp:attachment":[{"href":"https:\/\/www.invarena.cz\/index.php?rest_route=%2Fwp%2Fv2%2Fmedia&parent=19589"}],"wp:term":[{"taxonomy":"category","embeddable":true,"href":"https:\/\/www.invarena.cz\/index.php?rest_route=%2Fwp%2Fv2%2Fcategories&post=19589"},{"taxonomy":"post_tag","embeddable":true,"href":"https:\/\/www.invarena.cz\/index.php?rest_route=%2Fwp%2Fv2%2Ftags&post=19589"}],"curies":[{"name":"wp","href":"https:\/\/api.w.org\/{rel}","templated":true}]}}