{"id":19590,"date":"2015-01-28T07:56:15","date_gmt":"2015-01-28T06:56:15","guid":{"rendered":"http:\/\/www.invarena.cz\/?p=19590"},"modified":"2015-01-28T07:56:15","modified_gmt":"2015-01-28T06:56:15","slug":"lidi-s-infekci-dychacich-cest-ve-stredoceskem-kraji-pribylo","status":"publish","type":"post","link":"https:\/\/www.invarena.cz\/?p=19590","title":{"rendered":"Lid\u00ed s infekc\u00ed d\u00fdchac\u00edch cest ve St\u0159edo\u010desk\u00e9m kraji p\u0159ibylo"},"content":{"rendered":"<p><strong>Lid\u00ed s infekc\u00ed d\u00fdchac\u00edch cest a ch\u0159ipkou ve St\u0159edo\u010desk\u00e9m kraji v\u00fdrazn\u011b p\u0159ibylo. Po\u010det nemocn\u00fdch za uplynul\u00fd t\u00fdden narostl o 26 procent. <\/strong><!--more--><\/p>\n<p>Celkov\u00e1 nemocnost podle aktu\u00e1ln\u00edch \u00fadaj\u016f \u010din\u00ed 1526 onemocn\u011bn\u00ed na 100.000 obyvatel. N\u00e1r\u016fst po\u010dtu nemocn\u00fdch se letos dostavil o n\u011bco pozd\u011bji, ne\u017e hygienici o\u010dek\u00e1vali. Zv\u00fd\u0161en\u00ed po\u010dtu nemocn\u00fdch eviduj\u00ed hygienici nejen v cel\u00e9 \u010cR, ale i po cel\u00e9 Evrop\u011b, sd\u011blila vedouc\u00ed protiepidemick\u00e9ho odboru krajsk\u00e9 hygienick\u00e9 stanice Lilian Rumlov\u00e1.<\/p>\n<p>    Nejv\u011bt\u0161\u00ed r\u016fst nemocnosti byl minul\u00fd t\u00fdden zaznamen\u00e1n v okresech Kutn\u00e1 Hora, 53 procent, a Bene\u0161ov, 47 procent. Naopak nejm\u00e9n\u011b nemocnost rostla na Mladoboleslavsku a v okrese Praha-v\u00fdchod. Vzestup nemocnosti by podle Rumlov\u00e9 m\u011bl pokra\u010dovat i tento t\u00fdden, ale r\u016fst by nem\u011bl b\u00fdt dramatick\u00fd. &#8222;Vzhledem k tomu, \u017ee za\u010d\u00edn\u00e1 obdob\u00ed jarn\u00edch pr\u00e1zdnin, zbrzd\u00ed se r\u016fst po\u010dtu nemocn\u00fdch ve \u0161koln\u00edch kolektivech,&#8220; uvedla Rumlov\u00e1. Obecn\u011b po\u010det nemocn\u00fdch podle Rumlov\u00e9 odpov\u00edd\u00e1 b\u011b\u017en\u00e9mu stavu v tomto ro\u010dn\u00edm obdob\u00ed. <\/p>\n","protected":false},"excerpt":{"rendered":"<div class=\"mh-excerpt\"><p>Lid\u00ed s infekc\u00ed d\u00fdchac\u00edch cest a ch\u0159ipkou ve St\u0159edo\u010desk\u00e9m kraji v\u00fdrazn\u011b p\u0159ibylo. Po\u010det nemocn\u00fdch za uplynul\u00fd t\u00fdden narostl o 26 procent.<\/p>\n<\/div>","protected":false},"author":1,"featured_media":0,"comment_status":"open","ping_status":"closed","sticky":false,"template":"","format":"standard","meta":{"footnotes":""},"categories":[9],"tags":[],"class_list":["post-19590","post","type-post","status-publish","format-standard","hentry","category-zpravy"],"_links":{"self":[{"href":"https:\/\/www.invarena.cz\/index.php?rest_route=\/wp\/v2\/posts\/19590","targetHints":{"allow":["GET"]}}],"collection":[{"href":"https:\/\/www.invarena.cz\/index.php?rest_route=\/wp\/v2\/posts"}],"about":[{"href":"https:\/\/www.invarena.cz\/index.php?rest_route=\/wp\/v2\/types\/post"}],"author":[{"embeddable":true,"href":"https:\/\/www.invarena.cz\/index.php?rest_route=\/wp\/v2\/users\/1"}],"replies":[{"embeddable":true,"href":"https:\/\/www.invarena.cz\/index.php?rest_route=%2Fwp%2Fv2%2Fcomments&post=19590"}],"version-history":[{"count":0,"href":"https:\/\/www.invarena.cz\/index.php?rest_route=\/wp\/v2\/posts\/19590\/revisions"}],"wp:attachment":[{"href":"https:\/\/www.invarena.cz\/index.php?rest_route=%2Fwp%2Fv2%2Fmedia&parent=19590"}],"wp:term":[{"taxonomy":"category","embeddable":true,"href":"https:\/\/www.invarena.cz\/index.php?rest_route=%2Fwp%2Fv2%2Fcategories&post=19590"},{"taxonomy":"post_tag","embeddable":true,"href":"https:\/\/www.invarena.cz\/index.php?rest_route=%2Fwp%2Fv2%2Ftags&post=19590"}],"curies":[{"name":"wp","href":"https:\/\/api.w.org\/{rel}","templated":true}]}}