{"id":19611,"date":"2015-01-29T07:24:08","date_gmt":"2015-01-29T06:24:08","guid":{"rendered":"http:\/\/www.invarena.cz\/?p=19611"},"modified":"2015-01-29T07:25:53","modified_gmt":"2015-01-29T06:25:53","slug":"straznici-loni-v-brne-zachranili-zivot-38-osamocene-zijicim-lidem","status":"publish","type":"post","link":"https:\/\/www.invarena.cz\/?p=19611","title":{"rendered":"Str\u00e1\u017en\u00edci loni v Brn\u011b zachr\u00e1nili \u017eivot 38 osamocen\u011b \u017eij\u00edc\u00edm lidem"},"content":{"rendered":"<p><strong>Str\u00e1\u017en\u00edci loni v Brn\u011b zachr\u00e1nili \u017eivot 38 osamocen\u011b \u017eij\u00edc\u00edm lidem, kte\u0159\u00ed z\u016fstali uzav\u0159eni doma bez v\u011bt\u0161\u00ed nad\u011bje na z\u00e1chranu. V\u011bt\u0161inou \u0161lo o d\u016fchodce, kte\u0159\u00ed kv\u016fli nemoci upadli na zem, zranili se a dlouh\u00e9 hodiny \u010dekali na pomoc.<\/strong><!--more--><\/p>\n<p> Tu si nakonec p\u0159ivolali sami, nebo na n\u011b upozornili m\u011bstskou policii jejich bl\u00edzc\u00ed \u010di v\u0161\u00edmav\u00ed soused\u00e9, \u0159ekl jej\u00ed mluv\u010d\u00ed Jakub Ghanem. Po\u010det t\u011bchto v\u00fdjezd\u016f v Brn\u011b se v\u00fdrazn\u011b sni\u017euje. P\u0159edloni brn\u011bn\u0161t\u00ed str\u00e1\u017en\u00edci zachr\u00e1nili celkem 53 lid\u00ed.<\/p>\n<p>    Dva takov\u00e9to p\u0159\u00edpady se staly 4. prosince. Mu\u017e z Brna-\u010cern\u00fdch Pol\u00ed upozornil str\u00e1\u017en\u00edky, \u017ee svoji 96letou sousedku ji\u017e dva dny nevid\u011bl; z\u0159ejm\u011b se j\u00ed mohlo n\u011bco st\u00e1t. P\u0159es dve\u0159e pak p\u0159ivolan\u00e1 hl\u00eddka zaslechla jej\u00ed tich\u00e9 vol\u00e1n\u00ed o pomoc. Do bytu vlezla oknem. D\u016fchodkyni na\u0161la vys\u00edlenou v posteli. Skon\u010dila v nemocnici. T\u00e9ho\u017e dne upozornila \u0165uk\u00e1n\u00edm do radi\u00e1toru 87let\u00e1 \u017eena sv\u00e9 sousedy, \u017ee je v t\u00edsni. Str\u00e1\u017en\u00edci se k n\u00ed dostali po otev\u0159en\u00ed dve\u0159\u00ed. Tak\u00e9 ona n\u011bkolik hodin \u010dekala na pomoc. I ona skon\u010dila v p\u00e9\u010di l\u00e9ka\u0159\u016f.<\/p>\n<p>    Brn\u011bnsk\u00e1 m\u011bstsk\u00e1 policie provozuje ji\u017e n\u011bkolik let Centrum t\u00eds\u0148ov\u00e9ho sign\u00e1lu. Je na n\u011bj napojeno sto osamocen\u011b \u017eij\u00edc\u00edch senior\u016f se zdravotn\u00edmi probl\u00e9my nebo handicapovan\u00fdch. Maj\u00ed u sebe p\u0159\u00edv\u011b\u0161ek, na n\u011bm\u017e sta\u010d\u00ed v t\u00edsni zm\u00e1\u010dknout sp\u00edna\u010d. V centru se objev\u00ed sign\u00e1l, \u017ee senior je v t\u00edsni. Hl\u00eddka si z n\u011bj vyzvedne n\u00e1hradn\u00ed kl\u00ed\u010de od bytu a do deseti minut je na m\u00edst\u011b.<\/p>\n<p>    Loni m\u011bli str\u00e1\u017en\u00edci 106 t\u011bchto v\u00fdjezd\u016f, co\u017e je o 20 v\u00edce ne\u017e p\u0159edloni. &#8222;Pokles po\u010dtu n\u00e1lez\u016f lid\u00ed v krizov\u00fdch situac\u00edch a naopak \u010dast\u011bj\u0161\u00ed vyu\u017e\u00edv\u00e1n\u00ed Centra t\u00eds\u0148ov\u00e9ho sign\u00e1lu sv\u011bd\u010d\u00ed o tom, \u017ee s t\u011bmito osobami l\u00e9pe spolupracujeme,&#8220; uvedl Ghanem. Str\u00e1\u017en\u00edci se do byt\u016f k lidem v t\u00edsni dost\u00e1vaj\u00ed po vylomen\u00ed vstupn\u00edch dve\u0159\u00ed, rozbit\u00ed oken a v n\u011bkter\u00fdch p\u0159\u00edpadech i po slan\u011bn\u00ed ze st\u0159ech dom\u016f.<\/p>\n<p>    Ne v\u0161echny v\u00fdjezdy ale kon\u010d\u00ed \u0161\u0165astn\u011b. Loni na\u0161li str\u00e1\u017enici v bytech t\u0159i mrtv\u00e9, p\u0159edloni dva. Brn\u011bnsk\u00e1 m\u011bstsk\u00e1 policie po\u0159\u00e1d\u00e1 pro d\u016fchodce ji\u017e l\u00e9ta Senior akademii, ve kter\u00e9 d\u0159\u00edve narozen\u00e9 p\u0159ipravuje na to, jak maj\u00ed jednat s podvodn\u00edky, jak si l\u00e9pe chr\u00e1nit sv\u016fj majetek, nebo jak se zachovat v jin\u00fdch krizov\u00fdch situac\u00edch. Absolvovalo ji ji\u017e p\u0159es tis\u00edc d\u016fchodc\u016f.<\/p>\n<p>    &#8222;Mimo jin\u00e9 jim rad\u00edme, aby u sebe nosili propisovac\u00ed tu\u017eku. P\u0159i p\u00e1du na zem ji mohou pou\u017e\u00edt k \u0165uk\u00e1n\u00ed na radi\u00e1tor a upozornit tak sousedy, \u017ee je n\u011bco v nepo\u0159\u00e1dku. Loni se mnoh\u00fdm z nich tato metoda vyplatila,&#8220; doplnil Ghanem. <\/p>\n","protected":false},"excerpt":{"rendered":"<div class=\"mh-excerpt\"><p>Str\u00e1\u017en\u00edci loni v Brn\u011b zachr\u00e1nili \u017eivot 38 osamocen\u011b \u017eij\u00edc\u00edm lidem, kte\u0159\u00ed z\u016fstali uzav\u0159eni doma bez v\u011bt\u0161\u00ed nad\u011bje na z\u00e1chranu. V\u011bt\u0161inou \u0161lo o d\u016fchodce, kte\u0159\u00ed kv\u016fli <a class=\"mh-excerpt-more\" href=\"https:\/\/www.invarena.cz\/?p=19611\" title=\"Str\u00e1\u017en\u00edci loni v Brn\u011b zachr\u00e1nili \u017eivot 38 osamocen\u011b \u017eij\u00edc\u00edm lidem\">[&#8230;]<\/a><\/p>\n<\/div>","protected":false},"author":1,"featured_media":7832,"comment_status":"open","ping_status":"closed","sticky":false,"template":"","format":"standard","meta":{"footnotes":""},"categories":[7],"tags":[],"class_list":["post-19611","post","type-post","status-publish","format-standard","has-post-thumbnail","hentry","category-spolecnost"],"_links":{"self":[{"href":"https:\/\/www.invarena.cz\/index.php?rest_route=\/wp\/v2\/posts\/19611","targetHints":{"allow":["GET"]}}],"collection":[{"href":"https:\/\/www.invarena.cz\/index.php?rest_route=\/wp\/v2\/posts"}],"about":[{"href":"https:\/\/www.invarena.cz\/index.php?rest_route=\/wp\/v2\/types\/post"}],"author":[{"embeddable":true,"href":"https:\/\/www.invarena.cz\/index.php?rest_route=\/wp\/v2\/users\/1"}],"replies":[{"embeddable":true,"href":"https:\/\/www.invarena.cz\/index.php?rest_route=%2Fwp%2Fv2%2Fcomments&post=19611"}],"version-history":[{"count":0,"href":"https:\/\/www.invarena.cz\/index.php?rest_route=\/wp\/v2\/posts\/19611\/revisions"}],"wp:featuredmedia":[{"embeddable":true,"href":"https:\/\/www.invarena.cz\/index.php?rest_route=\/wp\/v2\/media\/7832"}],"wp:attachment":[{"href":"https:\/\/www.invarena.cz\/index.php?rest_route=%2Fwp%2Fv2%2Fmedia&parent=19611"}],"wp:term":[{"taxonomy":"category","embeddable":true,"href":"https:\/\/www.invarena.cz\/index.php?rest_route=%2Fwp%2Fv2%2Fcategories&post=19611"},{"taxonomy":"post_tag","embeddable":true,"href":"https:\/\/www.invarena.cz\/index.php?rest_route=%2Fwp%2Fv2%2Ftags&post=19611"}],"curies":[{"name":"wp","href":"https:\/\/api.w.org\/{rel}","templated":true}]}}