{"id":19616,"date":"2015-01-31T09:53:45","date_gmt":"2015-01-31T08:53:45","guid":{"rendered":"http:\/\/www.invarena.cz\/?p=19616"},"modified":"2015-01-31T09:53:45","modified_gmt":"2015-01-31T08:53:45","slug":"vicka-pro-nemocnou-simonku-sbirali-ctenari-i-redaktori","status":"publish","type":"post","link":"https:\/\/www.invarena.cz\/?p=19616","title":{"rendered":"V\u00ed\u010dka pro nemocnou Simonku sb\u00edrali \u010dten\u00e1\u0159i i redakto\u0159i"},"content":{"rendered":"<p><strong>Z pen\u011bz, kter\u00e9 rodina d\u00edvenky z\u00edsk\u00e1 prodejem uz\u00e1v\u011br\u016f, uhrad\u00ed speci\u00e1ln\u00ed l\u00e9\u010dbu v l\u00e1zn\u00edch<\/strong><!--more--><\/p>\n<p>V\u00ed\u010dka od stovek plastov\u00fdch lahv\u00ed dostala v\u010dera odpoledne od redakce Olomouck\u00e9ho den\u00edku rodina posti\u017een\u00e9 Simony Sliwkov\u00e9 z Olomouce. Uz\u00e1v\u011bry p\u0159in\u00e1\u0161eli do redakce v Aksamitov\u011b ulici tak\u00e9 \u010dten\u00e1\u0159i. &#8222;V\u0161em v\u00e1m mockr\u00e1t d\u011bkujeme. Ka\u017ed\u00e9 v\u00ed\u010dko se hod\u00ed,&#8220; sd\u011blila dojat\u011b matka d\u011bv\u010d\u00e1tka. Za nasb\u00edran\u00e9 vr\u0161ky dostane rodina p\u0159i odevzd\u00e1n\u00ed v recykla\u010dn\u00ed komo\u0159e pen\u00edze, kter\u00e9 pou\u017eije na pokryt\u00ed v\u00fdloh spojen\u00fdch s l\u00e9\u010debn\u00fdmi procedurami.<\/p>\n<p>Matka s dcerou ji\u017e vloni absolvovala dv\u011b speci\u00e1ln\u00ed terapie v l\u00e1zn\u00edch Klimkovice. Jeden pobyt tam stoj\u00ed pades\u00e1t tis\u00edc korun. P\u0159ed V\u00e1noci spolu byly tak\u00e9 v l\u00e9\u010debn\u00e9m centru Adeli ve slovensk\u00fdch Pie\u0161\u0165anech. Rehabilita\u010dn\u00ed kurz spolu s dal\u0161\u00edmi procedurami st\u00e1l sto t\u0159icet tis\u00edc korun. Osmilet\u00e9 hol\u010di\u010dce terapie velmi pom\u00e1haj\u00ed. &#8222;Po n\u00e1vratu z Adeli za\u010dala sama j\u00edst. Dok\u00e1zali jsme tak\u00e9 uvolnit svaly na obli\u010deji. Pomohla n\u00e1m logopedie. Simonka tak\u00e9 l\u00e9pe chod\u00ed,&#8220; vyjmenovala pozitivn\u00ed zm\u011bny Renata Sliwkov\u00e1.<br \/>\nVelkou \u010d\u00e1st finan\u010dn\u00edch n\u00e1klad\u016f pokryly krom\u011b v\u00fdt\u011b\u017eku ze sb\u00edrky v\u00ed\u010dek dary od sponzor\u016f, kter\u00e9 rodina z\u00edskala za pomoci nadace Dobr\u00e9 m\u00edsto pro \u017eivot.<br \/>\nD\u011bv\u010d\u00e1tku by prosp\u011bly i dal\u0161\u00ed l\u00e1ze\u0148sk\u00e9 pobyty. I proto rodina nad\u00e1le shroma\u017e\u010fuje plastov\u00e9 vr\u0161ky. Lid\u00e9 je mohou p\u0159in\u00e1\u0161et nap\u0159\u00edklad do kv\u011btin\u00e1\u0159stv\u00ed a trafiky u obchodn\u00edho domu v Rooseveltov\u011b ulici, do Pizzerie Sole Mio v ulici U Kapli\u010dky. Sb\u00edraj\u00ed je tak\u00e9 ve \u0161ternbersk\u00e9m kade\u0159nick\u00e9m salonu Hanka v \u010cechov\u011b ulici \u010di v second handu v Mrskles\u00edch a v bohu\u0148ovick\u00e9 knihovn\u011b. &#8222;Dosud jsme nasb\u00edrali dohromady p\u011bt tun a za\u010d\u00edn\u00e1 se \u0161estou,&#8220; vypo\u010d\u00edtala matka. V\u00ed\u010dka odv\u00e1\u017e\u00ed do recykla\u010dn\u00ed provozovny v K\u0159elov\u011b, p\u0159i\u010dem\u017e za kilo se zde plat\u00ed 6,50 korun.<\/p>\n<p>Osmilet\u00e1 Simonka se narodila jako zdrav\u00e9 d\u011bv\u010d\u00e1tko. V \u0161esti t\u00fddnech ale onemocn\u011bla infek\u010dn\u00edm plicn\u00edm z\u00e1n\u011btem a skon\u010dila na um\u011bl\u00e9 plicn\u00ed ventilaci. &#8222;D\u016fsledkem onemocn\u011bn\u00ed a intenzivn\u00ed p\u00e9\u010de, kdy j\u00ed byly pod\u00e1v\u00e1ny siln\u00e9 medikamenty, se z n\u00ed stala v podstat\u011b hadrov\u00e1 panenka,&#8220; popsala osud dcery sedma\u010dty\u0159icetilet\u00e1 Renata Sliwkov\u00e1. Dcerku, kter\u00e1 m\u00e1 lehkou ment\u00e1ln\u00ed retardaci, projevuj\u00ed se u n\u00ed rysy autismu a bere l\u00e9ky potla\u010duj\u00edc\u00ed epileptick\u00e9 z\u00e1chvaty, doprov\u00e1z\u00ed naplav\u00e1n\u00ed a ka\u017ed\u00fd den s n\u00ed cvi\u010d\u00ed.<br \/>\nZ\u00edskat pen\u00edze za nasb\u00edran\u00e1 v\u00ed\u010dka od PET lahv\u00ed se sna\u017e\u00ed tak\u00e9 dal\u0161\u00ed rodiny, jejich\u017e d\u011bti pot\u0159ebuj\u00ed finan\u010dn\u011b n\u00e1kladnou l\u00e9\u010dbu. Ve\u0159ejnost sb\u011brem uz\u00e1v\u011br\u016f od plastov\u00fdch lahv\u00ed m\u016f\u017ee pomoct nap\u0159\u00edklad tak\u00e9 Maty\u00e1\u0161ovi \u010di Luk\u00e1\u0161ovi z Olomouce nebo S\u00e1\u0159e z Bohu\u0148ovic. Informace o sb\u00edrk\u00e1ch najdou z\u00e1jemci zejm\u00e9na na soci\u00e1ln\u00ed s\u00edti Facebook.<\/p>\n<p>VERONIKA KOLES\u00c1ROV\u00c1<br \/>\nhttp:\/\/www.olomoucky.denik.cz\/<\/p>\n","protected":false},"excerpt":{"rendered":"<div class=\"mh-excerpt\"><p>Z pen\u011bz, kter\u00e9 rodina d\u00edvenky z\u00edsk\u00e1 prodejem uz\u00e1v\u011br\u016f, uhrad\u00ed speci\u00e1ln\u00ed l\u00e9\u010dbu v l\u00e1zn\u00edch<\/p>\n<\/div>","protected":false},"author":1,"featured_media":0,"comment_status":"open","ping_status":"closed","sticky":false,"template":"","format":"standard","meta":{"footnotes":""},"categories":[9],"tags":[],"class_list":["post-19616","post","type-post","status-publish","format-standard","hentry","category-zpravy"],"_links":{"self":[{"href":"https:\/\/www.invarena.cz\/index.php?rest_route=\/wp\/v2\/posts\/19616","targetHints":{"allow":["GET"]}}],"collection":[{"href":"https:\/\/www.invarena.cz\/index.php?rest_route=\/wp\/v2\/posts"}],"about":[{"href":"https:\/\/www.invarena.cz\/index.php?rest_route=\/wp\/v2\/types\/post"}],"author":[{"embeddable":true,"href":"https:\/\/www.invarena.cz\/index.php?rest_route=\/wp\/v2\/users\/1"}],"replies":[{"embeddable":true,"href":"https:\/\/www.invarena.cz\/index.php?rest_route=%2Fwp%2Fv2%2Fcomments&post=19616"}],"version-history":[{"count":0,"href":"https:\/\/www.invarena.cz\/index.php?rest_route=\/wp\/v2\/posts\/19616\/revisions"}],"wp:attachment":[{"href":"https:\/\/www.invarena.cz\/index.php?rest_route=%2Fwp%2Fv2%2Fmedia&parent=19616"}],"wp:term":[{"taxonomy":"category","embeddable":true,"href":"https:\/\/www.invarena.cz\/index.php?rest_route=%2Fwp%2Fv2%2Fcategories&post=19616"},{"taxonomy":"post_tag","embeddable":true,"href":"https:\/\/www.invarena.cz\/index.php?rest_route=%2Fwp%2Fv2%2Ftags&post=19616"}],"curies":[{"name":"wp","href":"https:\/\/api.w.org\/{rel}","templated":true}]}}