{"id":19623,"date":"2015-01-31T09:51:14","date_gmt":"2015-01-31T08:51:14","guid":{"rendered":"http:\/\/www.invarena.cz\/?p=19623"},"modified":"2015-01-31T09:51:14","modified_gmt":"2015-01-31T08:51:14","slug":"nevidite-ale-chcete-poznat-grafiku-jdete-na-vystavu","status":"publish","type":"post","link":"https:\/\/www.invarena.cz\/?p=19623","title":{"rendered":"Nevid\u00edte, ale chcete poznat grafiku? Jd\u011bte na v\u00fdstavu"},"content":{"rendered":"<p>A\u017e do konce \u00fanora bude v Praze prob\u00edhat v\u00fdstava, kter\u00e1 m\u016f\u017ee z\u00e1sadn\u011b obohatit p\u0159edstavy zrakov\u011b posti\u017een\u00fdch lid\u00ed o grafick\u00e9m sv\u011bt\u011b kolem n\u00e1s. Nevidom\u00ed toti\u017e mnohdy maj\u00ed jen velmi malou p\u0159edstavu o skute\u010dn\u00e9m obrazu. V\u00fdstava jim p\u0159ibl\u00ed\u017e\u00ed p\u0159edev\u0161\u00edm ilustrace hmatovou formou.<br \/>\n<!--more--><!--more--><\/p>\n<p>ilustra\u010dn\u00ed foto: sheilaz413 \/ Fiickr.com<\/p>\n<p>Ve st\u0159edu 21. ledna 2015 byla zah\u00e1jena v Galerii U Prstenu na Star\u00e9m<br \/>\nM\u011bst\u011b pra\u017esk\u00e9m (v prostoru b\u00fdval\u00e9 kav\u00e1rny) v\u00fdstava hmatov\u00e9 reli\u00e9fn\u00ed<br \/>\ngrafiky, kter\u00e1 je pr\u016f\u0159ezem prac\u00ed autora, mapuj\u00edc\u00ed obdob\u00ed posledn\u00edch<br \/>\npatn\u00e1cti let. Jedn\u00e1 se p\u0159edev\u0161\u00edm o ilustrace, kter\u00e9 v pr\u016fb\u011bhu \u010dasu<br \/>\nvznikaly jako obrazov\u00fd doprovod k \u0159ad\u011b pozn\u00e1vac\u00edch publikac\u00ed,<br \/>\nkalend\u00e1\u0159\u016f, katalog\u016f v\u00fdstav. Vystaven bude i soubor jednotliv\u00fdch<br \/>\nexpon\u00e1t\u016f pro nevidom\u00e9. Tyto reli\u00e9fy maj\u00ed za c\u00edl seznamovat haptickou<br \/>\nformou zrakov\u011b posti\u017een\u00e9 s vizu\u00e1ln\u00edm sv\u011btem kolem n\u00e1s, kter\u00fd je jinak<br \/>\npro n\u011b nedostupn\u00fd, \u010di p\u0159esn\u011bji \u0159e\u010deno dostupn\u00fd jen prost\u0159ednictv\u00edm<br \/>\npopisu nebo zvuku. <\/p>\n<p>Galerie U Prstenu (prostor b\u00fdval\u00e9 kav\u00e1rny), Jilsk\u00e1 449\/14, Praha 1,<br \/>\nStar\u00e9 M\u011bsto.<\/p>\n<p>Koncepce v\u00fdstavy Marie Hol\u00e1, Mat\u011bj Hol\u00fd, David Linek<br \/>\nStavba expozice a instalace Mat\u011bj Hol\u00fd<br \/>\nGrafick\u00e1 \u00faprava Eva Koktov\u00e1, Mat\u011bj Hol\u00fd, David Linek<br \/>\nTrv\u00e1n\u00ed v\u00fdstavy 22.1. a\u017e 27.2. 2015<br \/>\nOtev\u0159eno \u00fater\u00fd a\u017e p\u00e1tek 14 a\u017e 18 nebo po domluv\u011b na tel. 774 681 316<br \/>\nV\u00fdstava je realizov\u00e1na d\u00edky finan\u010dn\u00ed pomoci Nadace Charty 77\/ Konto<br \/>\nBari\u00e9ry.<\/p>\n<p>Partner v\u00fdstavy: VIDE MANIBUS o.s. ,www.videm.cz<\/p>\n","protected":false},"excerpt":{"rendered":"<div class=\"mh-excerpt\"><p>A\u017e do konce \u00fanora bude v Praze prob\u00edhat v\u00fdstava, kter\u00e1 m\u016f\u017ee z\u00e1sadn\u011b obohatit p\u0159edstavy zrakov\u011b posti\u017een\u00fdch lid\u00ed o grafick\u00e9m sv\u011bt\u011b kolem n\u00e1s. Nevidom\u00ed toti\u017e mnohdy <a class=\"mh-excerpt-more\" href=\"https:\/\/www.invarena.cz\/?p=19623\" title=\"Nevid\u00edte, ale chcete poznat grafiku? Jd\u011bte na v\u00fdstavu\">[&#8230;]<\/a><\/p>\n<\/div>","protected":false},"author":1,"featured_media":17310,"comment_status":"open","ping_status":"closed","sticky":false,"template":"","format":"standard","meta":{"footnotes":""},"categories":[17,9],"tags":[],"class_list":["post-19623","post","type-post","status-publish","format-standard","has-post-thumbnail","hentry","category-kultura","category-zpravy"],"_links":{"self":[{"href":"https:\/\/www.invarena.cz\/index.php?rest_route=\/wp\/v2\/posts\/19623","targetHints":{"allow":["GET"]}}],"collection":[{"href":"https:\/\/www.invarena.cz\/index.php?rest_route=\/wp\/v2\/posts"}],"about":[{"href":"https:\/\/www.invarena.cz\/index.php?rest_route=\/wp\/v2\/types\/post"}],"author":[{"embeddable":true,"href":"https:\/\/www.invarena.cz\/index.php?rest_route=\/wp\/v2\/users\/1"}],"replies":[{"embeddable":true,"href":"https:\/\/www.invarena.cz\/index.php?rest_route=%2Fwp%2Fv2%2Fcomments&post=19623"}],"version-history":[{"count":0,"href":"https:\/\/www.invarena.cz\/index.php?rest_route=\/wp\/v2\/posts\/19623\/revisions"}],"wp:featuredmedia":[{"embeddable":true,"href":"https:\/\/www.invarena.cz\/index.php?rest_route=\/wp\/v2\/media\/17310"}],"wp:attachment":[{"href":"https:\/\/www.invarena.cz\/index.php?rest_route=%2Fwp%2Fv2%2Fmedia&parent=19623"}],"wp:term":[{"taxonomy":"category","embeddable":true,"href":"https:\/\/www.invarena.cz\/index.php?rest_route=%2Fwp%2Fv2%2Fcategories&post=19623"},{"taxonomy":"post_tag","embeddable":true,"href":"https:\/\/www.invarena.cz\/index.php?rest_route=%2Fwp%2Fv2%2Ftags&post=19623"}],"curies":[{"name":"wp","href":"https:\/\/api.w.org\/{rel}","templated":true}]}}