{"id":19643,"date":"2015-01-31T09:44:06","date_gmt":"2015-01-31T08:44:06","guid":{"rendered":"http:\/\/www.invarena.cz\/?p=19643"},"modified":"2015-02-02T06:46:33","modified_gmt":"2015-02-02T05:46:33","slug":"mladi-lide-s-postizenim-budou-moci-travit-svuj-cas-aktivne","status":"publish","type":"post","link":"https:\/\/www.invarena.cz\/?p=19643","title":{"rendered":"Mlad\u00ed lid\u00e9 s posti\u017een\u00edm budou moci tr\u00e1vit sv\u016fj \u010das aktivn\u011b"},"content":{"rendered":"<p><strong>V Humpolci vznik\u00e1 neziskov\u00e1 organizace Medou. Ve\u0159ejnosti se p\u0159edstav\u00ed v dubnu , Organizace se bude orientovat hlavn\u011b na mlad\u00e9 lidi s ment\u00e1ln\u00edm \u010di kombinovan\u00fdm posti\u017een\u00edm. <\/strong><!--more--><\/p>\n<p>ilustra\u010dn\u00ed foto: Flickr.com<\/p>\n<p>Meadow. Po\u010de\u0161t\u011bn\u00edm tohoto anglick\u00e9ho slova, kter\u00e9 v \u010de\u0161tin\u011b znamen\u00e1 louka, vznikl n\u00e1zev nov\u00e9 neziskov\u00e9 organizace Medou v Humpolci.<br \/>\nOrganizace se bude podle slov jej\u00edch zakladatelek Ludmily Prokopov\u00e9 a Zuzany \u017daloudkov\u00e9 orientovat hlavn\u011b na mlad\u00e9 lidi s ment\u00e1ln\u00edm \u010di kombinovan\u00fdm posti\u017een\u00edm, na jejich dal\u0161\u00ed du\u0161evn\u00ed v\u00fdvoj, rozvoj soci\u00e1ln\u00edch dovednost\u00ed, podporu za\u010dlen\u011bn\u00ed do b\u011b\u017en\u00e9ho \u017eivota spole\u010dnosti a pos\u00edlen\u00ed jejich samostatnosti.<\/p>\n<p>&#8222;Na\u0161\u00ed viz\u00ed je denn\u00ed stacion\u00e1\u0159 pro mlad\u00e9 posti\u017een\u00e9 lidi, kam budou doch\u00e1zet bu\u010f denn\u011b, nebo jen n\u011bkter\u00e9 dny v t\u00fddnu. Budeme jim nab\u00edzet jak edukativn\u00ed \u010dinnosti, tak i volno\u010dasov\u00e9 aktivity nebo p\u0159\u00edpravu na \u017eivot. Jak se orientovat nap\u0159\u00edklad na \u00fa\u0159adech, jak zvl\u00e1dnout b\u011b\u017en\u00fd dom\u00e1c\u00ed \u00faklid nebo si p\u0159ipravit j\u00eddlo,&#8220; popsala \u010dinnost organizace Medou spoluzakladatelka Zuzana \u017daloudkov\u00e1.<br \/>\nZ\u00e1rove\u0148 dod\u00e1v\u00e1, \u017ee Medou nen\u00ed rozhodn\u011b jen pro posti\u017een\u00e9 mlad\u00e9 lidi, ale tak\u00e9 pro jejich rodiny.<\/p>\n<p>Pr\u00e1ce a rodina v jednom<\/p>\n<p>N\u00e1pad k zakladatelk\u00e1m organizace mo\u017en\u00e1 nep\u0159i\u0161el jen tak n\u00e1hodou. Jedna z nich, Ludmila Prokopov\u00e1, toti\u017e sama posti\u017eenou dceru m\u00e1.<br \/>\n&#8222;Pokud d\u011bti s posti\u017een\u00edm chod\u00ed do \u0161koly nebo doj\u00ed\u017ed\u011bj\u00ed do jin\u00fdch za\u0159\u00edzen\u00ed, maj\u00ed den vypln\u011bn\u00fd n\u011bjakou \u010dinnost\u00ed. Hor\u0161\u00ed pro n\u011b je, kdy\u017e cel\u00fd den tr\u00e1v\u00ed doma. N\u00e1\u0161 projekt je koncipov\u00e1n na des\u00edtky let, nejedn\u00e1 se o jednor\u00e1zovou akci. Na ka\u017ed\u00fd den p\u0159iprav\u00edme pro na\u0161e klienty program, v n\u011bm\u017e si mohou vybrat \u010dinnosti, kter\u00e9 je zaujmou. Bude slo\u017een jak z pracovn\u00edch aktivit, tak i z odpo\u010dinkov\u00e9 \u010d\u00e1sti. Mo\u017en\u00e1 se n\u00e1m d\u00edky na\u0161\u00ed \u010dinnosti poda\u0159\u00ed n\u011bkoho posunout k tomu, \u017ee za\u010dne \u017e\u00edt samostatn\u011b,&#8220; p\u0159em\u00edtala Prokopov\u00e1.<br \/>\nZuzana \u017daloudkov\u00e1 doplnila, \u017ee m\u011bsto Humpolec jejich organizaci p\u0159isl\u00edbilo prostory v M\u00e1chov\u011b ulici.<br \/>\n&#8222;V Humpolci a okol\u00ed \u017e\u00e1dn\u00e1 podobn\u00e1 organizace pro lidi s posti\u017een\u00edm nen\u00ed. Nejbl\u00ed\u017ee je snad ve \u017d\u010f\u00e1ru nad S\u00e1zavou a to je pom\u011brn\u011b daleko,&#8220; vysv\u011btluje \u017daloudkov\u00e1. &#8222;A proto n\u00e1m soci\u00e1ln\u00ed odbor poradil, a\u0165 zkr\u00e1tka jednu zalo\u017e\u00edme. To jsme ud\u011blaly a mus\u00edm se p\u0159iznat, \u017ee m\u011b to zat\u00edm ohromn\u011b bav\u00ed, m\u00e1me spoustu nad\u0161en\u00fdch spolupracovn\u00edk\u016f,&#8220; dodala jedna ze zakladatelek.<\/p>\n<p>Informace o Medou<\/p>\n<p>Prvn\u00ed ve\u0159ejn\u00e1 sch\u016fzka, na n\u00ed\u017e se z\u00e1jemci mohou bl\u00ed\u017ee s organizac\u00ed sezn\u00e1mit, je napl\u00e1nov\u00e1na na 2. dubna v s\u00e1le humpoleck\u00e9 z\u00e1kladn\u00ed um\u011bleck\u00e9 \u0161koly. Tam by zakladatelky r\u00e1dy zjistily, jak\u00fd bude o slu\u017ebu vlastn\u011b z\u00e1jem.<br \/>\n&#8222;Ne\u017e jsme organizaci zalo\u017eily, samoz\u0159ejm\u011b jsme se popt\u00e1valy kolem a ohlas\u016f nem\u00e1me m\u00e1lo, ale jasno budeme m\u00edt a\u017e po prvn\u00ed sch\u016fzce,&#8220; podotkla na z\u00e1v\u011br Zuzana \u017daloudkov\u00e1.<\/p>\n<p>TEREZA KON\u00cd\u0158OV\u00c1 ANETA SLAV\u00cdKOV\u00c1<br \/>\nhttp:\/\/www.pelhrimovsky.denik.cz\/<\/p>\n","protected":false},"excerpt":{"rendered":"<div class=\"mh-excerpt\"><p>V Humpolci vznik\u00e1 neziskov\u00e1 organizace Medou. Ve\u0159ejnosti se p\u0159edstav\u00ed v dubnu , Organizace se bude orientovat hlavn\u011b na mlad\u00e9 lidi s ment\u00e1ln\u00edm \u010di kombinovan\u00fdm posti\u017een\u00edm.<\/p>\n<\/div>","protected":false},"author":1,"featured_media":19657,"comment_status":"open","ping_status":"closed","sticky":false,"template":"","format":"standard","meta":{"footnotes":""},"categories":[7],"tags":[],"class_list":["post-19643","post","type-post","status-publish","format-standard","has-post-thumbnail","hentry","category-spolecnost"],"_links":{"self":[{"href":"https:\/\/www.invarena.cz\/index.php?rest_route=\/wp\/v2\/posts\/19643","targetHints":{"allow":["GET"]}}],"collection":[{"href":"https:\/\/www.invarena.cz\/index.php?rest_route=\/wp\/v2\/posts"}],"about":[{"href":"https:\/\/www.invarena.cz\/index.php?rest_route=\/wp\/v2\/types\/post"}],"author":[{"embeddable":true,"href":"https:\/\/www.invarena.cz\/index.php?rest_route=\/wp\/v2\/users\/1"}],"replies":[{"embeddable":true,"href":"https:\/\/www.invarena.cz\/index.php?rest_route=%2Fwp%2Fv2%2Fcomments&post=19643"}],"version-history":[{"count":0,"href":"https:\/\/www.invarena.cz\/index.php?rest_route=\/wp\/v2\/posts\/19643\/revisions"}],"wp:featuredmedia":[{"embeddable":true,"href":"https:\/\/www.invarena.cz\/index.php?rest_route=\/wp\/v2\/media\/19657"}],"wp:attachment":[{"href":"https:\/\/www.invarena.cz\/index.php?rest_route=%2Fwp%2Fv2%2Fmedia&parent=19643"}],"wp:term":[{"taxonomy":"category","embeddable":true,"href":"https:\/\/www.invarena.cz\/index.php?rest_route=%2Fwp%2Fv2%2Fcategories&post=19643"},{"taxonomy":"post_tag","embeddable":true,"href":"https:\/\/www.invarena.cz\/index.php?rest_route=%2Fwp%2Fv2%2Ftags&post=19643"}],"curies":[{"name":"wp","href":"https:\/\/api.w.org\/{rel}","templated":true}]}}