{"id":19645,"date":"2015-01-31T10:20:52","date_gmt":"2015-01-31T09:20:52","guid":{"rendered":"http:\/\/www.invarena.cz\/?p=19645"},"modified":"2015-01-31T10:19:14","modified_gmt":"2015-01-31T09:19:14","slug":"konecne-jsem-nasla-praci-a-byl-to-krok-spravnym-smerem-rika-hendikepovana-zena","status":"publish","type":"post","link":"https:\/\/www.invarena.cz\/?p=19645","title":{"rendered":"&#8222;Kone\u010dn\u011b jsem na\u0161la pr\u00e1ci a byl to krok spr\u00e1vn\u00fdm sm\u011brem,&#8220; \u0159\u00edk\u00e1 hendikepovan\u00e1 \u017eena"},"content":{"rendered":"<p><strong>Kdy\u017e se hled\u00e1 zam\u011bstn\u00e1n\u00ed, tak se t\u011bch krok\u016f ud\u011bl\u00e1 opravdu hodn\u011b. A\u0165 u\u017e p\u011b\u0161ky p\u0159i obch\u00e1zen\u00ed podnik\u016f, kde nab\u00edz\u00ed voln\u00e9 m\u00edsto, nebo na po\u010d\u00edta\u010di p\u0159i proch\u00e1zen\u00ed nab\u00eddek. <\/strong><!--more--><\/p>\n<p>ilustra\u010dn\u00ed foto: Digitalpress Photoxpress<\/p>\n<p>\u017de nen\u00ed jednoduch\u00e9 naj\u00edt pr\u00e1ci, jsem si tak\u00e9 vyzkou\u0161ela, ale nev\u011b\u0159ila bych, \u017eemito bude trvat dva roky. \u010casto jsem sly\u0161ela postesknut\u00ed student\u016f, kte\u0159\u00ed skon\u010dili \u0161kolu a nemaj\u00ed praxi, a proto nemohou naj\u00edt pr\u00e1ci, proto\u017ee zam\u011bstnavatel\u00e9 praxi vy\u017eaduj\u00ed. Star\u0161\u00ed lid\u00e9 p\u0159ed d\u016fchodem tak\u00e9 nemaj\u00ed mnoho \u0161anc\u00ed naj\u00edt si pr\u00e1ci. A pro lidi, jako jsem j\u00e1, kte\u0159\u00ed jsou \u010d\u00e1ste\u010dn\u011b invalidn\u00ed, se zdravotn\u00edmi pot\u00ed\u017eemi, je p\u0159\u00edle\u017eitost\u00ed je\u0161t\u011b m\u00e9n\u011b. Obvolala a obe\u0161la jsem spoustu mo\u017enost\u00ed, ale v\u011bt\u0161inou mi rovnou \u0159ekli, kdy\u017e jsem nemohla nastoupit na dvan\u00e1ctihodinov\u00e9 sm\u011bny, \u017ee pr\u00e1ci na osm nebo zkr\u00e1cenou pracovn\u00eddobunemaj\u00ed. <\/p>\n<p>V chr\u00e1n\u011bn\u00fdch d\u00edln\u00e1ch, kde jsem se informovala, zase vy\u017eaduj\u00ed,abybyl \u010dlov\u011bknejm\u00e9n\u011b 3 m\u011bs\u00edce hl\u00e1\u0161en na pracovn\u00edm \u00fa\u0159ad\u011b. Nemohla jsem v\u0161ak zru\u0161it nebo pozastavit \u017eivnostensk\u00e9 opr\u00e1vn\u011bn\u00ed, proto\u017ee d\u011bl\u00e1m kastel\u00e1nku na rudoltick\u00e9m Z\u00e1me\u010dku, a tak\u00e9 bych ty t\u0159i m\u011bs\u00edce nem\u011bla z \u010deho \u017e\u00edt, prodejem d\u0159ev\u011bn\u00fdch magnetek jsem si alespo\u0148 na to nejz\u00e1kladn\u011bj\u0161\u00ed vyd\u011blala, ale za zdravotn\u011b nevyhovuj\u00edc\u00edch podm\u00ednek prodejem u st\u00e1nku na n\u00e1dra\u017e\u00ed v \u010cesk\u00e9 T\u0159ebov\u00e9. N\u011bkolikr\u00e1t jsem do pr\u00e1ce nastoupit zkusila, ale v\u017edy jsem musela ze zdravotn\u00edch d\u016fvod\u016f, v\u011bt\u0161inou po necel\u00e9m m\u011bs\u00edci,skon\u010dit. <\/p>\n<p>Pomohlan\u00e1hoda <\/p>\n<p>Nakonec jsem koncem lo\u0148sk\u00e9ho roku na\u0161la pr\u00e1ci n\u00e1hodou. Ujelmivlak, a tak jsem jela autobusem a v\u0161imla jsem si, \u017ee kousek od zast\u00e1vky autobusu u obecn\u00edho \u00fa\u0159adu v obci Rybn\u00edk u \u010cesk\u00e9 T\u0159ebov\u00e9 je na jedn\u00e9 budov\u011b n\u00e1zev n\u011bjak\u00e9 firmy. Kdy\u017e jsem se pod\u00edvala na internet, zjistila jsem, \u017ee se jedn\u00e1 o v\u00fdrobn\u00ed dru\u017estvo, kde p\u0159ev\u00e1\u017en\u011b montuj\u00ed a kompletuj\u00ed, v\u011bt\u0161inou z plastov\u00fdch d\u00edl\u016f. Hned druh\u00fd den jsem tam zavolala a dozv\u011bd\u011bla se, \u017ee zam\u011bstn\u00e1vaj\u00ed pr\u00e1v\u011b lidi zdravotn\u011b znev\u00fdhodn\u011bn\u00e9, i s r\u016fzn\u00fdmi stupni<br \/>\ninvalidn\u00edho d\u016fchodu. <\/p>\n<p>A nevy\u017eaduj\u00ed tu t\u0159\u00edm\u011bs\u00ed\u010dn\u00ed registraci na pracovn\u00edm \u00fa\u0159ad\u011b. Nev\u011b\u0159\u00edc ani takov\u00e9mu \u0161t\u011bst\u00ed jsem si hned domluvila n\u00e1v\u0161t\u011bvu a po \u00favodn\u00edm rozhovoru jsem si rovnou mohla vyzkou\u0161et, jestli by mi mont\u00e1\u017e d\u00edl\u016f \u0161la. P\u0159ed onemocn\u011bn\u00edm jsem pracovala na podobn\u00e9 mont\u00e1\u017ei, tak se uk\u00e1zalo, \u017ee by mi ta pr\u00e1ce vyhovovala. D\u016fle\u017eitou sou\u010d\u00e1st\u00ed je i vzhledov\u00e1 kontrola, pr\u00e1ce je to v\u011bt\u0161inou vsed\u011b, s mo\u017enost\u00ed se proj\u00edt, a je pestr\u00e1 a r\u016fznorod\u00e1, proto\u017ee je hodn\u011b druh\u016f v\u00fdrobk\u016f, kter\u00e9 se v dru\u017estvu kompletuj\u00ed. V prostorn\u00e9, bezbarierov\u00e9 d\u00edln\u011b, se p\u0159i dobr\u00e9m osv\u011btlen\u00ed pracuje u stol\u016f, v zadn\u00ed \u010d\u00e1sti d\u00edlny jsou p\u0159ipraveny sou\u010d\u00e1stky, do ur\u010den\u00e9 m\u00edstnosti se chod\u00ed na ob\u011bd. <\/p>\n<p>Pr\u00e1ci si vyzkou\u0161\u00ed <\/p>\n<p>Kt\u00e9to pr\u00e1ci je t\u0159eba zru\u010dnost a pe\u010dlivost, ne ka\u017ed\u00e9mu to jde, ale ka\u017ed\u00fd si to m\u016f\u017ee nejd\u0159\u00edve vyzkou\u0161et, t\u0159eba i n\u011bkolikr\u00e1t, ne\u017e se rozhodne, to je tak\u00e9 velk\u00e9plus. Pracuj\u00ed tu lid\u00e9 po r\u016fzn\u00fdch \u00farazech nebo onemocn\u011bn\u00edch, kte\u0159\u00ed i p\u0159es sv\u016fj hendikep dok\u00e1\u017e\u00ed po zapracov\u00e1n\u00ed spojovat d\u00edly a\u017e neuv\u011b\u0159iteln\u011b rychle. Ka\u017ed\u00fd v\u00fdrobek m\u00e1 ur\u010denou normu a je pot\u0159eba se nau\u010dit mont\u00e1\u017etak,abyse p\u0159edepsan\u00fd po\u010det kus\u016f plnil. Samoz\u0159ejm\u011b tonikomunejde hned, s t\u00edm, \u017ee to ka\u017ed\u00e9mu p\u016fjde jinak a \u017ee bude trvat, ne\u017e se nau\u010d\u00ed plnit co nejl\u00e9pe denn\u00ed \u00fakol, se tu po\u010d\u00edt\u00e1. Sama jsem si mohla vybrat, jestli budu pracovat na zkr\u00e1cen\u00fd, nebo pln\u00fd \u00favazek, na jednu sm\u011bnu, nebo dvousm\u011bnn\u00fdprovoz. Byloto prom\u011b jako spln\u011bn\u00fd sen v dob\u011b,kdyu\u017e jsem p\u0159est\u00e1vala doufat, \u017ee n\u011bjakou pr\u00e1ci najdu, a nev\u011bd\u011bla, jak d\u00e1l svoji nelehkou situaci budu \u0159e\u0161it. Zeptala jsem se i na to, jestli nebude vadit, kdy\u017e pot\u0159ebuji ka\u017edoro\u010dn\u011b jet na rehabilita\u010dn\u00ed pobyt. A probl\u00e9mtonen\u00ed,jezd\u00edtaki ostatn\u00ed, n\u011bkter\u00fdm zam\u011bstnavatel\u016fm i to, \u017ee invalidn\u00ed \u010dlov\u011bk mus\u00ed jezdit do l\u00e1zn\u00ed a na rehabilitace,v\u0161akvad\u00ed. <\/p>\n<p>Poskytneinformace <\/p>\n<p>Proto\u017ee se setk\u00e1v\u00e1m s lidmi se zdravotn\u00edmi pot\u00ed\u017eemi, kte\u0159\u00ed tak\u00e9 hledaj\u00ed pr\u00e1ci, a poznala jsem, jak to bylo t\u011b\u017ek\u00e9, proto jsem se rozhodla napsat tento \u010dl\u00e1nek, toto v\u00fdrobn\u00ed dru\u017estvo, kde jsem kone\u010dn\u011b pr\u00e1ci na\u0161la, m\u00e1 st\u00e1le je\u0161t\u011b voln\u00e1 m\u00edsta a m\u016f\u017ee zdravotn\u011b znev\u00fdhodn\u011bn\u00fdm pr\u00e1ci nab\u00eddnout. Pokud by po p\u0159e\u010dten\u00ed n\u011bkdo z\u00e1jem o dal\u0161\u00ed informace m\u011bl, r\u00e1da je poskytnunatel:776642277.<br \/>\nNa Z\u00e1me\u010dku d\u00e1l prov\u00e1z\u00edm celoro\u010dn\u011b, jen je t\u0159eba se domluvit, proto\u017ee pracuji na sm\u011bny. V sezon\u011b o v\u00edkendech bude otev\u0159eno jako v\u017edy. <\/p>\n<p>Krasava\u0160erkopov\u00e1, Rudoltice<\/p>\n<p>http:\/\/orlicky.denik.cz\/<\/p>\n","protected":false},"excerpt":{"rendered":"<div class=\"mh-excerpt\"><p>Kdy\u017e se hled\u00e1 zam\u011bstn\u00e1n\u00ed, tak se t\u011bch krok\u016f ud\u011bl\u00e1 opravdu hodn\u011b. A\u0165 u\u017e p\u011b\u0161ky p\u0159i obch\u00e1zen\u00ed podnik\u016f, kde nab\u00edz\u00ed voln\u00e9 m\u00edsto, nebo na po\u010d\u00edta\u010di p\u0159i <a class=\"mh-excerpt-more\" href=\"https:\/\/www.invarena.cz\/?p=19645\" title=\"&#8222;Kone\u010dn\u011b jsem na\u0161la pr\u00e1ci a byl to krok spr\u00e1vn\u00fdm sm\u011brem,&#8220; \u0159\u00edk\u00e1 hendikepovan\u00e1 \u017eena\">[&#8230;]<\/a><\/p>\n<\/div>","protected":false},"author":1,"featured_media":14285,"comment_status":"open","ping_status":"closed","sticky":false,"template":"","format":"standard","meta":{"footnotes":""},"categories":[7],"tags":[],"class_list":["post-19645","post","type-post","status-publish","format-standard","has-post-thumbnail","hentry","category-spolecnost"],"_links":{"self":[{"href":"https:\/\/www.invarena.cz\/index.php?rest_route=\/wp\/v2\/posts\/19645","targetHints":{"allow":["GET"]}}],"collection":[{"href":"https:\/\/www.invarena.cz\/index.php?rest_route=\/wp\/v2\/posts"}],"about":[{"href":"https:\/\/www.invarena.cz\/index.php?rest_route=\/wp\/v2\/types\/post"}],"author":[{"embeddable":true,"href":"https:\/\/www.invarena.cz\/index.php?rest_route=\/wp\/v2\/users\/1"}],"replies":[{"embeddable":true,"href":"https:\/\/www.invarena.cz\/index.php?rest_route=%2Fwp%2Fv2%2Fcomments&post=19645"}],"version-history":[{"count":0,"href":"https:\/\/www.invarena.cz\/index.php?rest_route=\/wp\/v2\/posts\/19645\/revisions"}],"wp:featuredmedia":[{"embeddable":true,"href":"https:\/\/www.invarena.cz\/index.php?rest_route=\/wp\/v2\/media\/14285"}],"wp:attachment":[{"href":"https:\/\/www.invarena.cz\/index.php?rest_route=%2Fwp%2Fv2%2Fmedia&parent=19645"}],"wp:term":[{"taxonomy":"category","embeddable":true,"href":"https:\/\/www.invarena.cz\/index.php?rest_route=%2Fwp%2Fv2%2Fcategories&post=19645"},{"taxonomy":"post_tag","embeddable":true,"href":"https:\/\/www.invarena.cz\/index.php?rest_route=%2Fwp%2Fv2%2Ftags&post=19645"}],"curies":[{"name":"wp","href":"https:\/\/api.w.org\/{rel}","templated":true}]}}