{"id":19653,"date":"2015-01-30T17:59:38","date_gmt":"2015-01-30T16:59:38","guid":{"rendered":"http:\/\/www.invarena.cz\/?p=19653"},"modified":"2015-01-30T18:03:53","modified_gmt":"2015-01-30T17:03:53","slug":"sabatova-nemame-lidi-kteri-by-zazalovali-diskriminaci","status":"publish","type":"post","link":"https:\/\/www.invarena.cz\/?p=19653","title":{"rendered":"\u0160abatov\u00e1: Nem\u00e1me lidi, kte\u0159\u00ed by za\u017ealovali diskriminaci"},"content":{"rendered":"<p><strong>Jej\u00ed \u00fa\u0159ad p\u0159i\u0161el na dal\u0161\u00ed pochyben\u00ed v domovech pro seniory, kter\u00e9 se tv\u00e1\u0159\u00ed jako za\u0159\u00edzen\u00ed, kter\u00e1 poskytuj\u00ed soci\u00e1ln\u00ed slu\u017eby. Nemaj\u00ed k tomu ale nutnou registraci. A co h\u016f\u0159, \u010dasto se tak ke sv\u00fdm klient\u016fm ani nechovaj\u00ed.<\/strong><!--more--><\/p>\n<p><strong>A zept\u00e1m se tak\u00e9 na to, s jak\u00fdmi ohlasy se setk\u00e1v\u00e1 pot\u00e9, co se zastala muslimsk\u00e9 d\u00edvky, aby mohla nosit \u0161\u00e1tek na p\u016fd\u011b \u0161koly. \u010cesk\u00e1 spole\u010dnost toti\u017e po pa\u0159\u00ed\u017esk\u00fdch \u00fatoc\u00edch prob\u00edr\u00e1 isl\u00e1m daleko v\u00edc ne\u017e d\u0159\u00edv. Ve\u0159ejn\u00e1 ochr\u00e1nkyn\u011b pr\u00e1v Anna \u0160abatov\u00e1 p\u0159ijala pozv\u00e1n\u00ed do Interview. <\/strong><\/p>\n<p>Neopr\u00e1vn\u011bn\u00e9 omezov\u00e1n\u00ed osobn\u00ed svobody, z\u00e1sahy do soukrom\u00ed, rizikov\u00e9 a netransparentn\u00ed pou\u017e\u00edv\u00e1n\u00ed l\u00e9k\u016f. To je takov\u00fd v\u00fd\u010det, kter\u00fd zn\u00ed opravdu odstra\u0161uj\u00edc\u00edm zp\u016fsobem. Je to takov\u00e9 i ve skute\u010dnosti?<\/p>\n<p>Anna \u0160ABATOV\u00c1, ombudsmanka:<br \/>\nTak ur\u010dit\u011b je v\u0161echno, co jsme napsali do zpr\u00e1vy, je pravda a je zji\u0161t\u011bno p\u0159i n\u00e1v\u0161t\u011bv\u00e1ch ve\u0159ejn\u00e9ho ochr\u00e1nce pr\u00e1v, respektive m\u00fdch koleg\u016f a je to pe\u010dliv\u011b zji\u0161t\u011bno bu\u010f z dokumentace nebo pozorov\u00e1n\u00edm p\u0159\u00edmo jako toho prost\u0159ed\u00ed, rozhovorem s person\u00e1lem a tak\u00e9 s klienty. Ale u t\u011bchto za\u0159\u00edzen\u00ed p\u0159edev\u0161\u00edm vyt\u011b\u017eujeme dokumentaci a person\u00e1l a to co vid\u00edme, proto\u017ee klienti n\u011bkdy u\u017e jsou v takov\u00e9m stavu, \u017ee je t\u011b\u017ek\u00e9 pro n\u011b i n\u011bjak jako relevantn\u011b reagovat.<\/p>\n<p>Kdy\u017e budeme konkr\u00e9tn\u011bj\u0161\u00ed, omezov\u00e1n\u00ed osobn\u00ed svobody. Nap\u0159\u00edklad v dom\u011b Atrium na Liberecku jste uvedli, \u017ee ten d\u016fm nem\u00e1 v\u00fdtah, \u017ee jsou klienti zamyk\u00e1ni na pokoj\u00edch. Jak \u010dasto se to d\u011bje a je to skute\u010dn\u011b v tom \u00famyslu jim br\u00e1nit v pohybu?<\/p>\n<p>\u0160ABATOV\u00c1:<br \/>\nTak nen\u00ed to proto, \u017ee by n\u011bkdo cht\u011bl b\u00fdt zl\u00fd a br\u00e1nit n\u011bkomu v pohybu, ale je to proto, \u017ee nen\u00ed dostatek person\u00e1lu. A person\u00e1l m\u00e1 obavy t\u0159eba, \u017ee by ti lid\u00e9 ut\u00edkali, zakopli, zranili se, tak je rad\u0161i n\u011bkdy jako zbav\u00ed mo\u017enosti pohybu, proto\u017ee je to pro n\u011b vlastn\u011b bezpe\u010dn\u011bj\u0161\u00ed a zjednodu\u0161uje jim to pr\u00e1ci. A cel\u00e9 to souvis\u00ed s t\u00edm, \u017ee tam je nedostatek person\u00e1lu a nedostate\u010dn\u011b kvalifikovan\u00e9ho person\u00e1lu. A to tak\u00e9 souvis\u00ed s t\u00edm, \u017ee vlastn\u011b to jsou za\u0159\u00edzen\u00ed, kter\u00e1 nemaj\u00ed registraci a vyb\u00edraj\u00ed pouze od klient\u016f pen\u00edze, nem\u016f\u017eou m\u00edt jako t\u00edm p\u00e1dem ani \u017e\u00e1dnou jako krajskou nebo n\u011bjakou jinou dotaci.<\/p>\n<p>:<br \/>\n\u010c\u00e1st t\u011bch poskytovatel\u016f tvrd\u00ed: ale my jsme se cht\u011bli registrovat, nejde n\u00e1m to. Ostatn\u011b my si m\u016f\u017eeme n\u011bkter\u00e9 ty z\u00e1stupce poslechnout, co \u0159ekli v dne\u0161n\u00edm odpoledn\u00edm vys\u00edl\u00e1n\u00ed.<\/p>\n<p>Anton\u00edn KO\u0160\u00cdK, spolumajitel penzionu Spokojen\u00e9 st\u00e1\u0159\u00ed, Luha\u010dovice:<br \/>\nNepochopili jste ten syst\u00e9m, kter\u00fdm to d\u011bl\u00e1me. Ty lidi jsou u n\u00e1s ubytovan\u00ed, jak kdyby v n\u011bjak\u00e9m dom\u011b, v n\u011bjak\u00e9m hotelu nebo kdekoliv jinde. Ti lidi nejsou omezov\u00e1ni v\u016fbec v ni\u010dem. Jestli chcou odej\u00edt, odejdou. Jestli chcou j\u00edt kamkoliv, nikdo jim nic nezakazuje.<\/p>\n<p>Karla KOHOUTOV\u00c1, z\u00e1stupkyn\u011b provozovatele penzionu pro seniory Atrium:<br \/>\nVzhledem k tomu, \u017ee zat\u00edm tedy nejsme registrovan\u00ed jako pobytov\u00e9 za\u0159\u00edzen\u00ed, tak n\u00e1m \u017e\u00e1dn\u00fd z\u00e1kon ani \u017e\u00e1dn\u00e1 vyhl\u00e1\u0161ka neukl\u00e1d\u00e1 n\u011bkomu n\u011bkde deklarovat odbornost person\u00e1lu. Nicm\u00e9n\u011b n\u00e1\u0161 person\u00e1l, kter\u00fd te\u010fkon v sou\u010dasn\u00e9 dob\u011b jsme nahl\u00e1sili na krajsk\u00fd \u00fa\u0159ad jako odborn\u00fd person\u00e1l pro poskytov\u00e1n\u00ed registrovan\u00e9 soci\u00e1ln\u00ed slu\u017eby, je ten stejn\u00fd, kter\u00fd pe\u010doval o seniory v dob\u011b, kdy pan\u00ed ombudsmanka prov\u00e1d\u011bla u n\u00e1s kontrolu.<\/p>\n<p>:<br \/>\nTak jak\u00e1 je va\u0161e reakce?<\/p>\n<p>\u0160ABATOV\u00c1, :<br \/>\nTak moje reakce je ta, \u017ee vlastn\u011b oni sv\u00fdmi v\u00fdpov\u011b\u010fmi potvrzuj\u00ed ta na\u0161e zji\u0161t\u011bn\u00ed. Probl\u00e9m je v tom, \u017ee bez registrace nelze v \u010cesk\u00e9 republice poskytovat soci\u00e1ln\u00ed slu\u017eby.<\/p>\n<p>:<br \/>\nA na jak\u00e9m principu tedy funguj\u00ed?<\/p>\n<p>\u0160ABATOV\u00c1, :<br \/>\nmimo z\u00e1kon o soci\u00e1ln\u00edch slu\u017eb\u00e1ch, anebo jenom \u010d\u00e1ste\u010dn\u011b na z\u00e1klad\u011b z\u00e1kona o soci\u00e1ln\u00edch slu\u017eb\u00e1ch. Oni n\u011bkte\u0159\u00ed z\u00e1kon obch\u00e1zej\u00ed, uzav\u0159ou ob\u010dansko-pr\u00e1vn\u00ed smlouvy o ubytov\u00e1n\u00ed a potom \u0159\u00edkaj\u00ed, \u017ee tam maj\u00ed registrovanou ter\u00e9nn\u00ed slu\u017ebu, kterou si mo\u017en\u00e1 i registruj\u00ed opravdu, a \u0159\u00edkaj\u00ed, \u017ee to vlastn\u011b sta\u010d\u00ed. Ale obsahem je to, pros\u00edm v\u00e1s, pobytov\u00e1 slu\u017eba, lid\u00e9 tam pracuj\u00ed ve sm\u011bn\u00e1ch, vede se tam dokumentace, kterou nevedete, kdy\u017e m\u00e1te typ ter\u00e9nn\u00ed slu\u017eby, poskytuje se tam zdravotn\u00ed slu\u017eba, bohu\u017eel ne zcela odborn\u011b, a obsahem je to zcela pobytov\u00e1 slu\u017eba podle paragrafu 49 z\u00e1kona o soci\u00e1ln\u00edch slu\u017eb\u00e1ch a je to obch\u00e1zen\u00ed z\u00e1kona, jako bohu\u017eel. A my jsme je vyzvali, aby bu\u010f si po\u017e\u00e1dali o registraci a z\u00edskali tuto registraci, anebo aby ukon\u010dili \u010dinnost.<\/p>\n<p>:<br \/>\nMysl\u00edte si, \u017ee n\u011bkter\u00e1 ta za\u0159\u00edzen\u00ed maj\u00ed n\u00e1rok na to, aby tu registraci z\u00edskaly nebo jsou v takov\u00e9m stavu, \u017ee jsou na zav\u0159en\u00ed v\u0161echna? Jak to je?<\/p>\n<p> \u0160ABATOV\u00c1, :<br \/>\nPokud se bav\u00edme \u00fapln\u011b obecn\u011b, a t\u011bch za\u0159\u00edzen\u00ed je mnohem v\u00edc, ne\u017e my jsme jich m\u011bli mo\u017enost nav\u0161t\u00edvit, jsou jich des\u00edtky, tak j\u00e1 se domn\u00edv\u00e1m, \u017ee jedna z cest je opravdu pomoci t\u011bm za\u0159\u00edzen\u00edm, aby mohly jako dos\u00e1hnout na tu registraci a potom je kontrolovat v r\u00e1mci leg\u00e1ln\u00edho syst\u00e9mu. Ale mysl\u00edm si, \u017ee ne v\u0161echny dok\u00e1\u017e\u00ed splnit ty podm\u00ednky a n\u011bkter\u00e9 taky v\u00edm, \u017ee u\u017e jako skon\u010dily svou \u010dinnost. Nap\u0159\u00edklad zde jmenovan\u00fd Domov na kopci. Podle m\u00fdch posledn\u00edch informac\u00ed ho pan Fousek prodal a slu\u017eby tam ukon\u010dil, aspo\u0148 takto jsem to sly\u0161ela \u00fapln\u011b ned\u00e1vno.<\/p>\n<p>:<br \/>\nK tomuto konkr\u00e9tn\u00edmu domovu, vy uv\u00e1d\u00edte, \u017ee v podstat\u011b v tomto konkr\u00e9tn\u00edm domov\u011b byly mo\u017en\u00e1 zneu\u017e\u00edv\u00e1ny i ty p\u0159\u00edsp\u011bvky, kter\u00e9 dost\u00e1vaj\u00ed klienti a z\u00e1rove\u0148 v tom syst\u00e9mu se objevila \u0159ada pacient\u016f, klient\u016f, kte\u0159\u00ed se dost\u00e1vali do tohoto za\u0159\u00edzen\u00ed p\u0159\u00edmo z jin\u00fdch zdravotnick\u00fdch za\u0159\u00edzen\u00ed. Bylo to podepisov\u00e1no i mo\u017en\u00e1 soci\u00e1ln\u00edmi pracovnicemi. Jak je tohle mo\u017en\u00e9? A neznamen\u00e1 to, \u017ee se nesna\u017e\u00ed na tom syst\u00e9mu jaksi parazitovat jenom ten z\u0159izovatel, ale \u017ee mu mo\u017en\u00e1 n\u011bkdo napom\u00e1h\u00e1?<\/p>\n<p> \u0160ABATOV\u00c1, :<br \/>\nJ\u00e1 nev\u00edm, jestli jako bych to nazvala takto, proto\u017ee kdy\u017e registruje t\u0159eba psychiatrick\u00e1 l\u00e9\u010debna nebo l\u00e9\u010debna dlouhodob\u011b nemocn\u00fdch, tak tam jsou ur\u010dit\u00e9 podm\u00ednky, kdy se poskytuje l\u00e9ka\u0159sk\u00e1 p\u00e9\u010de. A kdy\u017e vlastn\u011b ta l\u00e9ka\u0159sk\u00e1 p\u00e9\u010de u\u017e nen\u00ed pot\u0159eba, tak oni vlastn\u011b &#8222;\u0159e\u0161\u00ed&#8220;, kam ten \u010dlov\u011bk m\u00e1 j\u00edt, pokud nem\u00e1 \u017e\u00e1dn\u00e9 t\u0159eba bydli\u0161t\u011b. A to byly ty p\u0159\u00edpady, kter\u00e9 sb\u00edral pan Fousek.<\/p>\n<p>:<br \/>\nVy jste tam k tomu uv\u00e1d\u011bli, \u017ee p\u0159esun vyjedn\u00e1vala soci\u00e1ln\u00ed pracovnice.<\/p>\n<p> \u0160ABATOV\u00c1, :Ano.<\/p>\n<p>A nap\u0159\u00edklad byly smlouvy uzav\u00edr\u00e1ny koresponden\u010dn\u011b. Mysl\u00edte si, \u017ee nem\u011bla p\u0159edstavu o tom, do jak\u00e9ho za\u0159\u00edzen\u00ed \u010dlov\u011bka pos\u00edl\u00e1?<\/p>\n<p>\u0160ABATOV\u00c1, :<br \/>\nAno, j\u00e1 mysl\u00edm, \u017ee ne\u017e jsme toto t\u00e9ma vnesli do ve\u0159ejn\u00e9ho prostoru my, tak oni t\u0159eba hledali podle internetu nebo pan Fousek i nab\u00edzel, \u017ee p\u0159evezme ty lidi do slu\u017eby a \u017ee oni t\u0159eba ani nev\u011bd\u011bli, \u017ee to je neregistrovan\u00e1 slu\u017eba. Jedno, jeden z d\u016fvod\u016f, pro\u010d my tomu d\u00e1v\u00e1me takovou publicitu a st\u00e1le na to upozor\u0148ujeme, aby v\u0161ichni pracovn\u00edci t\u0159eba l\u00e9ka\u0159sk\u00fdch zdravotnick\u00fdch za\u0159\u00edzen\u00ed, kte\u0159\u00ed propou\u0161t\u011bj\u00ed n\u011bjak\u00e9 klienty, v\u011bd\u011bli, \u017ee se mus\u00ed zaj\u00edmat o to, jestli je to registrovan\u00e1 slu\u017eba, nebo nen\u00ed to registrovan\u00e1 slu\u017eba. Tak\u00e9 l\u00e9ka\u0159i, kte\u0159\u00ed tam t\u0159eba doch\u00e1zej\u00ed a t\u0159eba tam jako, jako dob\u0159e o\u0161et\u0159\u00ed n\u011bjak\u00e9ho \u010dlov\u011bka, tak by m\u011bli v\u011bd\u011bt, \u017ee vlastn\u011b oni nemaj\u00ed ten statut t\u00e9 slu\u017eby, \u017ee oni by s nimi nem\u011bli sd\u00edlet ty zdravotnick\u00e9 informace. Prost\u011b \u017eijeme ve spole\u010dnosti, kter\u00e1 se sna\u017e\u00ed n\u011bjak\u00fdm zp\u016fsobem zajistit ur\u010ditou kvalitu slu\u017eby a je to vyj\u00e1d\u0159eno v cel\u00e9 \u0159ad\u011b p\u0159edpis\u016f a oni je vlastn\u011b poru\u0161uj\u00ed. Jako nem\u00e1 cenu jako se tady nad t\u00edm n\u011bjak stra\u0161liv\u011b pohor\u0161ovat. Je t\u0159eba prost\u011b d\u011blat kroky, aby se to p\u0159estalo d\u00edt.<\/p>\n<p>:<br \/>\nNa druhou stranu pr\u00e1v\u011b t\u0159eba v tomto konkr\u00e9tn\u00edm p\u0159\u00edpad\u011b a m\u016f\u017ee jich b\u00fdt \u0159ada, co bylo t\u00edm motivem toho \u010dlov\u011bka, kter\u00fd tu slu\u017ebu poskytoval jako takovou? Byly to pen\u00edze a co nejv\u011bt\u0161\u00ed cht\u00ed\u010d z\u00edskat co nejv\u00edc klient\u016f?<\/p>\n<p> \u0160ABATOV\u00c1, :<br \/>\nTo bych ne\u0159ekla. J\u00e1 si mysl\u00edm, \u017ee to byl t\u0159eba prost\u0159edek, jak je norm\u00e1ln\u011b jako se \u017eivit. Nem\u00e1te zam\u011bstn\u00e1n\u00ed t\u0159eba, tak se rozhodnete v n\u011b\u010dem podnikat a n\u011bkte\u0159\u00ed se rozhodli podnikat v tomto a nemaj\u00ed t\u0159eba dostate\u010dnou kvalifikaci a nebyli schopn\u00ed za\u0159\u00eddit leg\u00e1ln\u00ed slu\u017ebu, kter\u00e1 by m\u011bla dobrou kvalitu.<\/p>\n<p>:<br \/>\nSyst\u00e9mov\u011b to nikde neselh\u00e1v\u00e1? Co krajsk\u00e9 \u00fa\u0159ady, kter\u00e9 to maj\u00ed kontrolovat?<\/p>\n<p> \u0160ABATOV\u00c1, :<br \/>\nTak samoz\u0159ejm\u011b \u017ee to selh\u00e1v\u00e1, proto\u017ee krajsk\u00e9 \u00fa\u0159ady jsou vlastn\u011b povinny s takov\u00fdmi za\u0159\u00edzen\u00edmi zav\u00e9st spr\u00e1vn\u00ed \u0159\u00edzen\u00ed a ud\u011blit jim pokutu za neleg\u00e1ln\u00ed poskytov\u00e1n\u00ed slu\u017eeb, proto\u017ee nenapl\u0148uj\u00ed jako z\u00e1konn\u00e9 p\u0159edpoklady.<\/p>\n<p>:<br \/>\nJak je to mo\u017en\u00e9, jak reaguj\u00ed na va\u0161e podn\u011bty, na va\u0161e&#8230;<\/p>\n<p> \u0160ABATOV\u00c1, :<br \/>\nProto\u017ee te\u010f kdy\u017e jsme jako na to za\u010dali upozor\u0148ovat, tak u\u017e se rozb\u011bhla cel\u00e1 \u0159ada spr\u00e1vn\u00edch \u0159\u00edzen\u00ed a nevedou se ta \u0159\u00edzen\u00ed a m\u011blo by to v\u00e9st k n\u00e1prav\u011b. N\u011bkter\u00e9 kraje to vyhodnot\u00ed tak, \u017ee budou muset t\u0159eba n\u011bkter\u00e1 tato za\u0159\u00edzen\u00ed nechat zav\u0159\u00edt a budou muset z\u0159\u00eddit n\u011bjak\u00e9 slu\u017eby samy, t\u0159eba ter\u00e9nn\u00ed, jako v dom\u00e1cnostech t\u011bch senior\u016f nebo pobytov\u00e9 tak, aby se uspokojila popt\u00e1vka leg\u00e1ln\u00edmi slu\u017ebami.<\/p>\n<p>:<br \/>\nCo rodinn\u00ed p\u0159\u00edslu\u0161n\u00edci, jak oni sami mohou napomoci tomu, aby tento syst\u00e9m takhle nefungoval?<\/p>\n<p> \u0160ABATOV\u00c1, :<br \/>\nTak ka\u017ed\u00fd, kdo m\u00e1 r\u00e1d svou maminku, tat\u00ednka nebo n\u011bjak\u00e9ho p\u0159\u00edbuzn\u00e9ho, babi\u010dku, d\u011bde\u010dka, pro kter\u00e9ho hled\u00e1 slu\u017ebu, doporu\u010dila bych mu, aby se pod\u00edval v\u017edycky na internet, jestli je ta slu\u017eba registrovan\u00e1, nebo nen\u00ed. V\u0161echny krajsk\u00e9 \u00fa\u0159ady jsou povinny v\u00e9st ty registry i ministerstvo je vede. Tak\u017ee pokud je slu\u017eba registrovan\u00e1, tak by ji m\u011bli naj\u00edt v tom registru a m\u011bli by si v\u0161imnout toho, jestli je registrovan\u00e1 jako pobytov\u00e1 slu\u017eba domova pro seniory a nenechat se zm\u00e1st t\u0159eba t\u00edm, \u017ee je tam n\u011bjak\u00e1 ter\u00e9nn\u00ed slu\u017eba. No, a pak by m\u011bli b\u00fdt maxim\u00e1ln\u011b obez\u0159etn\u00ed, jako v podstat\u011b ka\u017edej krajskej \u00fa\u0159ad jim to \u0159ekne, kdy\u017e se zeptaj\u00ed, jestli ta slu\u017eba je veden\u00e1, jako registrovan\u00e1 slu\u017eba, nebo nen\u00ed.<\/p>\n<p>:<br \/>\nSt\u00e1v\u00e1 se t\u0159eba, \u017ee poskytovatel\u00e9 t\u011bchto slu\u017eeb ned\u00e1vaj\u00ed a nenech\u00e1vaj\u00ed klient\u016fm dostatek pen\u011bz, kter\u00e9 by m\u011bli?<\/p>\n<p> \u0160ABATOV\u00c1, :<br \/>\nTo je dal\u0161\u00ed v\u011bc, na kterou jsme narazili a d\u011bl\u00e1 to v\u0161echna ta za\u0159\u00edzen\u00ed, \u017ee vlastn\u011b vezmou t\u011bm senior\u016fm cel\u00fd d\u016fchod. P\u0159itom v re\u017eimu jako t\u00e9 leg\u00e1ln\u00ed slu\u017eby, mus\u00ed z\u016fstat 15 procent d\u016fchodu seniorovi, i kdyby ten d\u016fchod nebyl p\u0159\u00edli\u0161 vysok\u00fd. Pravdou je, \u017ee ty leg\u00e1ln\u00ed jako instituce, leg\u00e1ln\u00ed za\u0159\u00edzen\u00ed maj\u00ed taky ur\u010dit\u00e9 krajsk\u00e9 nebo ve\u0159ejn\u00e9 dotace a tato za\u0159\u00edzen\u00ed nemaj\u00ed ty dotace. Je t\u0159eba prost\u011b ten syst\u00e9m v\u00e9st k vy\u0161\u0161\u00ed kvalit\u011b a k z\u00e1konnosti.<\/p>\n<p>:<br \/>\nSpole\u010dn\u00fd probl\u00e9m, kter\u00fd se objevuje, pod\u00e1v\u00e1n\u00ed l\u00e9k\u016f. A tak\u00e9 oponenti \u0159\u00edkaj\u00ed: my jsme to ale konzultovali s l\u00e9ka\u0159i. Co se d\u011bje v t\u00e9hle t\u00e9 oblasti?<\/p>\n<p> \u0160ABATOV\u00c1, :<br \/>\nAle ka\u017ed\u00e9 soci\u00e1ln\u00ed za\u0159\u00edzen\u00ed pobytov\u00e9, domov pro seniory mus\u00ed m\u00edt zaji\u0161t\u011bnou kontinu\u00e1ln\u00ed jako zdravotn\u00ed slo\u017eku t\u00e9 p\u00e9\u010de. A m\u011blo by to b\u00fdt nejm\u00e9n\u011b diplomovan\u00e1 zdravotn\u00ed sestra, nemus\u00ed to b\u00fdt l\u00e9ka\u0159, ten m\u016f\u017ee b\u00fdt skute\u010dn\u011b, ten m\u016f\u017ee b\u00fdt skute\u010dn\u011b jako na smlouvu a p\u0159itom t\u0159eba jednou t\u00fddn\u011b a potom p\u0159\u00edpadn\u011b kdy\u017e je n\u011bjak\u00fd probl\u00e9m, tak na zavol\u00e1n\u00ed.<\/p>\n<p>:<br \/>\nVystavuj\u00ed se klienti sami riziku, \u017ee budou podez\u0159\u00edv\u00e1ni z toho, \u017ee ten p\u0159\u00edsp\u011bvek na soci\u00e1ln\u00ed slu\u017eby a na pomoc v podstat\u011b zneu\u017e\u00edvaj\u00ed, pakli\u017ee ho d\u00e1vaj\u00ed n\u011bkomu, kdo nen\u00ed registrov\u00e1n a opr\u00e1vn\u011bn?<\/p>\n<p> \u0160ABATOV\u00c1, :<br \/>\nTakhle bych to jako rozhodn\u011b nevyj\u00e1d\u0159ila. Ti lid\u00e9 jsou velmi k\u0159ehc\u00ed, velmi oslaben\u00ed, &#8230; \u010dasto jsou to senio\u0159i s demenc\u00ed, tak\u017ee&#8230;<\/p>\n<p>:<br \/>\nTo naprosto ch\u00e1pu, ale jestli je pr\u00e1v\u011b n\u011bjak\u00fd form\u00e1ln\u00ed mechanismus nem\u016f\u017ee dostat do n\u011bjak\u00e9 nep\u0159\u00edjemn\u00e9 situace?<\/p>\n<p> \u0160ABATOV\u00c1, :<br \/>\nTak ano, m\u016f\u017ee se st\u00e1t, \u017ee \u00fa\u0159ad pr\u00e1ce nevyplat\u00ed dal\u0161\u00ed p\u0159\u00edsp\u011bvek na p\u00e9\u010di, proto\u017ee zjist\u00ed, \u017ee to vlastn\u011b nevypl\u00e1c\u00ed tomu \u010dlov\u011bku a \u017ee on to mus\u00ed cel\u00e9 odevzdat, co\u017e vlastn\u011b odporuje z\u00e1konu. Proto\u017ee pokud je to leg\u00e1ln\u00ed za\u0159\u00edzen\u00ed, tak ten p\u0159\u00edsp\u011bvek jde rovnou za\u0159\u00edzen\u00ed ten p\u0159\u00edsp\u011bvek na p\u00e9\u010di, ani to nejde p\u0159es toho klienta. Zat\u00edmco pokud je to neregistrovan\u00e9 za\u0159\u00edzen\u00ed, tak to \u010derp\u00e1 klient a ano, on by o to mohl p\u0159ij\u00edt. Ale j\u00e1 bych tam, pros\u00edm v\u00e1s, nemluvila o vin\u011b, proto\u017ee jako uv\u011bdomme si, \u017ee ti lid\u00e9 \u010dasto ani nev\u011bd\u00ed, jako \u017ee jsou n\u011bjak\u00e9 registrovan\u00e9 slu\u017eby. Prost\u011b my se mus\u00edme postarat o to, aby ta spole\u010dnost nab\u00edzela kvalitn\u00ed slu\u017eby lidem, kte\u0159\u00ed jsou velmi oslaben\u00ed, na konci sv\u00e9ho \u017eivota, aby mohli v d\u016fstojnosti str\u00e1vit posledn\u00ed m\u011bs\u00edce, roky sv\u00e9ho \u017eivota.<\/p>\n<p>:<br \/>\nVy jste se jako ombudsmanka \u010cesk\u00e9 republiky obr\u00e1tila na norskou ombudsmanku ve v\u011bci d\u011bt\u00ed, kter\u00e9 soud odebral \u010desk\u00e9 matce, \u010desk\u00e9 rodin\u011b, \u010desk\u00fdm rodi\u010d\u016fm. Pro\u010d jste to ud\u011blala?<\/p>\n<p>\u0160ABATOV\u00c1, :<br \/>\nTak j\u00e1 jsem p\u0159em\u00fd\u0161lela nad t\u00edm p\u0159\u00edpadem n\u011bkdy jako na ja\u0159e, konzultovala jsem to s jedn\u00edm kolegou, s panem kapit\u00e1nem z \u00da\u0159adu pro mezin\u00e1rodn\u011b-pr\u00e1vn\u00ed ochranu a \u0159ekla jsem, \u017ee jedinou mo\u017enost, kterou j\u00e1 mohu v t\u00e9to v\u011bci vyu\u017e\u00edt, je, \u017ee se obr\u00e1t\u00edm na sv\u00e9ho kolegu, kolegyni v Norsku, jestli se v t\u00e9 situaci d\u00e1 n\u011bco d\u011blat. Ale&#8230;<\/p>\n<p>:<br \/>\nJak\u00e1 byla reakce?<\/p>\n<p>\u0160ABATOV\u00c1, :<br \/>\nOdpov\u011b\u010f byla takov\u00e1, \u017ee d\u011btsk\u00fd ombudsman v Norsku ne\u0159e\u0161\u00ed konkr\u00e9tn\u00ed p\u0159\u00edpady, co\u017e je typick\u00e9 pro d\u011btsk\u00e9 ombudsmany, oni v\u011bt\u0161inou jako p\u016fsob\u00ed syst\u00e9mov\u011b na syst\u00e9m a \u017ee nemohou poskytnout v\u016fbec \u017e\u00e1dnou informaci.<\/p>\n<p>:<br \/>\nS t\u00edm se podle v\u00e1s v t\u00e9hle rovin\u011b z va\u0161\u00ed pozice u\u017e ned\u00e1 nic d\u011blat?<\/p>\n<p> \u0160ABATOV\u00c1, :<br \/>\nNe, j\u00e1 nem\u00e1m pravomoc v\u016f\u010di \u017e\u00e1dn\u00e9mu norsk\u00e9mu \u00fa\u0159adu, j\u00e1 m\u00e1m pravomoc v\u016f\u010di \u010desk\u00fdm \u00fa\u0159ad\u016fm.<\/p>\n<p>:<br \/>\nM\u011bla jste pochybnosti, anebo se opravdu ned\u00e1 usoudit z toho, co v\u00edme, z toho jak\u00e9 m\u00e1me informace, o co se skute\u010dn\u011b jednalo v p\u0159\u00edpad\u011b tohoto sou\u017eit\u00ed?<\/p>\n<p> \u0160ABATOV\u00c1, :<br \/>\nJ\u00e1 m\u00e1m takovou dlouholetou zku\u0161enost t\u00edm, jak studuju ty spisy soci\u00e1ln\u011b-pr\u00e1vn\u00ed ochrany v \u010cesk\u00e9 republice, \u017ee je velmi o\u0161emetn\u00e9 hodnotit situaci na z\u00e1klad\u011b medi\u00e1ln\u00edch zpr\u00e1v. Tak\u017ee ne\u0159eknu v\u00e1m \u017e\u00e1dn\u00fd n\u00e1zor, j\u00e1 prost\u011b bohu\u017eel nem\u00e1m ty n\u00e1stroje, abych se podrobn\u011b s tou situac\u00ed sezn\u00e1mila a mluvila se v\u0161emi akt\u00e9ry a abych mohla zaujmout kvalifikovan\u00e9 stanovisko.<\/p>\n<p>:<br \/>\nV t\u00e9hle souvislosti setk\u00e1v\u00e1te se s podobn\u00fdmi st\u00ed\u017enostmi i na \u010desk\u00e9 \u00fa\u0159ady, na postupy \u010desk\u00fdch \u00fa\u0159ad\u016f a \u010desk\u00fdch soud\u016f?<\/p>\n<p> \u0160ABATOV\u00c1, :<br \/>\nUr\u010dit\u011b se setk\u00e1v\u00e1me s podn\u011bty, kter\u00e9 m\u00ed\u0159\u00ed na org\u00e1ny soci\u00e1ln\u011b-pr\u00e1vn\u00ed ochrany i na podn\u011bty, kter\u00e9 se t\u00fdkaj\u00ed odn\u011bt\u00ed d\u011bt\u00ed. Setk\u00e1v\u00e1me, ano. A tam moje p\u016fsobnost sah\u00e1, nikoliv v\u016f\u010di soud\u016fm, tam j\u00e1 se mus\u00edm jasn\u011b vymezit v\u016f\u010di t\u011bm st\u011b\u017eovatel\u016fm, mus\u00edm jim vysv\u011btlit, \u017ee nemohu \u017e\u00e1dn\u00fdm zp\u016fsobem zasahovat do soudn\u00edho rozhodov\u00e1n\u00ed, ale mohu se zab\u00fdvat postupem org\u00e1nu soci\u00e1ln\u011b-pr\u00e1vn\u00ed ochrany, jestli vy\u010derpal v\u0161echna preventivn\u00ed mo\u017enosti, jak pracoval s rodinou p\u0159edt\u00edm, ne\u017e s\u00e1hl t\u0159eba k tomu nejkrajn\u011bj\u0161\u00edmu z\u00e1sahu, z\u00e1sahu do rodinn\u00e9ho \u017eivota.<\/p>\n<p>:<br \/>\nJak byste to zhodnotila, jak jsme na tom s odeb\u00edr\u00e1n\u00edm d\u011bt\u00ed a pr\u00e1v\u011b s t\u011bmi d\u016fvody, jestli jsou skute\u010dn\u011b v\u017edy z\u00e1va\u017en\u00e9 a vedou k odebr\u00e1n\u00ed d\u011bt\u00ed? Proto\u017ee takhle to vypad\u00e1, \u017ee v \u010cesku je to v podstat\u011b v po\u0159\u00e1dku a z t\u011bch medi\u00e1ln\u00edch zpr\u00e1v to vypadalo, jako \u017ee v Norsku je to nejhor\u0161\u00ed v Evrop\u011b.<\/p>\n<p> \u0160ABATOV\u00c1, :<br \/>\nTak j\u00e1 te\u010fka budu mluvit o \u010cesk\u00e9 republice. J\u00e1 kdy\u017e jsem nastoupila poprv\u00e9 jako p\u0159ed 15 lety jako z\u00e1stupkyn\u011b ve\u0159ejn\u00e9ho ochr\u00e1nce pr\u00e1v, tak b\u011bhem t\u011bch prvn\u00edch 6 let jsem \u0159e\u0161ila ur\u010dit\u011b mnoho des\u00edtek a \u0159ekla bych tak 2, 3 stovky p\u0159\u00edpad\u016f, kter\u00e9 se t\u00fdkaly soci\u00e1ln\u011b-pr\u00e1vn\u00ed ochrany a mnoh\u00e9 se t\u00fdkaly odn\u011bt\u00ed d\u011bt\u00ed a tehdy ten syst\u00e9m byl opravdu velmi \u0161patn\u00fd. Doch\u00e1zelo k odn\u011bt\u00ed d\u011bt\u00ed, kde to opravdu nebylo nal\u00e9hav\u00e9, kde se dalo s rodinou pracovat, z bytov\u00e9 nouze, ti rodi\u010de nebyli informov\u00e1ni, nikdo s nima neprob\u00edral, v \u010dem jsou nedostatky. Opravdu ten syst\u00e9m vykazoval vysokou m\u00edru nedostatk\u016f. Je t\u0159eba \u0159\u00edct, \u017ee my jsme formulovali, mysl\u00edm t\u00edm ve\u0159ejn\u00e9ho ochr\u00e1nce pr\u00e1v a byla to moje agenda, celou \u0159adu doporu\u010den\u00ed je\u0161t\u011b d\u0159\u00edve ne\u017e \u00dastavn\u00ed soud, je\u0161t\u011b d\u0159\u00edve ne\u017e Nejvy\u0161\u0161\u00ed soud t\u0159eba sv\u00e9 stanovisko, \u017ee nen\u00ed mo\u017en\u00e9 odn\u00edmat d\u011bti z bytov\u00fdch d\u016fvod\u016f a je\u0161t\u011b d\u0159\u00edve ne\u017e \u010cesk\u00e1 republika byla odsouzena Evropsk\u00fdm soudem pro lidsk\u00e1 pr\u00e1va. My jsme pr\u016fkopn\u00edky v ochran\u011b rodinn\u00e9ho \u017eivota a chr\u00e1n\u011bn\u00ed pr\u00e1v d\u011bt\u00ed v kontextu pr\u00e1va na rodinn\u00fd \u017eivot. V\u017edy jsme \u0159\u00edkali, \u017ee odejmout d\u00edt\u011b z rodiny je ultima ratio, je to to posledn\u00ed, co bychom m\u011bli d\u011blat. V\u017edy je t\u0159eba nejd\u0159\u00edve pracovat s rodinou a pokusit se i spravit jako tu situaci, kter\u00e1 je nedobr\u00e1 pro d\u011bti.<\/p>\n<p>:<br \/>\nPro\u010d mysl\u00edte, \u017ee \u00fa\u0159ady takto postupovaly a postupuj\u00ed?A postupuj\u00ed tak dodnes nebo jak se ta situace zm\u011bnila?<\/p>\n<p> \u0160ABATOV\u00c1, :<br \/>\nAno, jako ta situace se zm\u011bnila v\u00fdrazn\u011b k lep\u0161\u00edmu, i kdy\u017e nechci \u0159\u00edct, \u017ee je bez probl\u00e9m\u016f. Te\u010f kdy\u017e jsem se vr\u00e1tila po t\u011bch 8 letech, tak jsem zjistila, \u017ee opravdu ubylo t\u011bch p\u0159\u00edpad\u016f a st\u00ed\u017enost\u00ed na odn\u00edm\u00e1n\u00ed d\u011bt\u00ed. A pokud t\u0159eba n\u011bkter\u00e9 jsou, tak v\u011bt\u0161inou kolegyn\u011b zkonstatuj\u00ed po prostudov\u00e1n\u00ed spisu, \u017ee je snaha to d\u00edt\u011b rychle navr\u00e1tit do rodiny, t\u0159eba to byla n\u011bjak\u00e1 krizov\u00e1 situace, \u017ee se daleko v\u00edc pracuje s rodinama. To je pot\u011b\u0161iv\u00e9 zji\u0161t\u011bn\u00ed, i kdy\u017e je\u0161t\u011b jsou po\u0159\u00e1d jako oblasti v \u010cesk\u00e9 republice, kde nen\u00ed dostatek t\u011bchto soci\u00e1ln\u00edch slu\u017eeb, podp\u016frn\u00fdch slu\u017eeb pro rodiny. Tak\u017ee je po\u0159\u00e1d co zlep\u0161ovat, ale hrozn\u011b se rozmohly podn\u011bty sm\u011b\u0159uj\u00edc\u00ed jako proti t\u00e9 soci\u00e1ln\u011b-pr\u00e1vn\u00ed ochran\u011b v t\u011bch konfliktech rozvodov\u00fdch, kdy vlastn\u011b se vedou spory o to, kdo se bude v jak\u00e9 m\u00ed\u0159e st\u00fdkat s d\u00edt\u011btem a&#8230;<\/p>\n<p>:<br \/>\nV tomto p\u0159\u00edpad\u011b \u00fa\u0159ady zasahuj\u00ed a odeb\u00edraj\u00ed d\u011bti?<\/p>\n<p> \u0160ABATOV\u00c1, :<br \/>\nMus\u00edm \u0159\u00edct, \u017ee jsou to velmi t\u011b\u017ek\u00e9 p\u0159\u00edpady. \u00da\u0159ady my vedeme k neutralit\u011b a tak\u00e9 k tomu, aby ty rodiny vedly k mediaci. Sna\u017e\u00edme se na n\u011b p\u016fsobit jak na \u00fa\u0159ady, tak i t\u011bm rodi\u010d\u016fm t\u0159eba p\u00ed\u0161eme, aby si uv\u011bdomili, \u017ee konflikt je pro to d\u00edt\u011b ni\u010d\u00edc\u00ed. Konflikt dvou osob, k nim\u017e m\u00e1 d\u00edt\u011b k ob\u011bma pozitivn\u00ed vztah, je opravdu pro d\u00edt\u011b velmi t\u011b\u017ek\u00fd a mus\u00edm \u0159\u00edct, \u017ee se v tomto hodn\u011b zlep\u0161ily i org\u00e1ny soci\u00e1ln\u011b-pr\u00e1vn\u00ed ochrany.<\/p>\n<p>:<br \/>\nV \u010dem je ten probl\u00e9m podle v\u00e1s, v tom uva\u017eov\u00e1n\u00ed, v t\u00e9 zkostnat\u011blosti toho syst\u00e9mu? Je to t\u0159eba i povahami lid\u00ed, kte\u0159\u00ed tam pracuj\u00ed?<\/p>\n<p> \u0160ABATOV\u00c1, :<br \/>\nJ\u00e1 chci \u0159\u00edct, \u017ee se i zlep\u0161ily v podstat\u011b ta pr\u00e1ce org\u00e1n\u016f soci\u00e1ln\u011b-pr\u00e1vn\u00ed ochrany. Oni maj\u00ed taky dneska n\u00e1stroje, oni mohou v podstat\u011b na\u0159\u00eddit mediaci, nejd\u0159\u00edve doporu\u010dit mediaci, mus\u00ed informovat oba dva rodi\u010de, jako \u017ee oba dva maj\u00ed pr\u00e1vo na kontakt a styk se sv\u00fdm d\u00edt\u011btem, co\u017e v\u00e1m \u0159eknu, p\u0159ed 10 lety v\u016fbec tak nebylo. Jako se smi\u0159ovali tenkr\u00e1t klidn\u011b s t\u00edm, \u017ee jeden rodi\u010d t\u0159eba v\u016fbec nem\u016f\u017ee vid\u011bt sv\u00e9 d\u00edt\u011b.<\/p>\n<p>:<br \/>\nVl\u00e1dn\u00ed novela by va\u0161emu \u00fa\u0159adu m\u011bla pos\u00edlit pravomoci, alespo\u0148 tak je to p\u0159edkl\u00e1d\u00e1no. sn\u011bmovna  tento n\u00e1vrh a jeho projedn\u00e1v\u00e1n\u00ed p\u0159eru\u0161ila. Chce \u00fadajn\u011b zn\u00e1t v\u00e1\u0161 n\u00e1zor.<\/p>\n<p> \u0160ABATOV\u00c1, :<br \/>\nAno, j\u00e1 jsem v souladu s t\u00edmto n\u00e1vrhem, je to vl\u00e1dn\u00ed n\u00e1vrh. Byl dokonce, pokud v\u00edm, u\u017e ve vl\u00e1dn\u00edm prohl\u00e1\u0161en\u00ed, tedy d\u00e1vno p\u0159edt\u00edm, ne\u017e j\u00e1 jsem byla zvolena ve\u0159ejnou ochr\u00e1nkyn\u00ed pr\u00e1v.<\/p>\n<p>:<br \/>\nAno, proto i \u0159\u00edk\u00e1m \u00fa\u0159ad\u016f, proto\u017ee samoz\u0159ejm\u011b to m\u016f\u017ee b\u00fdt kdokoliv.<\/p>\n<p> \u0160ABATOV\u00c1, :<br \/>\nAno, a vlastn\u011b v doporu\u010den\u00edch Poslaneck\u00e9 sn\u011bmovn\u011b u\u017e m\u016fj p\u0159edch\u016fdce, kter\u00fd je\u0161t\u011b, d\u00e1 se \u0159\u00edct, odpov\u00eddal za tu minulou zpr\u00e1vu za rok 2013, i kdy\u017e j\u00e1 jsem ji nakonec podepisovala, kdy\u017e se p\u0159edkl\u00e1dala, tak tam vlastn\u011b upozor\u0148oval, \u017ee by ochr\u00e1nce pot\u0159eboval roz\u0161\u00ed\u0159en\u00ed pravomoc\u00ed v t\u011bch ot\u00e1zk\u00e1ch diskrimina\u010dn\u00edch i ta mo\u017enost k \u00dastavn\u00edmu soudu.<\/p>\n<p>:<br \/>\nTo se t\u00fdk\u00e1 nap\u0159\u00edklad pod\u00e1n\u00ed \u017ealoby pro diskriminaci.<\/p>\n<p> \u0160ABATOV\u00c1, :Ano.<\/p>\n<p>:<br \/>\n\u0158ekn\u011bte mi, pro\u010d by to bylo u\u017eite\u010dn\u00e9 pro spole\u010dnost jako takovou, a jestli u\u017e jste m\u011bla n\u011bkdy p\u0159\u00edpad, kdybyste toho vyu\u017eila toho n\u00e1stroje?<\/p>\n<p> \u0160ABATOV\u00c1, :<br \/>\nUr\u010dit\u011b, jako \u0159eknu v\u00e1m n\u011bkolik p\u0159\u00edpad\u016f, s nimi\u017e se v minul\u00fdch letech ve\u0159ejn\u00fd ochr\u00e1nce pr\u00e1v, tedy m\u016fj p\u0159edch\u016fdce, pot\u00fdkal dlouho, nap\u0159\u00edklad&#8230;<\/p>\n<p>:<br \/>\nJak\u00fd typ diskriminace?<\/p>\n<p> \u0160ABATOV\u00c1, :<br \/>\nAno, ty \u017ealoby se hod\u00ed v t\u011bch situac\u00edch, kdy se to dot\u00fdk\u00e1 v\u00edce lid\u00ed ta diskriminace nep\u0159\u00edm\u00e1 a kdy je vyj\u00e1d\u0159ena obvykle n\u011bjak\u00fdm p\u0159edpisem. Tak\u017ee jako m\u00e1te dobrou d\u016fkazn\u00ed situaci. A pokud vyzvete a nezlep\u0161\u00ed se situace, tak jako se obr\u00e1t\u00edte na soud, aby na\u0159\u00eddil, aby se upustilo od diskriminace. Nejedn\u00e1 se tam o \u017e\u00e1dn\u00e9 zadostiu\u010din\u011bn\u00ed, o \u017e\u00e1dn\u00e9 pen\u00edze. Nap\u0159\u00edklad vod\u00edc\u00ed psi bez n\u00e1hubku v dopravn\u00edch podnic\u00edch, pokud jsou to psi vycvi\u010den\u00ed pro <span class=\"highlight\">nevidom\u00e9<\/span> nebo, nebo jin\u00ed asisten\u010dn\u00ed&#8230;<\/p>\n<p>:<br \/>\nJako doprovod, ano, ano.<\/p>\n<p> \u0160ABATOV\u00c1, :<br \/>\nAno, nebo jin\u00ed asisten\u010dn\u00ed psi. To znamen\u00e1 psi se zvl\u00e1\u0161tn\u00edm v\u00fdcvikem, ale hlavn\u011b je to pom\u016fcka pro \u010dlov\u011bka, kter\u00fd m\u00e1 n\u011bjak\u00fd handicap a vlastn\u011b on bez toho psa nem\u016f\u017ee do t\u00e9 tramvaje nebo autobusu nebo kamkoliv jinam nastoupit. A dot\u00fdk\u00e1 se to velk\u00e9ho mno\u017estv\u00ed lid\u00ed. A tam to trvalo 2,5 roku, bylo to bezv\u00fdsledn\u00e9, a\u017e ochr\u00e1nce vlastn\u011b musel hledat n\u011bjak\u00e9 lidi, kte\u0159\u00ed by to za\u017ealovali, na\u0161el 3 <span class=\"highlight\">nevidom\u00e9<\/span>, kte\u0159\u00ed to za\u017ealovali a pak v t\u00e9 p\u0159ed\u017ealobn\u00ed situaci kone\u010dn\u011b to ud\u011blal dopravn\u00ed podnik. Daleko m\u00e9n\u011b energie by bylo jako ztraceno, kdyby mohl podat a nemusel t\u0159eba hledat lidi, kte\u0159\u00ed budou schopni to za\u017ealovat. Nebo jsou situace s inzer\u00e1ty. Agentura, pracovn\u00ed agentura, tedy ne zam\u011bstnavatel, tak\u017ee se na n\u011bj nevztahuje z\u00e1kon\u00edk pr\u00e1ce, tam by to bylo snaz\u0161\u00ed, sb\u00edr\u00e1 \u00fadaje o v\u011bku a vlastn\u011b vy\u017eaduje, aby se vyplnil v\u011bk, jinak v\u00e1s ten po\u010d\u00edta\u010d ani nepust\u00ed d\u00e1l. A je podez\u0159en\u00ed, \u017ee to je z diskrimina\u010dn\u00edch d\u016fvod\u016f, \u017ee si pak vyb\u00edraj\u00ed t\u0159eba mlad\u0161\u00ed a&#8230;<\/p>\n<p>:<br \/>\nV\u00e1\u0161 \u00fa\u0159ad je v centru pozornosti v posledn\u00ed dob\u011b. Mo\u017en\u00e1 i v\u00edce, ne\u017e to bylo v p\u0159\u00edpad\u011b va\u0161eho p\u0159edch\u016fdce. Vy jste se zastala, kdy\u017e to zjednodu\u0161\u00edm, pr\u00e1va muslimsk\u00e9 d\u00edvky nosit \u0161\u00e1tek na p\u016fd\u011b \u010desk\u00e9 \u0161koly. S jak\u00fdmi ohlasy a reakcemi se dodnes pot\u00fdk\u00e1te? Proto\u017ee p\u0159izn\u00e1m se, \u017ee va\u0161e jm\u00e9no jsem zaznamenala v \u0159ad\u011b protiisl\u00e1msk\u00fdch debat.<\/p>\n<p> \u0160ABATOV\u00c1, :<br \/>\nAno, je to tak, setkala jsem se s n\u011bkter\u00fdmi velmi agresivn\u00edmi \u00fatoky i velmi vulg\u00e1rn\u00edmi a sprost\u00fdmi, ale tak\u00e9 jsem se setkala s vyj\u00e1d\u0159en\u00edm solidarity od mnoha lid\u00ed a s vyj\u00e1d\u0159en\u00edm uzn\u00e1n\u00ed, \u017ee jsme m\u011bli odvahu chr\u00e1nit z\u00e1kladn\u00ed pr\u00e1vo t\u00e9 d\u00edvky. Jednak na n\u00e1bo\u017eenskou svobodu, ale vlastn\u011b i z\u00e1kladn\u00ed pr\u00e1vo na vzd\u011bl\u00e1n\u00ed, kter\u00e9ho jim nep\u0159\u00edmo vlastn\u011b bylo up\u0159eno t\u00edm, \u017ee ona se nemohla jako podrobit vlastn\u011b tomu po\u017eadavku, kter\u00fd po n\u00ed byl po\u017eadov\u00e1n, aby odlo\u017eila ten \u0161\u00e1tek. Tak\u017ee reakce ob\u00e9ho typu.<\/p>\n<p>:<br \/>\nA v t\u00e9to rozjit\u0159en\u00e9 dob\u011b byste postupovala stejn\u011b?<\/p>\n<p> \u0160ABATOV\u00c1, :Samoz\u0159ejm\u011b.<\/p>\n<p>:<br \/>\nAnna \u0160abatov\u00e1 byla hostem dne\u0161n\u00edho Interview, d\u00edky za to a hezk\u00fd den.<\/p>\n","protected":false},"excerpt":{"rendered":"<div class=\"mh-excerpt\"><p>Jej\u00ed \u00fa\u0159ad p\u0159i\u0161el na dal\u0161\u00ed pochyben\u00ed v domovech pro seniory, kter\u00e9 se tv\u00e1\u0159\u00ed jako za\u0159\u00edzen\u00ed, kter\u00e1 poskytuj\u00ed soci\u00e1ln\u00ed slu\u017eby. Nemaj\u00ed k tomu ale nutnou registraci. <a class=\"mh-excerpt-more\" href=\"https:\/\/www.invarena.cz\/?p=19653\" title=\"\u0160abatov\u00e1: Nem\u00e1me lidi, kte\u0159\u00ed by za\u017ealovali diskriminaci\">[&#8230;]<\/a><\/p>\n<\/div>","protected":false},"author":1,"featured_media":14848,"comment_status":"open","ping_status":"closed","sticky":false,"template":"","format":"standard","meta":{"footnotes":""},"categories":[12],"tags":[],"class_list":["post-19653","post","type-post","status-publish","format-standard","has-post-thumbnail","hentry","category-rozhovory"],"_links":{"self":[{"href":"https:\/\/www.invarena.cz\/index.php?rest_route=\/wp\/v2\/posts\/19653","targetHints":{"allow":["GET"]}}],"collection":[{"href":"https:\/\/www.invarena.cz\/index.php?rest_route=\/wp\/v2\/posts"}],"about":[{"href":"https:\/\/www.invarena.cz\/index.php?rest_route=\/wp\/v2\/types\/post"}],"author":[{"embeddable":true,"href":"https:\/\/www.invarena.cz\/index.php?rest_route=\/wp\/v2\/users\/1"}],"replies":[{"embeddable":true,"href":"https:\/\/www.invarena.cz\/index.php?rest_route=%2Fwp%2Fv2%2Fcomments&post=19653"}],"version-history":[{"count":0,"href":"https:\/\/www.invarena.cz\/index.php?rest_route=\/wp\/v2\/posts\/19653\/revisions"}],"wp:featuredmedia":[{"embeddable":true,"href":"https:\/\/www.invarena.cz\/index.php?rest_route=\/wp\/v2\/media\/14848"}],"wp:attachment":[{"href":"https:\/\/www.invarena.cz\/index.php?rest_route=%2Fwp%2Fv2%2Fmedia&parent=19653"}],"wp:term":[{"taxonomy":"category","embeddable":true,"href":"https:\/\/www.invarena.cz\/index.php?rest_route=%2Fwp%2Fv2%2Fcategories&post=19653"},{"taxonomy":"post_tag","embeddable":true,"href":"https:\/\/www.invarena.cz\/index.php?rest_route=%2Fwp%2Fv2%2Ftags&post=19653"}],"curies":[{"name":"wp","href":"https:\/\/api.w.org\/{rel}","templated":true}]}}