{"id":19654,"date":"2015-01-30T18:01:23","date_gmt":"2015-01-30T17:01:23","guid":{"rendered":"http:\/\/www.invarena.cz\/?p=19654"},"modified":"2015-01-30T18:03:18","modified_gmt":"2015-01-30T17:03:18","slug":"v-cesku-prudce-pribyva-chripkovych-onemocneni-hlavne-u-dospelych","status":"publish","type":"post","link":"https:\/\/www.invarena.cz\/?p=19654","title":{"rendered":"V \u010cesku prudce p\u0159ib\u00fdv\u00e1 ch\u0159ipkov\u00fdch onemocn\u011bn\u00ed, hlavn\u011b u dosp\u011bl\u00fdch"},"content":{"rendered":"<p><strong>V \u010cesku prudce p\u0159ibylo nemocn\u00fdch s ch\u0159ipkov\u00fdm onemocn\u011bn\u00edm, v\u011bt\u0161ina region\u016f u\u017e se pot\u00fdk\u00e1 s epidemi\u00ed. Nemocnice a domovy d\u016fchodc\u016f vyhla\u0161uj\u00ed z\u00e1kaz n\u00e1v\u0161t\u011bv a zav\u00edraj\u00ed se mate\u0159sk\u00e9 \u0161koly. <\/strong><!--more--><\/p>\n<p>Zat\u00edmco v p\u0159edchoz\u00edm t\u00fddnu p\u0159ibylo nejv\u00edc nemocn\u00fdch mezi d\u011btmi, tento t\u00fdden byl nejprud\u0161\u00ed n\u00e1r\u016fst mezi dosp\u011bl\u00fdmi. Zl\u00ednsk\u00fd kraj hl\u00e1s\u00ed u dosp\u011bl\u00fdch n\u00e1r\u016fst t\u00e9m\u011b\u0159 o sto procent, v Praze stoupla nemocnost dosp\u011bl\u00fdch o v\u00edce ne\u017e 40 procent, co\u017e je nejrychlej\u0161\u00ed n\u00e1r\u016fst od roku 2010.<\/p>\n<p>    &#8222;Je to nastupuj\u00edc\u00ed epidemie, kter\u00e1 je v kraj\u00edch v r\u016fzn\u00fdch st\u00e1di\u00edch postupu. Nejh\u016f\u0159e na tom jsou Praha, St\u0159edo\u010desk\u00fd kraj a Vyso\u010dina,&#8220; \u0159ekla \u010cTK R\u016f\u017eena Hali\u0159ov\u00e1 z olomouck\u00e9 krajsk\u00e9 hygienick\u00e9 stanice.<br \/>\n    Region\u00e1ln\u00ed epidemie hl\u00e1s\u00ed kraje Pardubick\u00fd, Kr\u00e1lov\u00e9hradeck\u00fd, Jiho\u010desk\u00fd, Libereck\u00fd, Moravskoslezsk\u00fd, Jihomoravsk\u00fd a Zl\u00ednsk\u00fd, na hranici epidemie jsou kraje Plze\u0148sk\u00fd, Olomouck\u00fd a \u00dasteck\u00fd. V posledn\u00edm jmenovan\u00e9m kraji ode dne\u0161ka omezila n\u00e1v\u0161t\u011bvy Krajsk\u00e1 zdravotn\u00ed, pod ni\u017e spad\u00e1 p\u011bt nejv\u011bt\u0161\u00edch nemocnic v kraji. Na Karlovarsku jsou po\u010dty nemocn\u00fdch tento t\u00fdden nejvy\u0161\u0161\u00ed od za\u010d\u00e1tku roku.<\/p>\n<p>    Podle vedouc\u00ed protiepidemick\u00e9ho odboru zl\u00ednsk\u00e9 krajsk\u00e9 hygienick\u00e9 stanice Hany Tkadlecov\u00e9 byl n\u00e1r\u016fst ch\u0159ipkov\u00fdch nemoc\u00ed ve Zl\u00ednsk\u00e9m kraji dramatick\u00fd, celkov\u011b t\u00e9m\u011b\u0159 o 80 procent proti minul\u00e9mu t\u00fddnu. &#8222;Hranice epidemie nen\u00ed pevn\u011b stanoven\u00e1, jde sp\u00ed\u0161e o dynamiku nemocnosti, kter\u00e1 je nyn\u00ed jednozna\u010dn\u00e1,&#8220; \u0159ekla \u010cTK.<\/p>\n<p>    N\u00e1r\u016fst nemocnosti u dosp\u011bl\u00fdch je podle Zde\u0148ky J\u00e1grov\u00e9 z pra\u017esk\u00e9 hygieny odrazem p\u0159edchoz\u00edho r\u016fstu nemocnosti u d\u011bt\u00ed. &#8222;Klasicky to odpov\u00edd\u00e1, d\u00edt\u011b zavle\u010de infekci dom\u016f a onemocn\u00ed dosp\u011bl\u00ed,&#8220; \u0159ekla.<br \/>\n    Podle vedouc\u00ed protiepidemick\u00e9ho odboru st\u0159edo\u010desk\u00e9 krajsk\u00e9 hygienick\u00e9 stanice Lilian Rumlov\u00e9 se d\u00e1 p\u0159edpokl\u00e1dat, \u017ee po\u010dty nemocn\u00fdch budou v kraji stoupat, kulminace je\u0161t\u011b nenastala. Nejv\u011bt\u0161\u00ed n\u00e1r\u016fst nemocnosti, o 54 procent, zaznamenali v okrese Bene\u0161ov, \u00famrt\u00ed v kraji zat\u00edm nebyla.<\/p>\n<p>    V Plze\u0148sk\u00e9m kraji je nejv\u00edc nemocn\u00fdch v Plzni, nejv\u00edc jich p\u0159ibylo na Doma\u017elicku a severn\u00edm Plze\u0148sku, a to shodn\u011b o 42 procent. V Praze stoupla nemocnost v pr\u016fm\u011bru o 17 procent. Jiho\u010desk\u00fd kraj hl\u00e1s\u00ed n\u00e1r\u016fst nemocnosti o 38 procent, kv\u016fli ch\u0159ipce zak\u00e1zaly n\u00e1v\u0161t\u011bvy nemocnice v \u010cesk\u00fdch Bud\u011bjovic\u00edch a Jind\u0159ichov\u011b Hradci, domov pro seniory Hv\u00edzdal a domov d\u016fchodc\u016f v Hlubok\u00e9 nad Vltavou. Objevilo se n\u011bkolik p\u0159\u00edpad\u016f t\u011b\u017ek\u00e9 ch\u0159ipky, v\u017edy ale u lid\u00ed s jin\u00fdm v\u00e1\u017en\u00fdm onemocn\u011bn\u00edm, kter\u00e9 ch\u0159ipka zkomplikovala.<\/p>\n<p>    V \u00dasteck\u00e9m kraji je nejhor\u0161\u00ed situace na Lounsku, nemocn\u00fdch v\u00fdrazn\u011b p\u0159ibylo i na Teplicku a Mostecku. Hygienici doporu\u010duj\u00ed omezen\u00ed n\u00e1v\u0161t\u011bv v nemocnic\u00edch. Z\u00e1kaz n\u00e1v\u0161t\u011bv u\u017e je v Kr\u00e1lov\u00e9hradeck\u00e9m kraji na jednotk\u00e1ch intenzivn\u00ed p\u00e9\u010de a n\u011bkter\u00fdch klinik\u00e1ch fakultn\u00ed nemocnice, novorozeneck\u00fdch odd\u011blen\u00edch a plicn\u00ed klinice. Na Vyso\u010din\u011b jsou zav\u0159eny dv\u011b \u0161koly, n\u00e1v\u0161t\u011bvy nemohou do \u0159ady nemocnic a domov\u016f senior\u016f.<\/p>\n<p>    V epidemii obvykle onemocn\u00ed milion lid\u00ed, zem\u0159e kolem 2000 lid\u00ed, z nich sto na ch\u0159ipku, ostatn\u00ed na komplikace, kter\u00e9 ch\u0159ipka vyvol\u00e1 u pacient\u016f s jin\u00fdm onemocn\u011bn\u00edm. O\u010dkov\u00e1n\u00ed proti ch\u0159ipce u\u017e nyn\u00ed hygienici nedoporu\u010duj\u00ed. Nebylo by podle nich \u00fa\u010dinn\u00e9, proto\u017ee se \u010dlov\u011bk m\u016f\u017ee nakazit d\u0159\u00edv, ne\u017e se v t\u011ble vytvo\u0159\u00ed dostatek ochrann\u00fdch l\u00e1tek. <\/p>\n","protected":false},"excerpt":{"rendered":"<div class=\"mh-excerpt\"><p>V \u010cesku prudce p\u0159ibylo nemocn\u00fdch s ch\u0159ipkov\u00fdm onemocn\u011bn\u00edm, v\u011bt\u0161ina region\u016f u\u017e se pot\u00fdk\u00e1 s epidemi\u00ed. Nemocnice a domovy d\u016fchodc\u016f vyhla\u0161uj\u00ed z\u00e1kaz n\u00e1v\u0161t\u011bv a zav\u00edraj\u00ed se <a class=\"mh-excerpt-more\" href=\"https:\/\/www.invarena.cz\/?p=19654\" title=\"V \u010cesku prudce p\u0159ib\u00fdv\u00e1 ch\u0159ipkov\u00fdch onemocn\u011bn\u00ed, hlavn\u011b u dosp\u011bl\u00fdch\">[&#8230;]<\/a><\/p>\n<\/div>","protected":false},"author":1,"featured_media":0,"comment_status":"open","ping_status":"closed","sticky":false,"template":"","format":"standard","meta":{"footnotes":""},"categories":[9],"tags":[],"class_list":["post-19654","post","type-post","status-publish","format-standard","hentry","category-zpravy"],"_links":{"self":[{"href":"https:\/\/www.invarena.cz\/index.php?rest_route=\/wp\/v2\/posts\/19654","targetHints":{"allow":["GET"]}}],"collection":[{"href":"https:\/\/www.invarena.cz\/index.php?rest_route=\/wp\/v2\/posts"}],"about":[{"href":"https:\/\/www.invarena.cz\/index.php?rest_route=\/wp\/v2\/types\/post"}],"author":[{"embeddable":true,"href":"https:\/\/www.invarena.cz\/index.php?rest_route=\/wp\/v2\/users\/1"}],"replies":[{"embeddable":true,"href":"https:\/\/www.invarena.cz\/index.php?rest_route=%2Fwp%2Fv2%2Fcomments&post=19654"}],"version-history":[{"count":0,"href":"https:\/\/www.invarena.cz\/index.php?rest_route=\/wp\/v2\/posts\/19654\/revisions"}],"wp:attachment":[{"href":"https:\/\/www.invarena.cz\/index.php?rest_route=%2Fwp%2Fv2%2Fmedia&parent=19654"}],"wp:term":[{"taxonomy":"category","embeddable":true,"href":"https:\/\/www.invarena.cz\/index.php?rest_route=%2Fwp%2Fv2%2Fcategories&post=19654"},{"taxonomy":"post_tag","embeddable":true,"href":"https:\/\/www.invarena.cz\/index.php?rest_route=%2Fwp%2Fv2%2Ftags&post=19654"}],"curies":[{"name":"wp","href":"https:\/\/api.w.org\/{rel}","templated":true}]}}