{"id":19664,"date":"2015-02-01T06:26:01","date_gmt":"2015-02-01T05:26:01","guid":{"rendered":"http:\/\/www.invarena.cz\/?p=19664"},"modified":"2015-02-01T06:26:38","modified_gmt":"2015-02-01T05:26:38","slug":"probudil-se-a-nic-nevidel-pri-akci-svetlusky-ale-slepy-plavec-smrcka-bavil-svym-optimismem","status":"publish","type":"post","link":"https:\/\/www.invarena.cz\/?p=19664","title":{"rendered":"Probudil se a nic nevid\u011bl. P\u0159i akci Sv\u011btlu\u0161ky ale slep\u00fd plavec Smr\u010dka bavil sv\u00fdm optimismem"},"content":{"rendered":"<p><strong>Kdy\u017e v\u00e1s oslov\u00ed s\u00e1m <span class=\"highlight\">nevidom\u00fd<\/span>, jestli si s n\u00edm nezahrajete na slepou b\u00e1bu, nezb\u00fdv\u00e1 ne\u017e se pousm\u00e1t. Pr\u00e1v\u011b podobn\u00e9 \u00fasm\u011bvy na tv\u00e1\u0159i um\u00ed vykouzlit snad nejl\u00e9pe ze v\u0161ech slep\u00fd plavec Miroslav Smr\u010dka, kter\u00fd je d\u016fkazem toho, \u017ee ani zdravotn\u00ed handicap neznamen\u00e1 \u017eivot v depres\u00edch a smutku.<\/strong><!--more--><\/p>\n<p>&nbsp;<\/p>\n<p><a href=\"http:\/\/www.rozhlas.cz\/zpravy\/ostatnidiscipliny\/_zprava\/1450226\">http:\/\/www.rozhlas.cz\/zpravy\/ostatnidiscipliny\/_zprava\/1450226<\/a><\/p>\n","protected":false},"excerpt":{"rendered":"<div class=\"mh-excerpt\"><p>Kdy\u017e v\u00e1s oslov\u00ed s\u00e1m nevidom\u00fd, jestli si s n\u00edm nezahrajete na slepou b\u00e1bu, nezb\u00fdv\u00e1 ne\u017e se pousm\u00e1t. Pr\u00e1v\u011b podobn\u00e9 \u00fasm\u011bvy na tv\u00e1\u0159i um\u00ed vykouzlit snad <a class=\"mh-excerpt-more\" href=\"https:\/\/www.invarena.cz\/?p=19664\" title=\"Probudil se a nic nevid\u011bl. P\u0159i akci Sv\u011btlu\u0161ky ale slep\u00fd plavec Smr\u010dka bavil sv\u00fdm optimismem\">[&#8230;]<\/a><\/p>\n<\/div>","protected":false},"author":1,"featured_media":853,"comment_status":"open","ping_status":"closed","sticky":false,"template":"","format":"standard","meta":{"footnotes":""},"categories":[7],"tags":[],"class_list":["post-19664","post","type-post","status-publish","format-standard","has-post-thumbnail","hentry","category-spolecnost"],"_links":{"self":[{"href":"https:\/\/www.invarena.cz\/index.php?rest_route=\/wp\/v2\/posts\/19664","targetHints":{"allow":["GET"]}}],"collection":[{"href":"https:\/\/www.invarena.cz\/index.php?rest_route=\/wp\/v2\/posts"}],"about":[{"href":"https:\/\/www.invarena.cz\/index.php?rest_route=\/wp\/v2\/types\/post"}],"author":[{"embeddable":true,"href":"https:\/\/www.invarena.cz\/index.php?rest_route=\/wp\/v2\/users\/1"}],"replies":[{"embeddable":true,"href":"https:\/\/www.invarena.cz\/index.php?rest_route=%2Fwp%2Fv2%2Fcomments&post=19664"}],"version-history":[{"count":0,"href":"https:\/\/www.invarena.cz\/index.php?rest_route=\/wp\/v2\/posts\/19664\/revisions"}],"wp:featuredmedia":[{"embeddable":true,"href":"https:\/\/www.invarena.cz\/index.php?rest_route=\/wp\/v2\/media\/853"}],"wp:attachment":[{"href":"https:\/\/www.invarena.cz\/index.php?rest_route=%2Fwp%2Fv2%2Fmedia&parent=19664"}],"wp:term":[{"taxonomy":"category","embeddable":true,"href":"https:\/\/www.invarena.cz\/index.php?rest_route=%2Fwp%2Fv2%2Fcategories&post=19664"},{"taxonomy":"post_tag","embeddable":true,"href":"https:\/\/www.invarena.cz\/index.php?rest_route=%2Fwp%2Fv2%2Ftags&post=19664"}],"curies":[{"name":"wp","href":"https:\/\/api.w.org\/{rel}","templated":true}]}}