{"id":19683,"date":"2015-02-02T21:12:50","date_gmt":"2015-02-02T20:12:50","guid":{"rendered":"http:\/\/www.invarena.cz\/?p=19683"},"modified":"2015-02-03T06:59:14","modified_gmt":"2015-02-03T05:59:14","slug":"mohu-si-pozadat-o-prispevek-na-auto-kdyz-ma-syn-ztp","status":"publish","type":"post","link":"https:\/\/www.invarena.cz\/?p=19683","title":{"rendered":"Mohu si po\u017e\u00e1dat o p\u0159\u00edsp\u011bvek na auto, kdy\u017e m\u00e1 syn ZTP?"},"content":{"rendered":"<p><strong>Dotaz:\u00a0 M\u00e1m syna v 2. stupni a dost\u00e1v\u00e1m pe\u010dovatelsk\u00fd p\u0159\u00edsp\u011bvek a p\u0159\u00edsp\u011bvek na mobilitu. Mohu si po\u017e\u00e1dat o motorov\u00e9 vozidlo, kdy\u017e m\u00e1 syn ZTP?<\/strong><br \/>\n<!--more--><\/p>\n<p><em>ilustra\u010dn\u00ed foto: Nathan Eal Photography \/ Flickr.com<\/em><\/p>\n<p><strong>Odpov\u011b\u010f:<\/strong><br \/>\nPo\u017e\u00e1dat si samoz\u0159ejm\u011b m\u016f\u017eete. Bohu\u017eel V\u00e1m nemohu \u0159\u00edci, zda V\u00e1m bude p\u0159\u00edsp\u011bvek schv\u00e1len, proto\u017ee neuv\u00e1d\u00edte \u017e\u00e1dn\u00e9 synovo posti\u017een\u00ed. Skute\u010dnost, \u017ee m\u00e1 p\u0159\u00edsp\u011bvek na p\u00e9\u010di 2. stupn\u011b, pr\u016fkaz ZTP a p\u0159\u00edsp\u011bvek na mobilitu je\u0161t\u011b neznamen\u00e1, \u017ee by mohl m\u00edt automaticky n\u00e1rok na p\u0159\u00edsp\u011bvek na automobil.<\/p>\n<p>O p\u0159\u00edsp\u011bvek na motorov\u00e9 vozidlo si m\u016f\u017eete po\u017e\u00e1dat prost\u0159ednictv\u00edm sv\u00e9 pobo\u010dky \u00da\u0159adu pr\u00e1ce. V pr\u016fb\u011bhu \u0159\u00edzen\u00ed bude L\u00e9ka\u0159sk\u00e1 posudkov\u00e1 slu\u017eba \u010cSSZ posuzovat zdravotn\u00ed stav Va\u0161eho syna. Bude k tomu pot\u0159ebovat zdravotn\u00ed dokumentaci od o\u0161et\u0159uj\u00edc\u00edho l\u00e9ka\u0159e.<\/p>\n<p>Pro \u00faplnost uv\u00e1d\u00edm, kdo m\u00e1 v sou\u010dasn\u00e9 dob\u011b na p\u0159\u00edsp\u011bvek n\u00e1rok. Pokud chcete poradit p\u0159esn\u011bji, dopl\u0148te pros\u00edm jak je V\u00e1\u0161 syn posti\u017een\u00fd.<\/p>\n<p>\u201cN\u00e1rok na p\u0159\u00edsp\u011bvek na zvl\u00e1\u0161tn\u00ed pom\u016fcku poskytovan\u00fd na po\u0159\u00edzen\u00ed motorov\u00e9ho vozidla m\u00e1 osoba, kter\u00e1 m\u00e1 t\u011b\u017ekou vadu nosn\u00e9ho nebo pohybov\u00e9ho \u00fastroj\u00ed anebo t\u011b\u017ekou nebo hlubokou ment\u00e1ln\u00ed retardaci charakteru dlouhodob\u011b nep\u0159\u00edzniv\u00e9ho zdravotn\u00edho stavu, a jej\u00ed zdravotn\u00ed stav nevylu\u010duje p\u0159izn\u00e1n\u00ed tohoto p\u0159\u00edsp\u011bvku.\u201d<\/p>\n<p>Ji\u0159\u00ed Marek<br \/>\ninvArena<\/p>\n","protected":false},"excerpt":{"rendered":"<div class=\"mh-excerpt\"><p>Dotaz:\u00a0 M\u00e1m syna v 2. stupni a dost\u00e1v\u00e1m pe\u010dovatelsk\u00fd p\u0159\u00edsp\u011bvek a p\u0159\u00edsp\u011bvek na mobilitu. Mohu si po\u017e\u00e1dat o motorov\u00e9 vozidlo, kdy\u017e m\u00e1 syn ZTP?<\/p>\n<\/div>","protected":false},"author":3,"featured_media":16377,"comment_status":"open","ping_status":"closed","sticky":false,"template":"","format":"standard","meta":{"footnotes":""},"categories":[18],"tags":[],"class_list":["post-19683","post","type-post","status-publish","format-standard","has-post-thumbnail","hentry","category-poradna"],"_links":{"self":[{"href":"https:\/\/www.invarena.cz\/index.php?rest_route=\/wp\/v2\/posts\/19683","targetHints":{"allow":["GET"]}}],"collection":[{"href":"https:\/\/www.invarena.cz\/index.php?rest_route=\/wp\/v2\/posts"}],"about":[{"href":"https:\/\/www.invarena.cz\/index.php?rest_route=\/wp\/v2\/types\/post"}],"author":[{"embeddable":true,"href":"https:\/\/www.invarena.cz\/index.php?rest_route=\/wp\/v2\/users\/3"}],"replies":[{"embeddable":true,"href":"https:\/\/www.invarena.cz\/index.php?rest_route=%2Fwp%2Fv2%2Fcomments&post=19683"}],"version-history":[{"count":0,"href":"https:\/\/www.invarena.cz\/index.php?rest_route=\/wp\/v2\/posts\/19683\/revisions"}],"wp:featuredmedia":[{"embeddable":true,"href":"https:\/\/www.invarena.cz\/index.php?rest_route=\/wp\/v2\/media\/16377"}],"wp:attachment":[{"href":"https:\/\/www.invarena.cz\/index.php?rest_route=%2Fwp%2Fv2%2Fmedia&parent=19683"}],"wp:term":[{"taxonomy":"category","embeddable":true,"href":"https:\/\/www.invarena.cz\/index.php?rest_route=%2Fwp%2Fv2%2Fcategories&post=19683"},{"taxonomy":"post_tag","embeddable":true,"href":"https:\/\/www.invarena.cz\/index.php?rest_route=%2Fwp%2Fv2%2Ftags&post=19683"}],"curies":[{"name":"wp","href":"https:\/\/api.w.org\/{rel}","templated":true}]}}