{"id":19704,"date":"2015-02-05T10:52:32","date_gmt":"2015-02-05T09:52:32","guid":{"rendered":"http:\/\/www.invarena.cz\/?p=19704"},"modified":"2015-02-05T10:53:05","modified_gmt":"2015-02-05T09:53:05","slug":"mam-podezreni-na-poruchy-pameti-co-mam-delat","status":"publish","type":"post","link":"https:\/\/www.invarena.cz\/?p=19704","title":{"rendered":"M\u00e1m podez\u0159en\u00ed na poruchy pam\u011bti. Co m\u00e1m d\u011blat?"},"content":{"rendered":"<p><strong>Dotaz: Je mi 31 let a m\u00e1m podez\u0159en\u00ed na poruchy pam\u011bti. N\u011bkdy m\u00e1m dokonce pot\u00ed\u017ee poznat \u010dlov\u011bka, kter\u00e9ho jsem poprv\u00e9 vid\u011bla p\u0159ed t\u00fddnem. N\u011bkter\u00e9 ud\u00e1losti z minul\u00fdch m\u011bs\u00edc\u016f \u010di let si ob\u010das nevybav\u00edm v\u016fbec. Je mo\u017en\u00e9, \u017ee je to n\u011bjak\u00fd n\u00e1b\u011bh na Alzheimera? M\u011bla bych si doj\u00edt k l\u00e9ka\u0159i, nebo co s t\u00edm?<\/strong><br \/>\n<!--more--><br \/>\n<em><br \/>\nilustra\u010dn\u00ed foto: murielle \/ stock.xchng<\/em><\/p>\n<p><strong>Odpov\u011b\u010f:<\/strong><br \/>\nJe velice t\u011b\u017ek\u00e9 posoudit, zda doopravdy m\u00e1te z\u00e1va\u017en\u00e9 pot\u00ed\u017ee s pam\u011bt\u00ed. N\u011bkte\u0159\u00ed odborn\u00edci zjednodu\u0161en\u011b doporu\u010duj\u00ed, \u017ee pokud si poruch pam\u011bti v\u0161\u00edm\u00e1te pouze Vy, nemus\u00ed to b\u00fdt v\u00e1\u017en\u00fd probl\u00e9m, pokud V\u00e1s v\u0161ak na poruchy pam\u011bti upozor\u0148uj\u00ed Va\u0161i bl\u00edzc\u00ed, znamen\u00e1 to, \u017ee je na \u010dase situaci \u0159e\u0161it.<\/p>\n<p>Alzheimerova choroba je ve Va\u0161em v\u011bku m\u00e9n\u011b pravd\u011bpodobn\u00e1, a\u010dkoli vyvr\u00e1tit ji samoz\u0159ejm\u011b m\u016f\u017ee pouze l\u00e9ka\u0159.<\/p>\n<p>Spousta lid\u00ed v dne\u0161n\u00ed dob\u011b trp\u00ed poruchami pam\u011bti z d\u016fvod\u016f jejich stresov\u00e9ho \u017eivota, kv\u016fli kter\u00e9mu se dost\u00e1vaj\u00ed do \u010dast\u00fdch depres\u00ed. Stres a deprese samy o sob\u011b sni\u017euj\u00ed kvalitu \u017eivota ka\u017ed\u00e9ho \u010dlov\u011bka. Pokud je to i V\u00e1\u0161 p\u0159\u00edpad, nebojte se vyhledat pomoc psychiatra, kter\u00fd V\u00e1m m\u016f\u017ee z depres\u00ed pomoci a m\u011bl by b\u00fdt schopen vy\u0161et\u0159it i Va\u0161i pam\u011b\u0165.<\/p>\n<p>Nejl\u00e9pe v\u0161ak ud\u011bl\u00e1te, kdy\u017e nav\u0161t\u00edv\u00edte alespo\u0148 sv\u00e9ho praktick\u00e9ho l\u00e9ka\u0159e. Ten V\u00e1m ud\u011bl\u00e1 z\u00e1kladn\u00ed vy\u0161et\u0159en\u00ed a p\u0159\u00edpadn\u011b V\u00e1m doporu\u010d\u00ed vy\u0161et\u0159en\u00ed u specializovan\u00e9ho l\u00e9ka\u0159e.<\/p>\n<p>Ji\u0159\u00ed Marek<br \/>\ninvArena<\/p>\n","protected":false},"excerpt":{"rendered":"<div class=\"mh-excerpt\"><p>Dotaz: Je mi 31 let a m\u00e1m podez\u0159en\u00ed na poruchy pam\u011bti. N\u011bkdy m\u00e1m dokonce pot\u00ed\u017ee poznat \u010dlov\u011bka, kter\u00e9ho jsem poprv\u00e9 vid\u011bla p\u0159ed t\u00fddnem. N\u011bkter\u00e9 ud\u00e1losti <a class=\"mh-excerpt-more\" href=\"https:\/\/www.invarena.cz\/?p=19704\" title=\"M\u00e1m podez\u0159en\u00ed na poruchy pam\u011bti. Co m\u00e1m d\u011blat?\">[&#8230;]<\/a><\/p>\n<\/div>","protected":false},"author":3,"featured_media":18738,"comment_status":"open","ping_status":"closed","sticky":false,"template":"","format":"standard","meta":{"footnotes":""},"categories":[18],"tags":[],"class_list":["post-19704","post","type-post","status-publish","format-standard","has-post-thumbnail","hentry","category-poradna"],"_links":{"self":[{"href":"https:\/\/www.invarena.cz\/index.php?rest_route=\/wp\/v2\/posts\/19704","targetHints":{"allow":["GET"]}}],"collection":[{"href":"https:\/\/www.invarena.cz\/index.php?rest_route=\/wp\/v2\/posts"}],"about":[{"href":"https:\/\/www.invarena.cz\/index.php?rest_route=\/wp\/v2\/types\/post"}],"author":[{"embeddable":true,"href":"https:\/\/www.invarena.cz\/index.php?rest_route=\/wp\/v2\/users\/3"}],"replies":[{"embeddable":true,"href":"https:\/\/www.invarena.cz\/index.php?rest_route=%2Fwp%2Fv2%2Fcomments&post=19704"}],"version-history":[{"count":0,"href":"https:\/\/www.invarena.cz\/index.php?rest_route=\/wp\/v2\/posts\/19704\/revisions"}],"wp:featuredmedia":[{"embeddable":true,"href":"https:\/\/www.invarena.cz\/index.php?rest_route=\/wp\/v2\/media\/18738"}],"wp:attachment":[{"href":"https:\/\/www.invarena.cz\/index.php?rest_route=%2Fwp%2Fv2%2Fmedia&parent=19704"}],"wp:term":[{"taxonomy":"category","embeddable":true,"href":"https:\/\/www.invarena.cz\/index.php?rest_route=%2Fwp%2Fv2%2Fcategories&post=19704"},{"taxonomy":"post_tag","embeddable":true,"href":"https:\/\/www.invarena.cz\/index.php?rest_route=%2Fwp%2Fv2%2Ftags&post=19704"}],"curies":[{"name":"wp","href":"https:\/\/api.w.org\/{rel}","templated":true}]}}