{"id":19708,"date":"2015-02-03T12:46:48","date_gmt":"2015-02-03T11:46:48","guid":{"rendered":"http:\/\/www.invarena.cz\/?p=19708"},"modified":"2015-02-03T13:14:12","modified_gmt":"2015-02-03T12:14:12","slug":"the-tap-tap-zahraji-pod-sochou-svateho-vaclava","status":"publish","type":"post","link":"https:\/\/www.invarena.cz\/?p=19708","title":{"rendered":"The Tap Tap zahraj\u00ed pod sochou svat\u00e9ho V\u00e1clava"},"content":{"rendered":"<p><strong>Mimo\u0159\u00e1dn\u00fd koncert U\u017e jsme trochu d\u00e1l, kter\u00fd se uskute\u010dn\u00ed 21. \u00fanora od 15 hodin p\u0159\u00edmo pod sochou svat\u00e9ho V\u00e1clava na V\u00e1clavsk\u00e9m n\u00e1m\u011bst\u00ed v Praze, p\u0159ipravuje kapela The Tap Tap.<\/strong><!--more--><\/p>\n<p>Praha \u2013 Krom\u011b muziky The Tap Tap p\u0159edstav\u00ed moder\u00e1tor L\u00e1\u010fa Angelovi\u010d spolu s Martinem Zachem nejlep\u0161\u00ed p\u0159\u00edklady integrace a inkluze hendikepovan\u00fdch v \u010cesk\u00e9 republice. Hosty koncertu budou mimo jin\u00e9 hudebn\u00edk a sportovec Arno\u0161t Dosko\u010dil, zp\u011bv\u00e1k Radek \u017dalud a opern\u00ed p\u011bvkyn\u011b Daniela Val\u00ed\u010dkov\u00e1. Ze zn\u00e1m\u00fdch um\u011blc\u016f svou \u00fa\u010dast prozat\u00edm potvrdil Xindl X a Jan Haubert z kapely Visac\u00ed z\u00e1mek.<\/p>\n<p>&#8222;V d\u016fsledku \u201aur\u010dit\u00fdch vyj\u00e1d\u0159en\u00ed\u2018 prezidenta vznikl v \u010cesk\u00e9 republice zcela nev\u00eddan\u00fd z\u00e1jem o procesy integrace a inkluze. Proto jsme se s The Tap Tap rozhodli uspo\u0159\u00e1dat avizovan\u00fd koncert. P\u0159edstav\u00edme na n\u011bm tak\u00e9 spoustu host\u016f, kte\u0159\u00ed sami na sob\u011b uk\u00e1\u017e\u00ed nejlep\u0161\u00ed v\u00fdsledky integrace a inkluze v \u010cesku,&#8220; \u0159\u00edk\u00e1 kapeln\u00edk The Tap Tap \u0160imon Ornest.<\/p>\n<p>Vstup je pro v\u0161echny zdarma a \u010das koncertu je p\u0159izp\u016fsoben\u00fd i z\u00e1jmu mimopra\u017esk\u00fdch div\u00e1k\u016f a rodi\u010d\u016f s d\u011btmi.<\/p>\n<p>Pra\u017esk\u00fd den\u00edk<\/p>\n","protected":false},"excerpt":{"rendered":"<div class=\"mh-excerpt\"><p>Mimo\u0159\u00e1dn\u00fd koncert U\u017e jsme trochu d\u00e1l, kter\u00fd se uskute\u010dn\u00ed 21. \u00fanora od 15 hodin p\u0159\u00edmo pod sochou svat\u00e9ho V\u00e1clava na V\u00e1clavsk\u00e9m n\u00e1m\u011bst\u00ed v Praze, p\u0159ipravuje <a class=\"mh-excerpt-more\" href=\"https:\/\/www.invarena.cz\/?p=19708\" title=\"The Tap Tap zahraj\u00ed pod sochou svat\u00e9ho V\u00e1clava\">[&#8230;]<\/a><\/p>\n<\/div>","protected":false},"author":1,"featured_media":3071,"comment_status":"open","ping_status":"closed","sticky":false,"template":"","format":"standard","meta":{"footnotes":""},"categories":[9],"tags":[],"class_list":["post-19708","post","type-post","status-publish","format-standard","has-post-thumbnail","hentry","category-zpravy"],"_links":{"self":[{"href":"https:\/\/www.invarena.cz\/index.php?rest_route=\/wp\/v2\/posts\/19708","targetHints":{"allow":["GET"]}}],"collection":[{"href":"https:\/\/www.invarena.cz\/index.php?rest_route=\/wp\/v2\/posts"}],"about":[{"href":"https:\/\/www.invarena.cz\/index.php?rest_route=\/wp\/v2\/types\/post"}],"author":[{"embeddable":true,"href":"https:\/\/www.invarena.cz\/index.php?rest_route=\/wp\/v2\/users\/1"}],"replies":[{"embeddable":true,"href":"https:\/\/www.invarena.cz\/index.php?rest_route=%2Fwp%2Fv2%2Fcomments&post=19708"}],"version-history":[{"count":0,"href":"https:\/\/www.invarena.cz\/index.php?rest_route=\/wp\/v2\/posts\/19708\/revisions"}],"wp:featuredmedia":[{"embeddable":true,"href":"https:\/\/www.invarena.cz\/index.php?rest_route=\/wp\/v2\/media\/3071"}],"wp:attachment":[{"href":"https:\/\/www.invarena.cz\/index.php?rest_route=%2Fwp%2Fv2%2Fmedia&parent=19708"}],"wp:term":[{"taxonomy":"category","embeddable":true,"href":"https:\/\/www.invarena.cz\/index.php?rest_route=%2Fwp%2Fv2%2Fcategories&post=19708"},{"taxonomy":"post_tag","embeddable":true,"href":"https:\/\/www.invarena.cz\/index.php?rest_route=%2Fwp%2Fv2%2Ftags&post=19708"}],"curies":[{"name":"wp","href":"https:\/\/api.w.org\/{rel}","templated":true}]}}