{"id":19719,"date":"2015-02-03T15:49:24","date_gmt":"2015-02-03T14:49:24","guid":{"rendered":"http:\/\/www.invarena.cz\/?p=19719"},"modified":"2015-02-03T15:49:30","modified_gmt":"2015-02-03T14:49:30","slug":"postizeni-demonstruji-proti-zemanovi","status":"publish","type":"post","link":"https:\/\/www.invarena.cz\/?p=19719","title":{"rendered":"Posti\u017een\u00ed demonstruj\u00ed proti Zemanovi"},"content":{"rendered":"<p><strong>Na t\u0159i des\u00edtky hendikepovan\u00fdch v \u00fater\u00fd protestovaly proti v\u00fdrok\u016fm prezidenta Milo\u0161e Zemana p\u0159i jeho n\u00e1v\u0161t\u011bv\u011b Kr\u00e1sn\u00e9 L\u00edpy na \u0160luknovsku. Hlava st\u00e1tu se p\u0159ed \u010dasem vyj\u00e1d\u0159ila proti vzd\u011bl\u00e1v\u00e1n\u00ed d\u011bt\u00ed s hendikepem spole\u010dn\u011b se zdrav\u00fdmi. Demonstranti by cht\u011bli s prezidentem o t\u00e9matu diskutovat, Zeman jim v\u0161ak p\u0159i p\u0159\u00edjezdu na jedn\u00e1n\u00ed s podnikateli do m\u00edstn\u00edho pivovaru jen zam\u00e1val.<\/strong><!--more--><\/p>\n<p><a href=\"http:\/\/www.novinky.cz\/domaci\/360617-postizeni-demonstruji-proti-zemanovi.html\">cel\u00fd \u010dl\u00e1nek ZDE<\/a><\/p>\n","protected":false},"excerpt":{"rendered":"<div class=\"mh-excerpt\"><p>Na t\u0159i des\u00edtky hendikepovan\u00fdch v \u00fater\u00fd protestovaly proti v\u00fdrok\u016fm prezidenta Milo\u0161e Zemana p\u0159i jeho n\u00e1v\u0161t\u011bv\u011b Kr\u00e1sn\u00e9 L\u00edpy na \u0160luknovsku. Hlava st\u00e1tu se p\u0159ed \u010dasem vyj\u00e1d\u0159ila <a class=\"mh-excerpt-more\" href=\"https:\/\/www.invarena.cz\/?p=19719\" title=\"Posti\u017een\u00ed demonstruj\u00ed proti Zemanovi\">[&#8230;]<\/a><\/p>\n<\/div>","protected":false},"author":1,"featured_media":2134,"comment_status":"open","ping_status":"closed","sticky":false,"template":"","format":"standard","meta":{"footnotes":""},"categories":[9],"tags":[],"class_list":["post-19719","post","type-post","status-publish","format-standard","has-post-thumbnail","hentry","category-zpravy"],"_links":{"self":[{"href":"https:\/\/www.invarena.cz\/index.php?rest_route=\/wp\/v2\/posts\/19719","targetHints":{"allow":["GET"]}}],"collection":[{"href":"https:\/\/www.invarena.cz\/index.php?rest_route=\/wp\/v2\/posts"}],"about":[{"href":"https:\/\/www.invarena.cz\/index.php?rest_route=\/wp\/v2\/types\/post"}],"author":[{"embeddable":true,"href":"https:\/\/www.invarena.cz\/index.php?rest_route=\/wp\/v2\/users\/1"}],"replies":[{"embeddable":true,"href":"https:\/\/www.invarena.cz\/index.php?rest_route=%2Fwp%2Fv2%2Fcomments&post=19719"}],"version-history":[{"count":0,"href":"https:\/\/www.invarena.cz\/index.php?rest_route=\/wp\/v2\/posts\/19719\/revisions"}],"wp:featuredmedia":[{"embeddable":true,"href":"https:\/\/www.invarena.cz\/index.php?rest_route=\/wp\/v2\/media\/2134"}],"wp:attachment":[{"href":"https:\/\/www.invarena.cz\/index.php?rest_route=%2Fwp%2Fv2%2Fmedia&parent=19719"}],"wp:term":[{"taxonomy":"category","embeddable":true,"href":"https:\/\/www.invarena.cz\/index.php?rest_route=%2Fwp%2Fv2%2Fcategories&post=19719"},{"taxonomy":"post_tag","embeddable":true,"href":"https:\/\/www.invarena.cz\/index.php?rest_route=%2Fwp%2Fv2%2Ftags&post=19719"}],"curies":[{"name":"wp","href":"https:\/\/api.w.org\/{rel}","templated":true}]}}