{"id":19728,"date":"2015-02-07T10:41:32","date_gmt":"2015-02-07T09:41:32","guid":{"rendered":"http:\/\/www.invarena.cz\/?p=19728"},"modified":"2015-02-07T10:41:32","modified_gmt":"2015-02-07T09:41:32","slug":"charita-ma-nove-auto","status":"publish","type":"post","link":"https:\/\/www.invarena.cz\/?p=19728","title":{"rendered":"Charita m\u00e1 nov\u00e9 auto"},"content":{"rendered":"<p><strong>V lo\u0148sk\u00e9m roce po\u0159\u00e1dala Charita Stud\u00e9nka o dotaci na po\u0159\u00edzen\u00ed nov\u00e9ho automobilu pro pe\u010dovatelskou slu\u017ebu. Se svou \u017e\u00e1dost\u00ed usp\u011bla, kraj j\u00ed p\u0159id\u011blil dotaci ve v\u00fd\u0161i 175 tis\u00edc korun. <\/strong><!--more--><\/p>\n<p>Od prosince tak pracovn\u00edk\u016fm Charity slou\u017e\u00ed nov\u00fd automobil za 272 500 korun. Krom\u011b krajsk\u00e9 dotace bylo jeho po\u0159\u00edzen\u00ed financov\u00e1no z v\u00fdt\u011b\u017eku T\u0159\u00edkr\u00e1lov\u00e9 sb\u00edrky a \u010d\u00e1st uhradil \u00fav\u011br. Nov\u00fd v\u016fz zv\u00fd\u0161il mobilitu a bezpe\u010dnost pe\u010dovatelek, kter\u00e9 za sv\u00fdmi klienty jezd\u00ed nejen po Stud\u00e9nce, ale i do Pust\u011bjova, Albrechti\u010dek \u010di Barto\u0161ovic. Z\u00e1rove\u0148 umo\u017e\u0148uje i p\u0159epravu klient\u016f k l\u00e9ka\u0159i, a to v\u010detn\u011b jejich invalidn\u00edch voz\u00edk\u016f a chod\u00edtek.<\/p>\n<p>http:\/\/www.novojicinsky.denik.cz\/<\/p>\n","protected":false},"excerpt":{"rendered":"<div class=\"mh-excerpt\"><p>V lo\u0148sk\u00e9m roce po\u0159\u00e1dala Charita Stud\u00e9nka o dotaci na po\u0159\u00edzen\u00ed nov\u00e9ho automobilu pro pe\u010dovatelskou slu\u017ebu. Se svou \u017e\u00e1dost\u00ed usp\u011bla, kraj j\u00ed p\u0159id\u011blil dotaci ve v\u00fd\u0161i <a class=\"mh-excerpt-more\" href=\"https:\/\/www.invarena.cz\/?p=19728\" title=\"Charita m\u00e1 nov\u00e9 auto\">[&#8230;]<\/a><\/p>\n<\/div>","protected":false},"author":1,"featured_media":0,"comment_status":"open","ping_status":"closed","sticky":false,"template":"","format":"standard","meta":{"footnotes":""},"categories":[9],"tags":[],"class_list":["post-19728","post","type-post","status-publish","format-standard","hentry","category-zpravy"],"_links":{"self":[{"href":"https:\/\/www.invarena.cz\/index.php?rest_route=\/wp\/v2\/posts\/19728","targetHints":{"allow":["GET"]}}],"collection":[{"href":"https:\/\/www.invarena.cz\/index.php?rest_route=\/wp\/v2\/posts"}],"about":[{"href":"https:\/\/www.invarena.cz\/index.php?rest_route=\/wp\/v2\/types\/post"}],"author":[{"embeddable":true,"href":"https:\/\/www.invarena.cz\/index.php?rest_route=\/wp\/v2\/users\/1"}],"replies":[{"embeddable":true,"href":"https:\/\/www.invarena.cz\/index.php?rest_route=%2Fwp%2Fv2%2Fcomments&post=19728"}],"version-history":[{"count":0,"href":"https:\/\/www.invarena.cz\/index.php?rest_route=\/wp\/v2\/posts\/19728\/revisions"}],"wp:attachment":[{"href":"https:\/\/www.invarena.cz\/index.php?rest_route=%2Fwp%2Fv2%2Fmedia&parent=19728"}],"wp:term":[{"taxonomy":"category","embeddable":true,"href":"https:\/\/www.invarena.cz\/index.php?rest_route=%2Fwp%2Fv2%2Fcategories&post=19728"},{"taxonomy":"post_tag","embeddable":true,"href":"https:\/\/www.invarena.cz\/index.php?rest_route=%2Fwp%2Fv2%2Ftags&post=19728"}],"curies":[{"name":"wp","href":"https:\/\/api.w.org\/{rel}","templated":true}]}}