{"id":19766,"date":"2015-02-16T10:08:05","date_gmt":"2015-02-16T09:08:05","guid":{"rendered":"http:\/\/www.invarena.cz\/?p=19766"},"modified":"2015-02-17T10:15:16","modified_gmt":"2015-02-17T09:15:16","slug":"ministerstvo-se-chce-pri-podpore-rodin-s-detmi-inspirovat-v-nemecku","status":"publish","type":"post","link":"https:\/\/www.invarena.cz\/?p=19766","title":{"rendered":"Ministerstvo se chce p\u0159i podpo\u0159e rodin s d\u011btmi inspirovat v N\u011bmecku"},"content":{"rendered":"<p><strong>N\u00e1m\u011bstkyn\u011b Zuzana Jentschke St\u0151cklov\u00e1 na konferenci ke sla\u010fov\u00e1n\u00ed pracovn\u00edho, soukrom\u00e9ho a rodinn\u00e9ho \u017eivota p\u0159edstavila kroky, kter\u00e9 za minul\u00fd rok Ministerstvo pr\u00e1ce a soci\u00e1ln\u00edch v\u011bc\u00ed v oblasti podpory rodin s d\u011btmi prosadilo a p\u0159estavila vizi do bl\u00edzk\u00e9 budoucnosti.<\/strong><br \/>\n<!--more-->foto: Photoxpress<\/p>\n<p>Na konferenci svoje zku\u0161enosti z t\u00e9to oblasti p\u0159edstavila \u0159ada odborn\u00edk\u016f z N\u011bmecka. V \u0159ad\u011b p\u0159\u00edpad\u016f se chce Ministerstvo t\u011bmito opat\u0159en\u00edmi inspirovat.<\/p>\n<p>\u201eMezi rodi\u010di je o flexibiln\u011bj\u0161\u00ed formy p\u00e9\u010de o d\u011bti a mo\u017enosti pru\u017en\u011bj\u0161\u00edho slad\u011bn\u00ed pr\u00e1ce a soukrom\u00e9ho rodinn\u00e9ho \u017eivota st\u00e1le v\u011bt\u0161\u00ed z\u00e1jem,\u201c \u0159\u00edk\u00e1 n\u00e1m\u011bstkyn\u011b pro soci\u00e1ln\u00ed a rodinnou politiku Zuzana Jentschke St\u0151cklov\u00e1.<br \/>\nSnaha MPSV tak dle slov n\u00e1m\u011bstkyn\u011b sm\u011b\u0159uje k poskytnut\u00ed co mo\u017en\u00e1 nej\u0161ir\u0161\u00ed mo\u017enosti volby, jak dlouho budou cht\u00edt lid\u00e9 \u010derpat rodi\u010dovskou dovolenou, mo\u017enosti vyst\u0159\u00eddat se s partnerem na rodi\u010dovsk\u00e9 apod. M\u011bla by nastat i zm\u011bna v dota\u010dn\u00ed politice u p\u0159ed\u0161koln\u00edch za\u0159\u00edzen\u00ed. St\u00e1t by m\u011bl mimo mate\u0159sk\u00fdch \u0161kolek v\u00edce podporovat tak\u00e9 vznik nov\u00fdch jesl\u00ed.<br \/>\nMPSV se ze sv\u00e9 pozice sna\u017e\u00ed pomoci \u0159e\u0161it situaci s nedostatkem voln\u00fdch m\u00edst ve \u0161kol\u00e1ch a jesl\u00edch zaveden\u00edm d\u011btsk\u00fdch skupin, kter\u00e9 jsou p\u0159edev\u0161\u00edm mo\u017enost\u00ed pro zam\u011bstnavatele, jak uleh\u010dit zam\u011bstnanc\u016fm sklouben\u00ed pracovn\u00edho a soukrom\u00e9ho \u017eivota. Tento rok se ministerstvo zam\u011b\u0159\u00ed na dal\u0161\u00ed dlouhodob\u00e1 opat\u0159en\u00ed, kter\u00e1 zlep\u0161\u00ed \u017eivot rodin s d\u011btmi, nebo rodin, kde se staraj\u00ed o sv\u00e9 d\u011bde\u010dky a babi\u010dky.<\/p>\n<p>Zva\u017euje se nap\u0159\u00edklad bonus pro druh\u00e9ho rodi\u010de (otce), jestli\u017ee se rozhodne j\u00edt na rodi\u010dovskou. Nebo institut takzvan\u00e9 pe\u010dovatelsk\u00e9 dovolen\u00e9, hlavn\u011b pro \u017eeny v\u011bkov\u00e9 skupiny 50 plus, kter\u00e9 se mus\u00ed starat o sv\u00e9 rodi\u010de, ale boj\u00ed se, \u017ee kv\u016fli p\u00e9\u010di o z\u00e1visl\u00e9ho \u010dlena rodiny ztrat\u00ed zam\u011bstn\u00e1n\u00ed.<\/p>\n<p>Od prvn\u00edho ledna plat\u00ed porodn\u00e9 na druh\u00e9 d\u00edt\u011b, p\u0159ipravuje se v\u011bcn\u00fd z\u00e1m\u011br z\u00e1kona o z\u00e1lohovan\u00e9m v\u00fd\u017eivn\u00e9m, kter\u00fd by m\u011bl pomoci hlavn\u011b mamink\u00e1m samo\u017eivitelk\u00e1m a MPSV p\u0159ipravilo i koncepci dostupn\u00e9ho soci\u00e1ln\u00edho bydlen\u00ed.<\/p>\n<p>tiskov\u00e9 odd\u011blen\u00ed MPSV<\/p>\n","protected":false},"excerpt":{"rendered":"<div class=\"mh-excerpt\"><p>N\u00e1m\u011bstkyn\u011b Zuzana Jentschke St\u0151cklov\u00e1 na konferenci ke sla\u010fov\u00e1n\u00ed pracovn\u00edho, soukrom\u00e9ho a rodinn\u00e9ho \u017eivota p\u0159edstavila kroky, kter\u00e9 za minul\u00fd rok Ministerstvo pr\u00e1ce a soci\u00e1ln\u00edch v\u011bc\u00ed v <a class=\"mh-excerpt-more\" href=\"https:\/\/www.invarena.cz\/?p=19766\" title=\"Ministerstvo se chce p\u0159i podpo\u0159e rodin s d\u011btmi inspirovat v N\u011bmecku\">[&#8230;]<\/a><\/p>\n<\/div>","protected":false},"author":1,"featured_media":18791,"comment_status":"open","ping_status":"closed","sticky":false,"template":"","format":"standard","meta":{"footnotes":""},"categories":[6],"tags":[],"class_list":["post-19766","post","type-post","status-publish","format-standard","has-post-thumbnail","hentry","category-politika"],"_links":{"self":[{"href":"https:\/\/www.invarena.cz\/index.php?rest_route=\/wp\/v2\/posts\/19766","targetHints":{"allow":["GET"]}}],"collection":[{"href":"https:\/\/www.invarena.cz\/index.php?rest_route=\/wp\/v2\/posts"}],"about":[{"href":"https:\/\/www.invarena.cz\/index.php?rest_route=\/wp\/v2\/types\/post"}],"author":[{"embeddable":true,"href":"https:\/\/www.invarena.cz\/index.php?rest_route=\/wp\/v2\/users\/1"}],"replies":[{"embeddable":true,"href":"https:\/\/www.invarena.cz\/index.php?rest_route=%2Fwp%2Fv2%2Fcomments&post=19766"}],"version-history":[{"count":0,"href":"https:\/\/www.invarena.cz\/index.php?rest_route=\/wp\/v2\/posts\/19766\/revisions"}],"wp:featuredmedia":[{"embeddable":true,"href":"https:\/\/www.invarena.cz\/index.php?rest_route=\/wp\/v2\/media\/18791"}],"wp:attachment":[{"href":"https:\/\/www.invarena.cz\/index.php?rest_route=%2Fwp%2Fv2%2Fmedia&parent=19766"}],"wp:term":[{"taxonomy":"category","embeddable":true,"href":"https:\/\/www.invarena.cz\/index.php?rest_route=%2Fwp%2Fv2%2Fcategories&post=19766"},{"taxonomy":"post_tag","embeddable":true,"href":"https:\/\/www.invarena.cz\/index.php?rest_route=%2Fwp%2Fv2%2Ftags&post=19766"}],"curies":[{"name":"wp","href":"https:\/\/api.w.org\/{rel}","templated":true}]}}