{"id":19782,"date":"2015-02-06T07:04:34","date_gmt":"2015-02-06T06:04:34","guid":{"rendered":"http:\/\/www.invarena.cz\/?p=19782"},"modified":"2015-02-06T07:04:34","modified_gmt":"2015-02-06T06:04:34","slug":"v-nemocnici-v-brne-nasli-3-muze-z-problemove-ubytovny-v-prerove","status":"publish","type":"post","link":"https:\/\/www.invarena.cz\/?p=19782","title":{"rendered":"V nemocnici v Brn\u011b na\u0161li 3 mu\u017ee z probl\u00e9mov\u00e9 ubytovny v P\u0159erov\u011b"},"content":{"rendered":"<p><strong>T\u0159i ment\u00e1ln\u011b posti\u017een\u00e9 mu\u017ee, kte\u0159\u00ed z\u0159ejm\u011b poch\u00e1zej\u00ed ze zanedban\u00e9 ubytovny pro nemocn\u00e9 v P\u0159erov\u011b, n\u011bkdo ve st\u0159edu zanechal sv\u00e9mu osudu na chodb\u011b <a class=\"hit\" href=\"https:\/\/ib.ctk.cz\/Infobanka\/vysl\/zprav\/zprav_d.asp?LogQueryID=34276121&amp;radek=2&amp;skupina=aktu&amp;celkz=20&amp;prvni=1&amp;zalozka=3#hit3\" name=\"hit2\">Nemocnice<\/a> Milosrdn\u00fdch brat\u0159\u00ed v Brn\u011b. Provozovatel p\u0159erovsk\u00e9 ubytovny Pavel Mirga odm\u00edtl, \u017ee by sv\u00e9 klienty do <a class=\"hit\" href=\"https:\/\/ib.ctk.cz\/Infobanka\/vysl\/zprav\/zprav_d.asp?LogQueryID=34276121&amp;radek=2&amp;skupina=aktu&amp;celkz=20&amp;prvni=1&amp;zalozka=3#hit4\" name=\"hit3\">nemocnice<\/a> odvezl a odlo\u017eil je tam.<\/strong><!--more--><\/p>\n<p>&nbsp;<\/p>\n<p>ilustra\u010dn\u00ed foto: Flickr.com<\/p>\n<p>Veden\u00ed <a class=\"hit\" href=\"https:\/\/ib.ctk.cz\/Infobanka\/vysl\/zprav\/zprav_d.asp?LogQueryID=34276121&amp;radek=2&amp;skupina=aktu&amp;celkz=20&amp;prvni=1&amp;zalozka=3#hit5\" name=\"hit4\"><strong>nemocnice<\/strong><\/a> ale tvrd\u00ed, \u017ee mu\u017ei podle doklad\u016f poch\u00e1zej\u00ed z p\u0159erovsk\u00e9 ubytovny, do n\u00ed\u017e byly svezeny des\u00edtky lid\u00ed z n\u011bkolika l\u00e9\u010deben dlouhodob\u011b nemocn\u00fdch a kter\u00e1 bude do konce \u00fanora zav\u0159ena. Radnice v P\u0159erov\u011b i hejtmanstv\u00ed \u0159e\u0161\u00ed, jak bude o nemocn\u00e9 lidi z ubytovny v Dluhonsk\u00e9 ulici postar\u00e1no.<br \/>\nT\u0159i z n\u011bkdej\u0161\u00edch klient\u016f z P\u0159erova na\u0161li ve st\u0159edu dopoledne pracovn\u00edci <a class=\"hit\" href=\"https:\/\/ib.ctk.cz\/Infobanka\/vysl\/zprav\/zprav_d.asp?LogQueryID=34276121&amp;radek=2&amp;skupina=aktu&amp;celkz=20&amp;prvni=1&amp;zalozka=3#hit6\" name=\"hit5\"><strong>Nemocnice<\/strong><\/a> Milosrdn\u00fdch brat\u0159\u00ed v Brn\u011b ve vstupn\u00ed \u010d\u00e1sti. &#8222;\u0160lo o t\u0159i star\u0161\u00ed ment\u00e1ln\u011b posti\u017een\u00e9 mu\u017ee. Sed\u011bli tam patrn\u011b del\u0161\u00ed \u010das, v civiln\u00edm oble\u010den\u00ed. Byli vyhladov\u011bl\u00ed a \u017e\u00edzniv\u00ed. Nebyli schopni komunikace, ale z jejich l\u00e9ka\u0159sk\u00fdch doklad\u016f, kter\u00e9 m\u011bli u sebe, vypl\u00fdv\u00e1, \u017ee byli z p\u0159erovsk\u00e9ho za\u0159\u00edzen\u00ed. Nikdo n\u00e1m je ofici\u00e1ln\u011b nep\u0159edal. Zbavit se takto klient\u016f je nelidsk\u00e9 a neseri\u00f3zn\u00ed,&#8220; \u0159ekla dnes \u010cTK n\u00e1m\u011bstkyn\u011b \u0159editele pro o\u0161et\u0159ovatelskou p\u00e9\u010di Marta Ond\u0159\u00edkov\u00e1.<br \/>\n<a class=\"hit\" href=\"https:\/\/ib.ctk.cz\/Infobanka\/vysl\/zprav\/zprav_d.asp?LogQueryID=34276121&amp;radek=2&amp;skupina=aktu&amp;celkz=20&amp;prvni=1&amp;zalozka=3#hit7\" name=\"hit6\"><strong>Nemocnice<\/strong><\/a> o klientech informovala brn\u011bnsk\u00fd magistr\u00e1t. V\u0161ichni t\u0159i jsou k trval\u00e9mu pobytu hl\u00e1\u0161eni v Brn\u011b. Magistr\u00e1t poslal na m\u00edsto sv\u00e9 soci\u00e1ln\u00ed pracovn\u00edky, kte\u0159\u00ed si trojici p\u0159evzali a p\u0159evezli je do pe\u010dovatelsk\u00e9ho za\u0159\u00edzen\u00ed pro ment\u00e1ln\u011b posti\u017een\u00e9 ve m\u011bst\u011b. Mirga dnes \u010cTK \u0159ekl, \u017ee trojici mu\u017e\u016f do Brna neodvezl a netu\u0161\u00ed, zda jde o klienty jeho ubytovny v Dluhonsk\u00e9 ulici. &#8222;N\u011bkte\u0159\u00ed klienti od n\u00e1s u\u017e ode\u0161li, n\u011bkte\u0159\u00ed tady z\u016fstali a \u0159e\u0161\u00edme to s \u00fa\u0159edn\u00edky,&#8220; uvedl pouze.<br \/>\nMluv\u010d\u00ed p\u0159erovsk\u00e9 radnice Lenka Chalupov\u00e1 ve st\u0159edu \u010cTK \u0159ekla, \u017ee Mirga v \u00fater\u00fd ozn\u00e1mil, \u017ee 28. \u00fanora zav\u0159e \u010d\u00e1st ubytovny, ve kter\u00e9 \u017eij\u00ed zdravotn\u011b posti\u017een\u00ed. &#8222;Celkem jde o 34 lid\u00ed, z toho jen t\u0159i jsou z P\u0159erovska. Z\u00e1stupci m\u011bsta se probl\u00e9mem zab\u00fdvaj\u00ed,&#8220; uvedla. Mirga pr\u00fd ukon\u010den\u00edm provozu reagoval na to, \u017ee s n\u00edm olomouck\u00fd krajsk\u00fd \u00fa\u0159ad zah\u00e1jil spr\u00e1vn\u00ed \u0159\u00edzen\u00ed za neopr\u00e1vn\u011bn\u00e9 poskytov\u00e1n\u00ed soci\u00e1ln\u00edch slu\u017eeb. Podle \u00fa\u0159edn\u00edk\u016f zat\u00edm nen\u00ed o osudu lid\u00ed z ubytovny rozhodnuto. &#8222;P\u0159\u00ed\u0161t\u00ed t\u00fdden by m\u011blo b\u00fdt jasn\u011bji. \u00da\u0159edn\u00edci ze soci\u00e1ln\u00edho odboru p\u0159edlo\u017e\u00ed n\u00e1vrhy \u0159e\u0161en\u00ed,&#8220; dodala Chalupov\u00e1.<br \/>\nPodle informac\u00ed \u010cTK obyvatel\u00e9 &#8222;lazaretu&#8220; plat\u00ed m\u011bs\u00ed\u010dn\u011b za ubytov\u00e1n\u00ed 7000 korun, dal\u0161\u00edch 3500 korun je stoj\u00ed strava. Jde o cenu na osobu bez ohledu na to, kolik lid\u00ed je na pokoji ubytov\u00e1no. Na jednom pokoji \u017eije a\u017e p\u011bt lid\u00ed. V cel\u00e9 ubytovn\u011b v Dluhonsk\u00e9 ulici bylo na konci ledna ubytov\u00e1no 88 lid\u00ed, zdravotn\u011b posti\u017een\u00fdch je jich t\u00e9m\u011b\u0159 polovina.<\/p>\n","protected":false},"excerpt":{"rendered":"<div class=\"mh-excerpt\"><p>T\u0159i ment\u00e1ln\u011b posti\u017een\u00e9 mu\u017ee, kte\u0159\u00ed z\u0159ejm\u011b poch\u00e1zej\u00ed ze zanedban\u00e9 ubytovny pro nemocn\u00e9 v P\u0159erov\u011b, n\u011bkdo ve st\u0159edu zanechal sv\u00e9mu osudu na chodb\u011b Nemocnice Milosrdn\u00fdch brat\u0159\u00ed <a class=\"mh-excerpt-more\" href=\"https:\/\/www.invarena.cz\/?p=19782\" title=\"V nemocnici v Brn\u011b na\u0161li 3 mu\u017ee z probl\u00e9mov\u00e9 ubytovny v P\u0159erov\u011b\">[&#8230;]<\/a><\/p>\n<\/div>","protected":false},"author":1,"featured_media":18804,"comment_status":"open","ping_status":"closed","sticky":false,"template":"","format":"standard","meta":{"footnotes":""},"categories":[9],"tags":[],"class_list":["post-19782","post","type-post","status-publish","format-standard","has-post-thumbnail","hentry","category-zpravy"],"_links":{"self":[{"href":"https:\/\/www.invarena.cz\/index.php?rest_route=\/wp\/v2\/posts\/19782","targetHints":{"allow":["GET"]}}],"collection":[{"href":"https:\/\/www.invarena.cz\/index.php?rest_route=\/wp\/v2\/posts"}],"about":[{"href":"https:\/\/www.invarena.cz\/index.php?rest_route=\/wp\/v2\/types\/post"}],"author":[{"embeddable":true,"href":"https:\/\/www.invarena.cz\/index.php?rest_route=\/wp\/v2\/users\/1"}],"replies":[{"embeddable":true,"href":"https:\/\/www.invarena.cz\/index.php?rest_route=%2Fwp%2Fv2%2Fcomments&post=19782"}],"version-history":[{"count":0,"href":"https:\/\/www.invarena.cz\/index.php?rest_route=\/wp\/v2\/posts\/19782\/revisions"}],"wp:featuredmedia":[{"embeddable":true,"href":"https:\/\/www.invarena.cz\/index.php?rest_route=\/wp\/v2\/media\/18804"}],"wp:attachment":[{"href":"https:\/\/www.invarena.cz\/index.php?rest_route=%2Fwp%2Fv2%2Fmedia&parent=19782"}],"wp:term":[{"taxonomy":"category","embeddable":true,"href":"https:\/\/www.invarena.cz\/index.php?rest_route=%2Fwp%2Fv2%2Fcategories&post=19782"},{"taxonomy":"post_tag","embeddable":true,"href":"https:\/\/www.invarena.cz\/index.php?rest_route=%2Fwp%2Fv2%2Ftags&post=19782"}],"curies":[{"name":"wp","href":"https:\/\/api.w.org\/{rel}","templated":true}]}}