{"id":19794,"date":"2015-02-07T10:14:57","date_gmt":"2015-02-07T09:14:57","guid":{"rendered":"http:\/\/www.invarena.cz\/?p=19794"},"modified":"2015-02-10T10:22:05","modified_gmt":"2015-02-10T09:22:05","slug":"vozickar-co-objel-cely-svet-se-podeli-s-navstevniky","status":"publish","type":"post","link":"https:\/\/www.invarena.cz\/?p=19794","title":{"rendered":"Voz\u00ed\u010dk\u00e1\u0159, co objel cel\u00fd sv\u011bt, se pod\u011bl\u00ed s n\u00e1v\u0161t\u011bvn\u00edky"},"content":{"rendered":"<p><strong>Cestopisnou besedou si m\u016f\u017eete zp\u0159\u00edjemnit den tak\u00e9 v Mokr\u00e9m. 14. \u00fanora tu toti\u017e bude zah\u00e1jena v 15 hodin ve Spole\u010densk\u00e9m klubu beseda na t\u00e9ma Island a Gr\u00f3nsko. <\/strong><!--more--><\/p>\n<p>V ten sam\u00fd den m\u016f\u017eete od 18 hodin tuto cestopisnou p\u0159edn\u00e1\u0161ku zhl\u00e9dnout tak\u00e9 v Poho\u0159\u00ed v pohostinstv\u00edUJedni\u010dky.<\/p>\n<p>Besedy po\u0159\u00e1d\u00e1 rodina M\u00e1rova, kter\u00e1 se sv\u00fdm synem Jirkou M\u00e1rou cestuje po cel\u00e9m sv\u011bt\u011b.<\/p>\n<p>Jirka se stal prvn\u00edm \u010desk\u00fdm voz\u00ed\u010dk\u00e1\u0159em, kter\u00fd procestoval nejvzd\u00e1len\u011bj\u0161\u00ed zemi na sv\u011bt\u011b \u2013 Nov\u00fd Z\u00e9land. Studoval tak\u00e9 \u0161pan\u011bl\u0161tinu v Ekv\u00e1doru a vyzkou\u0161el si, jak se \u017eije v Amazonsk\u00e9 d\u017eungli a na tajupln\u00fdch Galap\u00e1g\u00e1ch. Na t\u0159et\u00ed expedici procestoval Japonsko. N\u00e1sledovala cesta na Island a do Gr\u00f3nska. Po cest\u011b do Afriky se stal Ji\u0159\u00ed M\u00e1ra prvn\u00edm \u010desk\u00fdm voz\u00ed\u010dk\u00e1\u0159em, kter\u00fd nav\u0161t\u00edvil v\u0161echny obydlen\u00e9 sv\u011btad\u00edly. Byl zaps\u00e1n i do \u010cesk\u00e9 knihy rekord\u016f.<\/p>\n<p>Dle slov rodiny necestuj\u00ed kv\u016fli sl\u00e1v\u011b, ale cht\u011bj\u00ed ostatn\u00edm dok\u00e1zat, \u017ee zdravotn\u00edm hendikepem \u017eivot nekon\u010d\u00ed, a motivovat tak ostatn\u00ed voz\u00ed\u010dk\u00e1\u0159e .<br \/>\nBesedu na t\u00e9ma Ekv\u00e1dor a Galap\u00e1gy u\u017e mohli v\u010dera zhl\u00e9dnout tak\u00e9 obyvatel\u00e9 Vamberka.<\/p>\n<p>http:\/\/rychnovsky.denik.cz\/<\/p>\n","protected":false},"excerpt":{"rendered":"<div class=\"mh-excerpt\"><p>Cestopisnou besedou si m\u016f\u017eete zp\u0159\u00edjemnit den tak\u00e9 v Mokr\u00e9m. 14. \u00fanora tu toti\u017e bude zah\u00e1jena v 15 hodin ve Spole\u010densk\u00e9m klubu beseda na t\u00e9ma Island <a class=\"mh-excerpt-more\" href=\"https:\/\/www.invarena.cz\/?p=19794\" title=\"Voz\u00ed\u010dk\u00e1\u0159, co objel cel\u00fd sv\u011bt, se pod\u011bl\u00ed s n\u00e1v\u0161t\u011bvn\u00edky\">[&#8230;]<\/a><\/p>\n<\/div>","protected":false},"author":1,"featured_media":0,"comment_status":"open","ping_status":"closed","sticky":false,"template":"","format":"standard","meta":{"footnotes":""},"categories":[9],"tags":[],"class_list":["post-19794","post","type-post","status-publish","format-standard","hentry","category-zpravy"],"_links":{"self":[{"href":"https:\/\/www.invarena.cz\/index.php?rest_route=\/wp\/v2\/posts\/19794","targetHints":{"allow":["GET"]}}],"collection":[{"href":"https:\/\/www.invarena.cz\/index.php?rest_route=\/wp\/v2\/posts"}],"about":[{"href":"https:\/\/www.invarena.cz\/index.php?rest_route=\/wp\/v2\/types\/post"}],"author":[{"embeddable":true,"href":"https:\/\/www.invarena.cz\/index.php?rest_route=\/wp\/v2\/users\/1"}],"replies":[{"embeddable":true,"href":"https:\/\/www.invarena.cz\/index.php?rest_route=%2Fwp%2Fv2%2Fcomments&post=19794"}],"version-history":[{"count":0,"href":"https:\/\/www.invarena.cz\/index.php?rest_route=\/wp\/v2\/posts\/19794\/revisions"}],"wp:attachment":[{"href":"https:\/\/www.invarena.cz\/index.php?rest_route=%2Fwp%2Fv2%2Fmedia&parent=19794"}],"wp:term":[{"taxonomy":"category","embeddable":true,"href":"https:\/\/www.invarena.cz\/index.php?rest_route=%2Fwp%2Fv2%2Fcategories&post=19794"},{"taxonomy":"post_tag","embeddable":true,"href":"https:\/\/www.invarena.cz\/index.php?rest_route=%2Fwp%2Fv2%2Ftags&post=19794"}],"curies":[{"name":"wp","href":"https:\/\/api.w.org\/{rel}","templated":true}]}}