{"id":19808,"date":"2015-02-08T12:16:55","date_gmt":"2015-02-08T11:16:55","guid":{"rendered":"http:\/\/www.invarena.cz\/?p=19808"},"modified":"2015-02-08T12:16:55","modified_gmt":"2015-02-08T11:16:55","slug":"vozickari-a-telesne-handicapovani-budou-mit-bezpecny-vstup-do-machova-jezera","status":"publish","type":"post","link":"https:\/\/www.invarena.cz\/?p=19808","title":{"rendered":"Voz\u00ed\u010dk\u00e1\u0159i a t\u011blesn\u011b handicapovan\u00ed budou m\u00edt bezpe\u010dn\u00fd vstup do M\u00e1chova jezera"},"content":{"rendered":"<p><strong>T\u011blesn\u011b handicapovan\u00ed se do\u010dkaj\u00ed bezpe\u010dn\u00e9ho vstupu do vod M\u00e1chova jezera na \u010ceskolipsku. V Doksech p\u0159ipravuj\u00ed l\u00e1vku nejen pro <span class=\"highlight\">voz\u00ed\u010dk\u00e1\u0159e<\/span>. Do vody se d\u00edky n\u00ed snadn\u011bji dostanou i senio\u0159i.<\/strong> <!--more--> <em><strong>\u010cesk\u00fd rozhlas<\/strong><\/em><\/p>\n<p>v d\u00edln\u011b, kter\u00e1 pat\u0159\u00ed spole\u010dnosti, kter\u00e1 provozuje nejen lodn\u00ed dopravu, ale star\u00e1 se i o hlavn\u00ed pl\u00e1\u017e, se p\u0159ipravuje vstup do vody pro handicapovan\u00e9 lidi.<\/p>\n<p>Vladim\u00edr REICHERT, \u0159editel spole\u010dnosti Regata M\u00e1chovo jezero:<br \/>\nP\u0159edpokl\u00e1d\u00e1m, \u017ee handicapovan\u00fd jsou i t\u0159eba v\u011bkem n\u011bkte\u0159\u00ed ob\u010dani, kter\u00fdm se \u0161patn\u011b chod\u00ed p\u0159es p\u00edsek a pot\u0159ebujou i z\u00e1bradl\u00ed, aby se dostali do vody. Tak\u017ee to jim umo\u017en\u00ed molo a \u010distou nohou se dostane zase z vody a nebude chodit p\u0159es pl\u00e1\u017e, p\u0159es p\u00edsek.<\/p>\n<p>Vysv\u011btluje \u0159editel spole\u010dnosti Regata M\u00e1chovo jezero Vladim\u00edr Reichert. T\u00edm, \u017ee to je vlastn\u011b na v\u00fd\u0161ku postaven\u00e1, tak to vypad\u00e1 jak klec. Jak dlouh\u00e9 bude v\u016fbec to molo, ten vstup?<\/p>\n<p>REICHERT,:<br \/>\nVstup do t\u00fd vody bude 8 metr\u016f dlouh\u00fd, ukon\u010den\u00fd to bude podestou 3&#215;3 metry, kter\u00e1 bude, p\u0159edpokl\u00e1d\u00e1me, 10 centimetr\u016f pod hladinou jezera.<br \/>\n<span class=\"highlight\">Voz\u00ed\u010dk\u00e1\u0159i<\/span> sjedou podle z\u00e1bradl\u00ed na podestu. Ta bude v rovin\u011b, tak\u017ee ten vozejk si tam jenom zajist\u00ed a z toho voz\u00edku vystoup\u00ed rovnou do vody. P\u0159edpokl\u00e1d\u00e1me, \u017ee na kraji t\u00fd podesty, \u017ee by mohlo b\u00fdt tak p\u016fl metru na dno jezera.<\/p>\n<p>Ji\u0159\u00ed T\u00c1ZLER, :<br \/>\nje\u0161t\u011b tam mus\u00edme d\u00e1t podl\u00e1\u017eky, kter\u00fd jsou ud\u011blan\u00fd z plast\u016f, te\u010f ty konstrukce m\u00e1me, je to polotovar, pot\u0159ebujou je\u0161t\u011b obrousit, pak se daj\u00ed do l\u00e1zn\u011b v zinkovn\u011b. To cel\u00fd se pozinkuje, tak\u017ee by to nem\u011blo reznout a m\u011blo by to vydr\u017eet n\u011bjakej \u010das.<\/p>\n<p><strong>\u00a0pro\u010d bude na konci hlavn\u00ed pl\u00e1\u017ee?<\/strong><\/p>\n<p>REICHERT,<br \/>\nPr\u00e1v\u011b proto, \u017ee v t\u011bsn\u00fd bl\u00edzkosti m\u00e1me toalety pro <span class=\"highlight\">voz\u00ed\u010dk\u00e1\u0159e<\/span> a z\u00e1rove\u0148 i \u0161atnu, kde se m\u016f\u017eou p\u0159evl\u00edknout.<\/p>\n<p><strong>Bude tady prob\u00edhat n\u011bjak\u00e1 je\u0161t\u011b ter\u00e9nn\u00ed \u00faprava?<\/strong><\/p>\n<p>REICHERT,:<br \/>\nAno, m\u00e1me pozvanej stroj se l\u017e\u00edc\u00ed, kter\u00fd n\u00e1m uprav\u00ed p\u00edskov\u00fd podlo\u017e\u00ed, jenom abysme m\u011bli rovn\u00fd ter\u00e9n pro ty handicapovan\u00fd, kdy\u017e budou vystupovat z l\u00e1vky a rozhodnou se j\u00edt d\u00e1l do jezera.<\/p>\n<p><strong>Bude t\u0159eba tady na hlavn\u00ed pl\u00e1\u017ei slu\u017eba, kter\u00e1 by t\u011bm handicapovan\u00fdm pomohla?<\/strong><\/p>\n<p>REICHERT,:<br \/>\nUr\u010dit\u011b, budou m\u00edt i telefonn\u00ed \u010d\u00edslo na t\u00fd l\u00e1vce, kde na zavol\u00e1n\u00ed p\u0159ijde zdravotn\u00edk jim pomoct, co budou pot\u0159ebovat, bu\u010f je sv\u00e9zt do t\u00fd vody nebo jim pomoct z vody ven.<\/p>\n<p>L\u00e1vka, kter\u00e1 umo\u017en\u00ed handicapovan\u00fdm vstup do vody, by m\u011bla b\u00fdt hotov\u00e1 v dubnu p\u0159ed za\u010d\u00e1tkem sezony.<\/p>\n","protected":false},"excerpt":{"rendered":"<div class=\"mh-excerpt\"><p>T\u011blesn\u011b handicapovan\u00ed se do\u010dkaj\u00ed bezpe\u010dn\u00e9ho vstupu do vod M\u00e1chova jezera na \u010ceskolipsku. V Doksech p\u0159ipravuj\u00ed l\u00e1vku nejen pro voz\u00ed\u010dk\u00e1\u0159e. Do vody se d\u00edky n\u00ed snadn\u011bji <a class=\"mh-excerpt-more\" href=\"https:\/\/www.invarena.cz\/?p=19808\" title=\"Voz\u00ed\u010dk\u00e1\u0159i a t\u011blesn\u011b handicapovan\u00ed budou m\u00edt bezpe\u010dn\u00fd vstup do M\u00e1chova jezera\">[&#8230;]<\/a><\/p>\n<\/div>","protected":false},"author":1,"featured_media":8330,"comment_status":"open","ping_status":"closed","sticky":false,"template":"","format":"standard","meta":{"footnotes":""},"categories":[7],"tags":[],"class_list":["post-19808","post","type-post","status-publish","format-standard","has-post-thumbnail","hentry","category-spolecnost"],"_links":{"self":[{"href":"https:\/\/www.invarena.cz\/index.php?rest_route=\/wp\/v2\/posts\/19808","targetHints":{"allow":["GET"]}}],"collection":[{"href":"https:\/\/www.invarena.cz\/index.php?rest_route=\/wp\/v2\/posts"}],"about":[{"href":"https:\/\/www.invarena.cz\/index.php?rest_route=\/wp\/v2\/types\/post"}],"author":[{"embeddable":true,"href":"https:\/\/www.invarena.cz\/index.php?rest_route=\/wp\/v2\/users\/1"}],"replies":[{"embeddable":true,"href":"https:\/\/www.invarena.cz\/index.php?rest_route=%2Fwp%2Fv2%2Fcomments&post=19808"}],"version-history":[{"count":0,"href":"https:\/\/www.invarena.cz\/index.php?rest_route=\/wp\/v2\/posts\/19808\/revisions"}],"wp:featuredmedia":[{"embeddable":true,"href":"https:\/\/www.invarena.cz\/index.php?rest_route=\/wp\/v2\/media\/8330"}],"wp:attachment":[{"href":"https:\/\/www.invarena.cz\/index.php?rest_route=%2Fwp%2Fv2%2Fmedia&parent=19808"}],"wp:term":[{"taxonomy":"category","embeddable":true,"href":"https:\/\/www.invarena.cz\/index.php?rest_route=%2Fwp%2Fv2%2Fcategories&post=19808"},{"taxonomy":"post_tag","embeddable":true,"href":"https:\/\/www.invarena.cz\/index.php?rest_route=%2Fwp%2Fv2%2Ftags&post=19808"}],"curies":[{"name":"wp","href":"https:\/\/api.w.org\/{rel}","templated":true}]}}