{"id":19809,"date":"2015-02-08T12:20:35","date_gmt":"2015-02-08T11:20:35","guid":{"rendered":"http:\/\/www.invarena.cz\/?p=19809"},"modified":"2015-02-08T12:20:42","modified_gmt":"2015-02-08T11:20:42","slug":"ubytovna-pana-mirgy-konci","status":"publish","type":"post","link":"https:\/\/www.invarena.cz\/?p=19809","title":{"rendered":"Ubytovna pana Mirgy kon\u010d\u00ed"},"content":{"rendered":"<p><strong>Podivn\u00e9 pokra\u010dov\u00e1n\u00ed skand\u00e1lu kolem p\u0159erovsk\u00e9 ubytovny Pavla Mirgy, kde bydl\u00ed v\u00e1\u017en\u011b <span class=\"highlight\">zdravotn\u011b<\/span> <span class=\"highlight\">posti\u017een\u00ed<\/span>. Mirga prohl\u00e1sil, \u017ee ubytovna na konci \u00fanora kon\u010d\u00ed.<\/strong> <!--more--><br \/>\n<strong><em>Prima FTV<\/em><\/strong><\/p>\n<p>ilustra\u010dn\u00ed foto: PhotoRack<\/p>\n<p>T\u0159i z ment\u00e1ln\u011b <span class=\"highlight\">posti\u017een\u00fdch<\/span> obyvatel se pak z\u00e1hadn\u011b objevili v brn\u011bnsk\u00e9 Nemocnici Milosrdn\u00fdch brat\u0159\u00ed. Dnes nav\u00edc podnikatel p\u0159estal poskytovat ubytovan\u00fdm j\u00eddlo.<\/p>\n<p>T\u0159i podivn\u011b se chovaj\u00edc\u00ed ment\u00e1ln\u011b <span class=\"highlight\">posti\u017een\u00e9<\/span> mu\u017ee objevili na chodb\u011b nemocnice jej\u00ed zam\u011bstnanci ve st\u0159edu. U\u017e od za\u010d\u00e1tku bylo pr\u00fd jasn\u00e9, \u017ee je sem n\u011bkdo musel dov\u00e9zt.<\/p>\n<p>Vladim\u00edr LUDKA, Nemocnice Milosrdn\u00fdch brat\u0159\u00ed Brno: P\u016fsobili zmaten\u011b, p\u016fsobili nerv\u00f3zn\u011b, nebyli orientov\u00e1ni, kde jsou a co se s nimi d\u011bje. J\u00e1 to toto jedn\u00e1n\u00ed hodnot\u00edm jako velice z\u00e1va\u017en\u00e9.<\/p>\n<p>O nemohouc\u00ed mu\u017ee se musely postarat brn\u011bnsk\u00e9 \u00fa\u0159ady. Podnikatel Mirga, v jeho\u017e ubytovn\u011b trojice bydlela, tvrd\u00ed, \u017ee on s\u00e1m nem\u00e1 se z\u00e1hadn\u00fdm transportem nic spole\u010dn\u00e9ho.<\/p>\n<p>Pavel MIRGA, provozovatel ubytovny: Jestli opravdu byli vysazen\u00e9 v Nemocnici Milosrdn\u00fdch bratr\u016f, tak touto cestou se omlouv\u00e1m.<\/p>\n<p>Tak\u017ee vy nev\u00edte, jak se tam dostali?<\/p>\n<p>MIRGA:<br \/>\nTe\u010f v\u00e1m \u0159\u00edk\u00e1m, \u017ee ne.<\/p>\n<p>O \u017eivnost Pavla Mirgy se u\u017e del\u0161\u00ed dobu zaj\u00edm\u00e1 olomouck\u00fd krajsk\u00fd \u00fa\u0159ad, podle kter\u00e9ho podnikateli hroz\u00ed vysok\u00e1 pokuta.<\/p>\n<p>Kamila NAVR\u00c1TILOV\u00c1, mluv\u010d\u00ed K\u00da Olomouc:\u00a0\u00a0 M\u00e1me podez\u0159en\u00ed, \u017ee v ubytovn\u011b doch\u00e1zelo k poskytov\u00e1n\u00ed soci\u00e1ln\u00edch slu\u017eeb bez pat\u0159i\u010dn\u00e9ho opr\u00e1vn\u011bn\u00ed. Pokud se to prok\u00e1\u017ee, tak provozovateli ubytovny m\u016f\u017ee b\u00fdt ud\u011blena pokuta a\u017e do v\u00fd\u0161e 1 milionu korun.<\/p>\n<p>V reakci na toto prohl\u00e1\u0161en\u00ed podnikatel ozn\u00e1mil, \u017ee ubytovnu zav\u00edr\u00e1. T\u00edm ale p\u0159id\u011blal starosti p\u0159erovsk\u00e9 radnici, kter\u00e1 se o <span class=\"highlight\">posti\u017een\u00e9<\/span> mus\u00ed postarat.<\/p>\n<p>MIRGA,: Kdy\u017e u\u017e je kolem toho takov\u00fd ten chaos, tak u\u017e a\u0165 je to ukon\u010deno.<\/p>\n<p>Lenka CHALUPOV\u00c1, mluv\u010d\u00ed p\u0159erovsk\u00e9 radnice: Soci\u00e1ln\u00ed pracovn\u00edci kontaktuj\u00ed p\u0159\u00edslu\u0161n\u00e9 \u00fa\u0159ady z obc\u00ed a m\u011bst, kde tito lid\u00e9 bydl\u00ed, aby jim zajistili n\u011bjak\u00e9 ubytov\u00e1n\u00ed. Pan Mirga n\u00e1m ozn\u00e1mil, \u017ee od \u00fanora nebude t\u011bmto lidem poskytovat ani jin\u00e9 slu\u017eby, nap\u0159\u00edklad j\u00eddlo. Tak\u017ee dnes sponzor, jeden z p\u0159erovsk\u00fdch market\u016f, jim p\u0159ivezl potraviny.<\/p>\n<p>Osud p\u0159ibli\u017en\u011b t\u0159\u00ed des\u00edtek klient\u016f tohoto neobvykl\u00e9ho ubytovac\u00edho za\u0159\u00edzen\u00ed je ka\u017edop\u00e1dn\u011b nejasn\u00fd.<\/p>\n","protected":false},"excerpt":{"rendered":"<div class=\"mh-excerpt\"><p>Podivn\u00e9 pokra\u010dov\u00e1n\u00ed skand\u00e1lu kolem p\u0159erovsk\u00e9 ubytovny Pavla Mirgy, kde bydl\u00ed v\u00e1\u017en\u011b zdravotn\u011b posti\u017een\u00ed. Mirga prohl\u00e1sil, \u017ee ubytovna na konci \u00fanora kon\u010d\u00ed.<\/p>\n<\/div>","protected":false},"author":1,"featured_media":14575,"comment_status":"open","ping_status":"closed","sticky":false,"template":"","format":"standard","meta":{"footnotes":""},"categories":[7],"tags":[],"class_list":["post-19809","post","type-post","status-publish","format-standard","has-post-thumbnail","hentry","category-spolecnost"],"_links":{"self":[{"href":"https:\/\/www.invarena.cz\/index.php?rest_route=\/wp\/v2\/posts\/19809","targetHints":{"allow":["GET"]}}],"collection":[{"href":"https:\/\/www.invarena.cz\/index.php?rest_route=\/wp\/v2\/posts"}],"about":[{"href":"https:\/\/www.invarena.cz\/index.php?rest_route=\/wp\/v2\/types\/post"}],"author":[{"embeddable":true,"href":"https:\/\/www.invarena.cz\/index.php?rest_route=\/wp\/v2\/users\/1"}],"replies":[{"embeddable":true,"href":"https:\/\/www.invarena.cz\/index.php?rest_route=%2Fwp%2Fv2%2Fcomments&post=19809"}],"version-history":[{"count":0,"href":"https:\/\/www.invarena.cz\/index.php?rest_route=\/wp\/v2\/posts\/19809\/revisions"}],"wp:featuredmedia":[{"embeddable":true,"href":"https:\/\/www.invarena.cz\/index.php?rest_route=\/wp\/v2\/media\/14575"}],"wp:attachment":[{"href":"https:\/\/www.invarena.cz\/index.php?rest_route=%2Fwp%2Fv2%2Fmedia&parent=19809"}],"wp:term":[{"taxonomy":"category","embeddable":true,"href":"https:\/\/www.invarena.cz\/index.php?rest_route=%2Fwp%2Fv2%2Fcategories&post=19809"},{"taxonomy":"post_tag","embeddable":true,"href":"https:\/\/www.invarena.cz\/index.php?rest_route=%2Fwp%2Fv2%2Ftags&post=19809"}],"curies":[{"name":"wp","href":"https:\/\/api.w.org\/{rel}","templated":true}]}}