{"id":19821,"date":"2015-02-09T13:03:33","date_gmt":"2015-02-09T12:03:33","guid":{"rendered":"http:\/\/www.invarena.cz\/?p=19821"},"modified":"2015-02-09T13:48:17","modified_gmt":"2015-02-09T12:48:17","slug":"akce-rozsvitme-usti-pro-deti-ziskala-178-tisic","status":"publish","type":"post","link":"https:\/\/www.invarena.cz\/?p=19821","title":{"rendered":"Akce Rozsvi\u0165me \u00dast\u00ed pro d\u011bti z\u00edskala 178 tis\u00edc"},"content":{"rendered":"<p><strong>Pomohlo vypou\u0161t\u011bn\u00ed lampion\u016f. Pen\u00edze organiz\u00e1to\u0159i rozd\u011blili mezi t\u0159i nemocn\u00e9 d\u011bti.V\u00fdt\u011b\u017eek z charitativn\u00ed akce Rozsvi\u0165me \u00dast\u00ed, kterou ji\u017e po \u0161est\u00e9 uspo\u0159\u00e1dala spole\u010dnost Attigente Group, \u010din\u00ed celkem 176 577 korun.<\/strong><!--more--><\/p>\n<p>\u00dast\u00ed nad Labem \u2013 &#8222;\u010c\u00e1stku jsme zaokrouhlili na 178 000 K\u010d, aby se l\u00e9pe p\u0159ed\u00e1vala a minul\u00fd t\u00fdden jsme pen\u00edze odevzdali,&#8220; uvedl \u0159editel spole\u010dnosti Mat\u011bj Pro\u0161ek.<\/p>\n<p>Rodi\u010de Terezky dostali 39 000 korun, z vybran\u00fdch pen\u011bz byl pro ni hned objedn\u00e1n tablet, kter\u00fd j\u00ed pom\u016f\u017ee k rozvoji a tak\u00e9 si byla vybrat nov\u00e9 naslouchadlo.<\/p>\n<p>Maminka osmilet\u00e9 Eli\u0161ky dostala \u0161ek na 100 000 korun. V\u00e1\u017en\u011b posti\u017een\u00e1 hol\u010di\u010dka pot\u0159ebuje speci\u00e1ln\u00ed rehabilita\u010dn\u00ed pom\u016fcky v\u010detn\u011b voz\u00edku, speci\u00e1ln\u00ed oto\u010dn\u00e9 autoseda\u010dky a bezbari\u00e9rovou koupelnu.<\/p>\n<p>Sedmn\u00e1ctilet\u00e9mu Luk\u00e1\u0161ovi spole\u010dnost zaslala do Hradce Kr\u00e1lov\u00e9 tak\u00e9 39 000 korun. Vyu\u017eije je na po\u0159\u00edzen\u00ed po\u010d\u00edta\u010de a pot\u0159ebn\u00e9 vybaven\u00ed pro grafick\u00e9 pr\u00e1ce.<\/p>\n<p>Akce Rozsvi\u0165me \u00dast\u00ed spo\u010d\u00edvala v prodeji lampion\u016f, kter\u00e9 se p\u016fvodn\u011b m\u011bly vypou\u0161t\u011bt na v\u00e1no\u010dn\u00edch trz\u00edch na Lidick\u00e9m n\u00e1m\u011bst\u00ed 22. prosince, ale siln\u00fd v\u00edtr to neumo\u017enil, proto bylo vypou\u0161t\u011bn\u00ed p\u0159esunuto na 20. leden. Dal\u0161\u00ed pen\u00edze pos\u00edlali lid\u00e9 na transparentn\u00ed \u00fa\u010det a p\u0159idali se i sponzo\u0159i. Nap\u0159\u00edklad spole\u010dnost Centropol nav\u00fd\u0161ila c\u00edlovou \u010d\u00e1stku o 20 000 korun.<\/p>\n<p>&#8222;N\u00e1klady na n\u00e1kup lampion\u016f, tri\u010dka, kasi\u010dky, tisk vy\u0161ly celkem na 43 642 korun a hradila je \u010dist\u011b Attigente Group a jej\u00ed management&#8220; dodal Pro\u0161ek.<\/p>\n<p>&#8222;Cht\u011bla bych pod\u011bkovat za \u00fa\u017easnou akci, d\u011bkuji v\u0161em zam\u011bstnanc\u016fm firmy, kte\u0159\u00ed se sna\u017eili, aby v\u0161e vy\u0161lo, d\u011bkuji Mat\u011bji Pro\u0161kovi, kter\u00fd byl \u00fa\u017easn\u00fd a v\u0161e organizoval,&#8220; napsala Eli\u0161ka a jej\u00ed rodina na facebooku.<\/p>\n<p>KAREL ROU\u010c<br \/>\n\u00dasteck\u00fd den\u00edk<\/p>\n<p><a href=\"http:\/\/www.ustecky.denik.cz\/\">http:\/\/www.ustecky.denik.cz\/<\/a><\/p>\n","protected":false},"excerpt":{"rendered":"<div class=\"mh-excerpt\"><p>Pomohlo vypou\u0161t\u011bn\u00ed lampion\u016f. Pen\u00edze organiz\u00e1to\u0159i rozd\u011blili mezi t\u0159i nemocn\u00e9 d\u011bti.V\u00fdt\u011b\u017eek z charitativn\u00ed akce Rozsvi\u0165me \u00dast\u00ed, kterou ji\u017e po \u0161est\u00e9 uspo\u0159\u00e1dala spole\u010dnost Attigente Group, \u010din\u00ed celkem <a class=\"mh-excerpt-more\" href=\"https:\/\/www.invarena.cz\/?p=19821\" title=\"Akce Rozsvi\u0165me \u00dast\u00ed pro d\u011bti z\u00edskala 178 tis\u00edc\">[&#8230;]<\/a><\/p>\n<\/div>","protected":false},"author":1,"featured_media":18681,"comment_status":"open","ping_status":"closed","sticky":false,"template":"","format":"standard","meta":{"footnotes":""},"categories":[9],"tags":[],"class_list":["post-19821","post","type-post","status-publish","format-standard","has-post-thumbnail","hentry","category-zpravy"],"_links":{"self":[{"href":"https:\/\/www.invarena.cz\/index.php?rest_route=\/wp\/v2\/posts\/19821","targetHints":{"allow":["GET"]}}],"collection":[{"href":"https:\/\/www.invarena.cz\/index.php?rest_route=\/wp\/v2\/posts"}],"about":[{"href":"https:\/\/www.invarena.cz\/index.php?rest_route=\/wp\/v2\/types\/post"}],"author":[{"embeddable":true,"href":"https:\/\/www.invarena.cz\/index.php?rest_route=\/wp\/v2\/users\/1"}],"replies":[{"embeddable":true,"href":"https:\/\/www.invarena.cz\/index.php?rest_route=%2Fwp%2Fv2%2Fcomments&post=19821"}],"version-history":[{"count":0,"href":"https:\/\/www.invarena.cz\/index.php?rest_route=\/wp\/v2\/posts\/19821\/revisions"}],"wp:featuredmedia":[{"embeddable":true,"href":"https:\/\/www.invarena.cz\/index.php?rest_route=\/wp\/v2\/media\/18681"}],"wp:attachment":[{"href":"https:\/\/www.invarena.cz\/index.php?rest_route=%2Fwp%2Fv2%2Fmedia&parent=19821"}],"wp:term":[{"taxonomy":"category","embeddable":true,"href":"https:\/\/www.invarena.cz\/index.php?rest_route=%2Fwp%2Fv2%2Fcategories&post=19821"},{"taxonomy":"post_tag","embeddable":true,"href":"https:\/\/www.invarena.cz\/index.php?rest_route=%2Fwp%2Fv2%2Ftags&post=19821"}],"curies":[{"name":"wp","href":"https:\/\/api.w.org\/{rel}","templated":true}]}}