{"id":19825,"date":"2015-02-14T08:27:23","date_gmt":"2015-02-14T07:27:23","guid":{"rendered":"http:\/\/www.invarena.cz\/?p=19825"},"modified":"2015-02-14T08:27:23","modified_gmt":"2015-02-14T07:27:23","slug":"v-lucii-zahraje-na-klavir-nevidomy-zpevak-jares","status":"publish","type":"post","link":"https:\/\/www.invarena.cz\/?p=19825","title":{"rendered":"V Lucii zahraje na klav\u00edr nevidom\u00fd zp\u011bv\u00e1k Jare\u0161"},"content":{"rendered":"<p><strong>V Country clubu Lucie na Nov\u00e9m Hradci Kr\u00e1lov\u00e9 na ned\u011bli 22. \u00fanora p\u0159ipravuj\u00ed koncert nevidom\u00e9ho klav\u00edristy a zp\u011bv\u00e1ka Honzy Jare\u0161e. B\u011bhem vystoupen\u00ed se za bic\u00edmi objev\u00ed tak\u00e9 Honza Kazda. <\/strong><!--more--><\/p>\n<p>ilustra\u010dn\u00ed foto: midiman \/ Flickr.com<\/p>\n<p>Hudebn\u00ed produkce Jare\u0161e a Kazdy nese n\u00e1zev The best of American country music a v uveden\u00e9 datum bude v hradeck\u00e9m klubu zah\u00e1jena \u00faderem 17. hodiny.<br \/>\nV programu zazn\u00ed p\u00edsn\u011b zn\u00e1m\u00e9 v pod\u00e1n\u00ed legend sv\u011btov\u00e9 country muziky, jako jsou Johnny Cash, Kris Kristofferson, Bruce Springsteen, Kenny Rogers,\u2026atp. <\/p>\n<p>Honza Jare\u0161 absolvoval popul\u00e1rn\u00ed zp\u011bv na Pra\u017esk\u00e9 konzervato\u0159i jako jedin\u00fd nevidom\u00fd student v historii \u0161koly. Mimo\u0159\u00e1dn\u011b hlasov\u011b disponovan\u00fd zp\u011bv\u00e1k, kter\u00fd je sou\u010dasn\u011b v\u00fdborn\u00fdm klav\u00edristou prop\u016fj\u010duje zn\u00e1m\u00fdm skladb\u00e1m nov\u00fd osobit\u00fd v\u00fdraz a p\u0159in\u00e1\u0161\u00ed poslucha\u010d\u016fm ojedin\u011bl\u00fd z\u00e1\u017eitek.<\/p>\n<p>Jana Jare\u0161ov\u00e1<br \/>\nhttp:\/\/hradecky.denik.cz\/<\/p>\n","protected":false},"excerpt":{"rendered":"<div class=\"mh-excerpt\"><p>V Country clubu Lucie na Nov\u00e9m Hradci Kr\u00e1lov\u00e9 na ned\u011bli 22. \u00fanora p\u0159ipravuj\u00ed koncert nevidom\u00e9ho klav\u00edristy a zp\u011bv\u00e1ka Honzy Jare\u0161e. B\u011bhem vystoupen\u00ed se za bic\u00edmi <a class=\"mh-excerpt-more\" href=\"https:\/\/www.invarena.cz\/?p=19825\" title=\"V Lucii zahraje na klav\u00edr nevidom\u00fd zp\u011bv\u00e1k Jare\u0161\">[&#8230;]<\/a><\/p>\n<\/div>","protected":false},"author":1,"featured_media":19919,"comment_status":"open","ping_status":"closed","sticky":false,"template":"","format":"standard","meta":{"footnotes":""},"categories":[17],"tags":[],"class_list":["post-19825","post","type-post","status-publish","format-standard","has-post-thumbnail","hentry","category-kultura"],"_links":{"self":[{"href":"https:\/\/www.invarena.cz\/index.php?rest_route=\/wp\/v2\/posts\/19825","targetHints":{"allow":["GET"]}}],"collection":[{"href":"https:\/\/www.invarena.cz\/index.php?rest_route=\/wp\/v2\/posts"}],"about":[{"href":"https:\/\/www.invarena.cz\/index.php?rest_route=\/wp\/v2\/types\/post"}],"author":[{"embeddable":true,"href":"https:\/\/www.invarena.cz\/index.php?rest_route=\/wp\/v2\/users\/1"}],"replies":[{"embeddable":true,"href":"https:\/\/www.invarena.cz\/index.php?rest_route=%2Fwp%2Fv2%2Fcomments&post=19825"}],"version-history":[{"count":0,"href":"https:\/\/www.invarena.cz\/index.php?rest_route=\/wp\/v2\/posts\/19825\/revisions"}],"wp:featuredmedia":[{"embeddable":true,"href":"https:\/\/www.invarena.cz\/index.php?rest_route=\/wp\/v2\/media\/19919"}],"wp:attachment":[{"href":"https:\/\/www.invarena.cz\/index.php?rest_route=%2Fwp%2Fv2%2Fmedia&parent=19825"}],"wp:term":[{"taxonomy":"category","embeddable":true,"href":"https:\/\/www.invarena.cz\/index.php?rest_route=%2Fwp%2Fv2%2Fcategories&post=19825"},{"taxonomy":"post_tag","embeddable":true,"href":"https:\/\/www.invarena.cz\/index.php?rest_route=%2Fwp%2Fv2%2Ftags&post=19825"}],"curies":[{"name":"wp","href":"https:\/\/api.w.org\/{rel}","templated":true}]}}