{"id":19832,"date":"2015-02-09T12:40:09","date_gmt":"2015-02-09T11:40:09","guid":{"rendered":"http:\/\/www.invarena.cz\/?p=19832"},"modified":"2015-02-09T12:40:09","modified_gmt":"2015-02-09T11:40:09","slug":"bez-rukou-maluje-jako-picasso","status":"publish","type":"post","link":"https:\/\/www.invarena.cz\/?p=19832","title":{"rendered":"Bez rukou maluje jako Picasso"},"content":{"rendered":"<p><strong>Namaloval n\u011bkolik stovek obraz\u016f, za sebou m\u00e1 des\u00edtky v\u00fdstav v \u010cesku i za hranicemi. Podobn\u00e9 portfolio maj\u00ed asi des\u00edtky um\u011blc\u016f a nebylo by na tom nejsp\u00ed\u0161 nic v\u00fdjime\u010dn\u00e9ho, kdyby ov\u0161em dnes ji\u017e \u0161edes\u00e1tilet\u00fd Petr \u0160r\u00e1mek nemaloval nohama.<\/strong><!--more--><\/p>\n<p>V\u00e1\u017en\u00e9 posti\u017een\u00ed m\u00e1 u\u017e od narozen\u00ed, nem\u016f\u017ee mluvit ani pou\u017e\u00edvat ruce a bez pomoci asistenta se neobejde. I tak se sna\u017e\u00ed \u017e\u00edt naplno a maluje prakticky ka\u017ed\u00fd den. I p\u0159es v\u00e1\u017en\u00e9 posti\u017een\u00ed se \u00fasm\u011bv na tv\u00e1\u0159\u00edch Petra \u0160r\u00e1mka nevytr\u00e1c\u00ed snad ani na chv\u00edli. Kdy\u017e se ale chop\u00ed \u0161t\u011btce, za\u010dne se velmi soust\u0159edit. Pomalu tak vznikaj\u00ed d\u00edla vylad\u011bn\u00e1 do posledn\u00edch detail\u016f.<\/p>\n<p>&#8222;Od 15 let, kdy jsem nastoupil i p\u0159edt\u00edm v rodin\u011b si kr\u00e1til chv\u00edli a to \u0159\u00edk\u00e1m kr\u00e1til chv\u00edli, te\u010f je to t\u00e9m\u011b\u0159 profesion\u00e1ln\u00ed \u010dinnost,&#8220; \u0159\u00edk\u00e1 mal\u00ed\u0159\u016fv patron Ivan Kolamn<\/p>\n<p>Zprvu p\u0159ekresloval obrazy Lady, Trnky \u010di sv\u011btov\u00fdch mal\u00ed\u0159\u016f. Postupn\u011b za\u010dal malovat portr\u00e9ty sv\u00fdch kamar\u00e1d\u016f a pracovn\u00edk\u016f domova a centra Aktivity v Hodkovic\u00edch, kde pan \u0160r\u00e1mek \u017eije. Te\u010f se zamiloval do malov\u00e1n\u00ed obraz\u016f s architektonick\u00fdmi n\u00e1m\u011bty.<\/p>\n<p>&#8222;On dok\u00e1\u017ee na rozd\u00edl od nemal\u00ed\u0159\u016f zvl\u00e1dnout perspektivu a miluje neskute\u010dn\u00fd detaily, &#8220; \u0159\u00edk\u00e1 Ivan Kolamn.<\/p>\n<p>Se svoj\u00ed tvorbou vyrazil i do sv\u011bta. Prvn\u00edm \u00fasp\u011bchem bylo t\u0159et\u00ed m\u00edsto na sout\u011b\u017ei ment\u00e1ln\u011b posti\u017een\u00fdch v Lond\u00fdn\u011b v roce 1988. Dnes u\u017e m\u00e1 za sebou n\u011bkolik des\u00edtek v\u00fdstav.<\/p>\n<p>Jana FIALOV\u00c1 z nakladatelstv\u00ed UM\u00daN o v\u00fdstav\u00e1ch \u0159\u00edk\u00e1: &#8222;O ty vernis\u00e1\u017ee b\u00fdv\u00e1 z\u00e1jem, mysl\u00edm si, \u017ee ty v\u00fdstavy jsou \u00fasp\u011b\u0161n\u00fd. Hlavn\u011b si tam lid\u00e9, kte\u0159\u00ed p\u0159ijdou, maj\u00ed mo\u017enost t\u0159eba zhl\u00e9dnout i film nebo mal\u00ed\u0159e p\u0159i vernis\u00e1\u017ei se pod\u00edvat, jak maluj\u00ed. A tak n\u011bjak teprve a\u017e kdy\u017e todle to vid\u00ed, tak si uv\u011bdom\u00ed, co za t\u00edm obrazem je skryt\u00fd, jak\u00e1 v\u016fle a jak\u00e1 p\u00edle toho \u010dlov\u011bka.&#8220;<\/p>\n<p>Namalov\u00e1n\u00ed jednoho takov\u00e9hoto obrazu zabere i t\u0159i t\u00fddny. Petr je stipendistou Sv\u011btov\u00e9 organizace sdru\u017een\u00ed mal\u00ed\u0159\u016f maluj\u00edc\u00edch \u00fasty i nohama. Jeho obrazy na prodej nejsou, stovky z nich jsou v\u0161ak k vid\u011bn\u00ed na webov\u00fdch str\u00e1nk\u00e1ch. Po zhl\u00e9dnut\u00ed jen n\u011bkolika z nich nezb\u00fdv\u00e1 nic jin\u00e9ho ne\u017e hluboce smeknout.<\/p>\n<p>Tom\u00e1\u0161 JE\u017dEK, redaktor<br \/>\ntelevize Barrandov<\/p>\n","protected":false},"excerpt":{"rendered":"<div class=\"mh-excerpt\"><p>Namaloval n\u011bkolik stovek obraz\u016f, za sebou m\u00e1 des\u00edtky v\u00fdstav v \u010cesku i za hranicemi. Podobn\u00e9 portfolio maj\u00ed asi des\u00edtky um\u011blc\u016f a nebylo by na tom <a class=\"mh-excerpt-more\" href=\"https:\/\/www.invarena.cz\/?p=19832\" title=\"Bez rukou maluje jako Picasso\">[&#8230;]<\/a><\/p>\n<\/div>","protected":false},"author":1,"featured_media":17310,"comment_status":"open","ping_status":"closed","sticky":false,"template":"","format":"standard","meta":{"footnotes":""},"categories":[9],"tags":[],"class_list":["post-19832","post","type-post","status-publish","format-standard","has-post-thumbnail","hentry","category-zpravy"],"_links":{"self":[{"href":"https:\/\/www.invarena.cz\/index.php?rest_route=\/wp\/v2\/posts\/19832","targetHints":{"allow":["GET"]}}],"collection":[{"href":"https:\/\/www.invarena.cz\/index.php?rest_route=\/wp\/v2\/posts"}],"about":[{"href":"https:\/\/www.invarena.cz\/index.php?rest_route=\/wp\/v2\/types\/post"}],"author":[{"embeddable":true,"href":"https:\/\/www.invarena.cz\/index.php?rest_route=\/wp\/v2\/users\/1"}],"replies":[{"embeddable":true,"href":"https:\/\/www.invarena.cz\/index.php?rest_route=%2Fwp%2Fv2%2Fcomments&post=19832"}],"version-history":[{"count":0,"href":"https:\/\/www.invarena.cz\/index.php?rest_route=\/wp\/v2\/posts\/19832\/revisions"}],"wp:featuredmedia":[{"embeddable":true,"href":"https:\/\/www.invarena.cz\/index.php?rest_route=\/wp\/v2\/media\/17310"}],"wp:attachment":[{"href":"https:\/\/www.invarena.cz\/index.php?rest_route=%2Fwp%2Fv2%2Fmedia&parent=19832"}],"wp:term":[{"taxonomy":"category","embeddable":true,"href":"https:\/\/www.invarena.cz\/index.php?rest_route=%2Fwp%2Fv2%2Fcategories&post=19832"},{"taxonomy":"post_tag","embeddable":true,"href":"https:\/\/www.invarena.cz\/index.php?rest_route=%2Fwp%2Fv2%2Ftags&post=19832"}],"curies":[{"name":"wp","href":"https:\/\/api.w.org\/{rel}","templated":true}]}}